{"id":12409,"date":"2025-11-20T12:27:33","date_gmt":"2025-11-20T15:27:33","guid":{"rendered":"https:\/\/www.koncevisiontv.cl\/web\/?p=12409"},"modified":"2025-11-20T12:27:35","modified_gmt":"2025-11-20T15:27:35","slug":"veredicto-condenatorio-en-mulchen-declaran-culpable-a-sujeto-por-robo-con-violacion-a-trabajadora-de-hogar-de-adultos-mayores","status":"publish","type":"post","link":"https:\/\/www.koncevisiontv.cl\/web\/veredicto-condenatorio-en-mulchen-declaran-culpable-a-sujeto-por-robo-con-violacion-a-trabajadora-de-hogar-de-adultos-mayores\/","title":{"rendered":"Veredicto condenatorio en Mulch\u00e9n: Declaran culpable a sujeto por robo con violaci\u00f3n a trabajadora de hogar de adultos mayores"},"content":{"rendered":"\n<p class=\"wp-block-paragraph\">El Tribunal Oral en Lo Penal (TOP) de Los \u00c1ngeles dict\u00f3 un veredicto condenatorio un\u00e1nime contra el sujeto identificado con las iniciales D.L.O.H., acusado de cometer el delito consumado de <strong>robo con violaci\u00f3n<\/strong> al interior de una residencia de adultos mayores en Mulch\u00e9n, Regi\u00f3n del B\u00edo B\u00edo.<\/p>\n\n\n\n<p class=\"wp-block-paragraph\">El crimen ocurri\u00f3 en noviembre de 2023. Seg\u00fan los testimonios y la evidencia presentada, el individuo ingres\u00f3 al recinto de adultos mayores \u201cRehu\u00e9n\u201d por una puerta trasera. En el interior, intercept\u00f3 a una trabajadora a quien le <strong>amarr\u00f3 las extremidades con un cable<\/strong>, sustrajo sus pertenencias, la oblig\u00f3 a ingerir un medicamento y, posteriormente, cometi\u00f3 la agresi\u00f3n sexual.<\/p>\n\n\n\n<p class=\"wp-block-paragraph\">Tras la deliberaci\u00f3n, el TOP de Los \u00c1ngeles encontr\u00f3 al acusado culpable de los graves cargos. La fecha fijada para la lectura de la sentencia, donde se determinar\u00e1 la pena de prisi\u00f3n, est\u00e1 programada para el <strong>s\u00e1bado 29 de noviembre<\/strong>.<\/p>\n","protected":false},"excerpt":{"rendered":"<p>El Tribunal Oral en Lo Penal (TOP) de Los \u00c1ngeles dict\u00f3 un veredicto condenatorio un\u00e1nime contra el sujeto<\/p>\n","protected":false},"author":5,"featured_media":12162,"comment_status":"open","ping_status":"open","sticky":false,"template":"","format":"standard","meta":{"_crdt_document":"","_uag_custom_page_level_css":"","_sitemap_exclude":false,"_sitemap_priority":"","_sitemap_frequency":"","_joinchat":[],"footnotes":""},"categories":[484,482,504,14,168],"tags":[63],"class_list":["post-12409","post","type-post","status-publish","format-standard","has-post-thumbnail","hentry","category-abuso-sexual","category-agresion","category-crimen","category-nacional","category-tribunales-de-justicia","tag-regiondelbiobio"],"featured_image_urls":{"full":["https:\/\/www.koncevisiontv.cl\/web\/wp-content\/uploads\/2025\/11\/el-patron-de-penco-contexto.webp",1200,633,false],"thumbnail":["https:\/\/www.koncevisiontv.cl\/web\/wp-content\/uploads\/2025\/11\/el-patron-de-penco-contexto-150x150.webp",150,150,true],"medium":["https:\/\/www.koncevisiontv.cl\/web\/wp-content\/uploads\/2025\/11\/el-patron-de-penco-contexto-300x158.webp",300,158,true],"medium_large":["https:\/\/www.koncevisiontv.cl\/web\/wp-content\/uploads\/2025\/11\/el-patron-de-penco-contexto-768x405.webp",640,338,true],"large":["https:\/\/www.koncevisiontv.cl\/web\/wp-content\/uploads\/2025\/11\/el-patron-de-penco-contexto-1024x540.webp",640,338,true],"1536x1536":["https:\/\/www.koncevisiontv.cl\/web\/wp-content\/uploads\/2025\/11\/el-patron-de-penco-contexto.webp",1200,633,false],"2048x2048":["https:\/\/www.koncevisiontv.cl\/web\/wp-content\/uploads\/2025\/11\/el-patron-de-penco-contexto.webp",1200,633,false],"darknews-featured":["https:\/\/www.koncevisiontv.cl\/web\/wp-content\/uploads\/2025\/11\/el-patron-de-penco-contexto-1024x540.webp",1024,540,true],"darknews-large":["https:\/\/www.koncevisiontv.cl\/web\/wp-content\/uploads\/2025\/11\/el-patron-de-penco-contexto-825x575.webp",825,575,true],"darknews-medium":["https:\/\/www.koncevisiontv.cl\/web\/wp-content\/uploads\/2025\/11\/el-patron-de-penco-contexto-590x410.webp",590,410,true]},"author_info":{"info":["Web-Master"]},"category_info":"<a href=\"https:\/\/www.koncevisiontv.cl\/web\/category\/abuso-sexual\/\" rel=\"category tag\">Abuso Sexual<\/a> <a href=\"https:\/\/www.koncevisiontv.cl\/web\/category\/agresion\/\" rel=\"category tag\">Agresi\u00f3n<\/a> <a href=\"https:\/\/www.koncevisiontv.cl\/web\/category\/crimen\/\" rel=\"category tag\">Crimen<\/a> <a href=\"https:\/\/www.koncevisiontv.cl\/web\/category\/nacional\/\" rel=\"category tag\">Nacional<\/a> <a href=\"https:\/\/www.koncevisiontv.cl\/web\/category\/tribunales-de-justicia\/\" rel=\"category tag\">Tribunales de Justicia<\/a>","tag_info":"Tribunales de Justicia","comment_count":"0","uagb_featured_image_src":{"full":["https:\/\/www.koncevisiontv.cl\/web\/wp-content\/uploads\/2025\/11\/el-patron-de-penco-contexto.webp",1200,633,false],"thumbnail":["https:\/\/www.koncevisiontv.cl\/web\/wp-content\/uploads\/2025\/11\/el-patron-de-penco-contexto-150x150.webp",150,150,true],"medium":["https:\/\/www.koncevisiontv.cl\/web\/wp-content\/uploads\/2025\/11\/el-patron-de-penco-contexto-300x158.webp",300,158,true],"medium_large":["https:\/\/www.koncevisiontv.cl\/web\/wp-content\/uploads\/2025\/11\/el-patron-de-penco-contexto-768x405.webp",640,338,true],"large":["https:\/\/www.koncevisiontv.cl\/web\/wp-content\/uploads\/2025\/11\/el-patron-de-penco-contexto-1024x540.webp",640,338,true],"1536x1536":["https:\/\/www.koncevisiontv.cl\/web\/wp-content\/uploads\/2025\/11\/el-patron-de-penco-contexto.webp",1200,633,false],"2048x2048":["https:\/\/www.koncevisiontv.cl\/web\/wp-content\/uploads\/2025\/11\/el-patron-de-penco-contexto.webp",1200,633,false],"darknews-featured":["https:\/\/www.koncevisiontv.cl\/web\/wp-content\/uploads\/2025\/11\/el-patron-de-penco-contexto-1024x540.webp",1024,540,true],"darknews-large":["https:\/\/www.koncevisiontv.cl\/web\/wp-content\/uploads\/2025\/11\/el-patron-de-penco-contexto-825x575.webp",825,575,true],"darknews-medium":["https:\/\/www.koncevisiontv.cl\/web\/wp-content\/uploads\/2025\/11\/el-patron-de-penco-contexto-590x410.webp",590,410,true]},"uagb_author_info":{"display_name":"Web-Master","author_link":"https:\/\/www.koncevisiontv.cl\/web\/author\/koncevision\/"},"uagb_comment_info":0,"uagb_excerpt":"El Tribunal Oral en Lo Penal (TOP) de Los \u00c1ngeles dict\u00f3 un veredicto condenatorio un\u00e1nime contra el sujeto","_links":{"self":[{"href":"https:\/\/www.koncevisiontv.cl\/web\/wp-json\/wp\/v2\/posts\/12409","targetHints":{"allow":["GET"]}}],"collection":[{"href":"https:\/\/www.koncevisiontv.cl\/web\/wp-json\/wp\/v2\/posts"}],"about":[{"href":"https:\/\/www.koncevisiontv.cl\/web\/wp-json\/wp\/v2\/types\/post"}],"author":[{"embeddable":true,"href":"https:\/\/www.koncevisiontv.cl\/web\/wp-json\/wp\/v2\/users\/5"}],"replies":[{"embeddable":true,"href":"https:\/\/www.koncevisiontv.cl\/web\/wp-json\/wp\/v2\/comments?post=12409"}],"version-history":[{"count":1,"href":"https:\/\/www.koncevisiontv.cl\/web\/wp-json\/wp\/v2\/posts\/12409\/revisions"}],"predecessor-version":[{"id":12410,"href":"https:\/\/www.koncevisiontv.cl\/web\/wp-json\/wp\/v2\/posts\/12409\/revisions\/12410"}],"wp:featuredmedia":[{"embeddable":true,"href":"https:\/\/www.koncevisiontv.cl\/web\/wp-json\/wp\/v2\/media\/12162"}],"wp:attachment":[{"href":"https:\/\/www.koncevisiontv.cl\/web\/wp-json\/wp\/v2\/media?parent=12409"}],"wp:term":[{"taxonomy":"category","embeddable":true,"href":"https:\/\/www.koncevisiontv.cl\/web\/wp-json\/wp\/v2\/categories?post=12409"},{"taxonomy":"post_tag","embeddable":true,"href":"https:\/\/www.koncevisiontv.cl\/web\/wp-json\/wp\/v2\/tags?post=12409"}],"curies":[{"name":"wp","href":"https:\/\/api.w.org\/{rel}","templated":true}]}}