{"id":12414,"date":"2025-11-20T13:51:08","date_gmt":"2025-11-20T16:51:08","guid":{"rendered":"https:\/\/www.koncevisiontv.cl\/web\/?p=12414"},"modified":"2025-11-20T13:51:10","modified_gmt":"2025-11-20T16:51:10","slug":"diacono-condenado-por-abuso-sexual-infantil-en-lautaro-cumplira-pena-en-libertad-vigilada","status":"publish","type":"post","link":"https:\/\/www.koncevisiontv.cl\/web\/diacono-condenado-por-abuso-sexual-infantil-en-lautaro-cumplira-pena-en-libertad-vigilada\/","title":{"rendered":"Di\u00e1cono condenado por abuso sexual infantil en Lautaro: Cumplir\u00e1 pena en libertad vigilada"},"content":{"rendered":"\n<p class=\"wp-block-paragraph\">El Tribunal de Garant\u00eda de Lautaro, Regi\u00f3n de La Araucan\u00eda, sentenci\u00f3, mediante un procedimiento abreviado, a un di\u00e1cono de una Iglesia Evang\u00e9lica identificado como <strong>Pablo Campos<\/strong>, por el delito de abuso sexual infantil contra una menor de 13 a\u00f1os. Campos, quien era di\u00e1cono de la Iglesia \u201cJehov\u00e1 Sama\u201d, fue encontrado culpable de la autor\u00eda del il\u00edcito.<\/p>\n\n\n\n<p class=\"wp-block-paragraph\">Seg\u00fan los antecedentes presentados por el fiscal de Lautaro, Miguel \u00c1ngel Vel\u00e1squez, los hechos de connotaci\u00f3n sexual se perpetraron entre enero y mayo de 2024. El imputado se habr\u00eda <strong>aprovechado de su calidad de di\u00e1cono<\/strong> de la congregaci\u00f3n religiosa para cometer los abusos, que ocurrieron tanto al interior del templo como en un local comercial de la comuna.<\/p>\n\n\n\n<p class=\"wp-block-paragraph\">El Ministerio P\u00fablico agreg\u00f3 que, en un intento por ocultar el delito, el condenado realiz\u00f3 diversos regalos a la menor, incluyendo chocolates y la compra de un tel\u00e9fono celular que la v\u00edctima manten\u00eda oculto.<\/p>\n\n\n\n<p class=\"wp-block-paragraph\">Como parte de la sentencia, el tribunal impuso al condenado la pena sustitutiva de <strong>libertad vigilada<\/strong>, adem\u00e1s de la <strong>prohibici\u00f3n estricta de mantener contacto con menores de edad<\/strong>.<\/p>\n","protected":false},"excerpt":{"rendered":"<p>El Tribunal de Garant\u00eda de Lautaro, Regi\u00f3n de La Araucan\u00eda, sentenci\u00f3, mediante un procedimiento abreviado, a un di\u00e1cono<\/p>\n","protected":false},"author":5,"featured_media":12415,"comment_status":"open","ping_status":"open","sticky":false,"template":"","format":"standard","meta":{"_crdt_document":"","_uag_custom_page_level_css":"","_sitemap_exclude":false,"_sitemap_priority":"","_sitemap_frequency":"","_joinchat":[],"footnotes":""},"categories":[484,504,474,475,14],"tags":[451],"class_list":["post-12414","post","type-post","status-publish","format-standard","has-post-thumbnail","hentry","category-abuso-sexual","category-crimen","category-explotacion-infantil","category-explotacion-sexual","category-nacional","tag-regiondelaaraucania"],"featured_image_urls":{"full":["https:\/\/www.koncevisiontv.cl\/web\/wp-content\/uploads\/2025\/11\/diacono-iglesia-evangelica.webp",1200,633,false],"thumbnail":["https:\/\/www.koncevisiontv.cl\/web\/wp-content\/uploads\/2025\/11\/diacono-iglesia-evangelica-150x150.webp",150,150,true],"medium":["https:\/\/www.koncevisiontv.cl\/web\/wp-content\/uploads\/2025\/11\/diacono-iglesia-evangelica-300x158.webp",300,158,true],"medium_large":["https:\/\/www.koncevisiontv.cl\/web\/wp-content\/uploads\/2025\/11\/diacono-iglesia-evangelica-768x405.webp",640,338,true],"large":["https:\/\/www.koncevisiontv.cl\/web\/wp-content\/uploads\/2025\/11\/diacono-iglesia-evangelica-1024x540.webp",640,338,true],"1536x1536":["https:\/\/www.koncevisiontv.cl\/web\/wp-content\/uploads\/2025\/11\/diacono-iglesia-evangelica.webp",1200,633,false],"2048x2048":["https:\/\/www.koncevisiontv.cl\/web\/wp-content\/uploads\/2025\/11\/diacono-iglesia-evangelica.webp",1200,633,false],"darknews-featured":["https:\/\/www.koncevisiontv.cl\/web\/wp-content\/uploads\/2025\/11\/diacono-iglesia-evangelica-1024x540.webp",1024,540,true],"darknews-large":["https:\/\/www.koncevisiontv.cl\/web\/wp-content\/uploads\/2025\/11\/diacono-iglesia-evangelica-825x575.webp",825,575,true],"darknews-medium":["https:\/\/www.koncevisiontv.cl\/web\/wp-content\/uploads\/2025\/11\/diacono-iglesia-evangelica-590x410.webp",590,410,true]},"author_info":{"info":["Web-Master"]},"category_info":"<a href=\"https:\/\/www.koncevisiontv.cl\/web\/category\/abuso-sexual\/\" rel=\"category tag\">Abuso Sexual<\/a> <a href=\"https:\/\/www.koncevisiontv.cl\/web\/category\/crimen\/\" rel=\"category tag\">Crimen<\/a> <a href=\"https:\/\/www.koncevisiontv.cl\/web\/category\/explotacion-infantil\/\" rel=\"category tag\">Explotaci\u00f3n Infantil<\/a> <a href=\"https:\/\/www.koncevisiontv.cl\/web\/category\/explotacion-sexual\/\" rel=\"category tag\">Explotaci\u00f3n Sexual<\/a> <a href=\"https:\/\/www.koncevisiontv.cl\/web\/category\/nacional\/\" rel=\"category tag\">Nacional<\/a>","tag_info":"Nacional","comment_count":"0","uagb_featured_image_src":{"full":["https:\/\/www.koncevisiontv.cl\/web\/wp-content\/uploads\/2025\/11\/diacono-iglesia-evangelica.webp",1200,633,false],"thumbnail":["https:\/\/www.koncevisiontv.cl\/web\/wp-content\/uploads\/2025\/11\/diacono-iglesia-evangelica-150x150.webp",150,150,true],"medium":["https:\/\/www.koncevisiontv.cl\/web\/wp-content\/uploads\/2025\/11\/diacono-iglesia-evangelica-300x158.webp",300,158,true],"medium_large":["https:\/\/www.koncevisiontv.cl\/web\/wp-content\/uploads\/2025\/11\/diacono-iglesia-evangelica-768x405.webp",640,338,true],"large":["https:\/\/www.koncevisiontv.cl\/web\/wp-content\/uploads\/2025\/11\/diacono-iglesia-evangelica-1024x540.webp",640,338,true],"1536x1536":["https:\/\/www.koncevisiontv.cl\/web\/wp-content\/uploads\/2025\/11\/diacono-iglesia-evangelica.webp",1200,633,false],"2048x2048":["https:\/\/www.koncevisiontv.cl\/web\/wp-content\/uploads\/2025\/11\/diacono-iglesia-evangelica.webp",1200,633,false],"darknews-featured":["https:\/\/www.koncevisiontv.cl\/web\/wp-content\/uploads\/2025\/11\/diacono-iglesia-evangelica-1024x540.webp",1024,540,true],"darknews-large":["https:\/\/www.koncevisiontv.cl\/web\/wp-content\/uploads\/2025\/11\/diacono-iglesia-evangelica-825x575.webp",825,575,true],"darknews-medium":["https:\/\/www.koncevisiontv.cl\/web\/wp-content\/uploads\/2025\/11\/diacono-iglesia-evangelica-590x410.webp",590,410,true]},"uagb_author_info":{"display_name":"Web-Master","author_link":"https:\/\/www.koncevisiontv.cl\/web\/author\/koncevision\/"},"uagb_comment_info":0,"uagb_excerpt":"El Tribunal de Garant\u00eda de Lautaro, Regi\u00f3n de La Araucan\u00eda, sentenci\u00f3, mediante un procedimiento abreviado, a un di\u00e1cono","_links":{"self":[{"href":"https:\/\/www.koncevisiontv.cl\/web\/wp-json\/wp\/v2\/posts\/12414","targetHints":{"allow":["GET"]}}],"collection":[{"href":"https:\/\/www.koncevisiontv.cl\/web\/wp-json\/wp\/v2\/posts"}],"about":[{"href":"https:\/\/www.koncevisiontv.cl\/web\/wp-json\/wp\/v2\/types\/post"}],"author":[{"embeddable":true,"href":"https:\/\/www.koncevisiontv.cl\/web\/wp-json\/wp\/v2\/users\/5"}],"replies":[{"embeddable":true,"href":"https:\/\/www.koncevisiontv.cl\/web\/wp-json\/wp\/v2\/comments?post=12414"}],"version-history":[{"count":1,"href":"https:\/\/www.koncevisiontv.cl\/web\/wp-json\/wp\/v2\/posts\/12414\/revisions"}],"predecessor-version":[{"id":12416,"href":"https:\/\/www.koncevisiontv.cl\/web\/wp-json\/wp\/v2\/posts\/12414\/revisions\/12416"}],"wp:featuredmedia":[{"embeddable":true,"href":"https:\/\/www.koncevisiontv.cl\/web\/wp-json\/wp\/v2\/media\/12415"}],"wp:attachment":[{"href":"https:\/\/www.koncevisiontv.cl\/web\/wp-json\/wp\/v2\/media?parent=12414"}],"wp:term":[{"taxonomy":"category","embeddable":true,"href":"https:\/\/www.koncevisiontv.cl\/web\/wp-json\/wp\/v2\/categories?post=12414"},{"taxonomy":"post_tag","embeddable":true,"href":"https:\/\/www.koncevisiontv.cl\/web\/wp-json\/wp\/v2\/tags?post=12414"}],"curies":[{"name":"wp","href":"https:\/\/api.w.org\/{rel}","templated":true}]}}