{"id":12417,"date":"2025-11-20T14:50:35","date_gmt":"2025-11-20T17:50:35","guid":{"rendered":"https:\/\/www.koncevisiontv.cl\/web\/?p=12417"},"modified":"2025-11-20T14:50:38","modified_gmt":"2025-11-20T17:50:38","slug":"tragedia-en-torres-del-paine-fiscalia-interrogara-a-director-nacional-de-conaf-por-posible-incumplimiento-de-deberes","status":"publish","type":"post","link":"https:\/\/www.koncevisiontv.cl\/web\/tragedia-en-torres-del-paine-fiscalia-interrogara-a-director-nacional-de-conaf-por-posible-incumplimiento-de-deberes\/","title":{"rendered":"Tragedia en Torres del Paine: Fiscal\u00eda interrogar\u00e1 a Director Nacional de CONAF por posible &#8220;incumplimiento de deberes&#8221;"},"content":{"rendered":"\n<p class=\"wp-block-paragraph\">La Fiscal\u00eda Regional de Magallanes ha intensificado la investigaci\u00f3n por la tragedia ocurrida en el Parque Nacional Torres del Paine, que result\u00f3 en la muerte de <strong>cinco turistas extranjeros<\/strong> por hipotermia y dej\u00f3 27 personas con lesiones leves. La Fiscal\u00eda confirm\u00f3 que citar\u00e1 a declarar al <strong>director nacional de CONAF, Rodrigo Illaseca<\/strong>, ante las interrogantes surgidas sobre la falta de personal.<\/p>\n\n\n\n<p class=\"wp-block-paragraph\">La investigaci\u00f3n, que comenz\u00f3 como presunta desgracia y fue recategorizada a hallazgo de cad\u00e1ver, podr\u00eda evolucionar hacia la b\u00fasqueda de <strong>responsabilidades institucionales<\/strong>. El fiscal regional, Cristian Crisosto, declar\u00f3 que <strong>&#8220;no se descarta ninguna hip\u00f3tesis, incluido un incumplimiento de deberes&#8221;<\/strong>.<\/p>\n\n\n\n<p class=\"wp-block-paragraph\"><strong><em>Interrogantes sobre la Ausencia de Guardaparques:<\/em><\/strong><\/p>\n\n\n\n<p class=\"wp-block-paragraph\">La controversia se origin\u00f3 luego de que el director regional de CONAF en Magallanes, Mauricio Ruiz, reconociera que &#8220;el d\u00eda 16 en la noche, para el 17, <strong>efectivamente no cont\u00e1bamos con personal ese d\u00eda all\u00e1<\/strong>&#8220;, espec\u00edficamente en el campamento Los Perros, punto de partida de la ruta donde las v\u00edctimas fueron sorprendidas por una tormenta de nieve.<\/p>\n\n\n\n<p class=\"wp-block-paragraph\">La Brigada de Homicidios de la PDI est\u00e1 a cargo de tomar declaraciones a sobrevivientes, funcionarios de CONAF y de la concesionaria V\u00e9rtice para <strong>&#8220;reconstruir la secuencia de los hechos&#8221;<\/strong>. Por su parte, el director nacional de CONAF instruy\u00f3 una investigaci\u00f3n administrativa interna para esclarecer responsabilidades y revisar los protocolos.<\/p>\n\n\n\n<p class=\"wp-block-paragraph\">El ministro del Interior, \u00c1lvaro Elizalde, se refiri\u00f3 al tema, insistiendo en que todos los detalles ser\u00e1n parte de las investigaciones de la Fiscal\u00eda y de CONAF. Las v\u00edctimas fatales fueron identificadas como: Cristina Calvillo Tovar y Juli\u00e1n Garc\u00eda Pimentel (M\u00e9xico); Victoria Bond (Reino Unido); y Nadine Lichey y Andreas Von Pein (Alemania).<\/p>\n","protected":false},"excerpt":{"rendered":"<p>La Fiscal\u00eda Regional de Magallanes ha intensificado la investigaci\u00f3n por la tragedia ocurrida en el Parque Nacional Torres<\/p>\n","protected":false},"author":5,"featured_media":12418,"comment_status":"open","ping_status":"open","sticky":false,"template":"","format":"standard","meta":{"_crdt_document":"","_uag_custom_page_level_css":"","_sitemap_exclude":false,"_sitemap_priority":"","_sitemap_frequency":"","_joinchat":[],"footnotes":""},"categories":[465,161,503,14,218],"tags":[520],"class_list":["post-12417","post","type-post","status-publish","format-standard","has-post-thumbnail","hentry","category-desastre-natural","category-internacional","category-investigacion","category-nacional","category-tragedia","tag-region-de-magallanes"],"featured_image_urls":{"full":["https:\/\/www.koncevisiontv.cl\/web\/wp-content\/uploads\/2025\/11\/torres-del-paine-fiscalia-interrogara-a-director-de-conaf-en-medio-de-dudas-por-ausencia-de-personal.webp",1200,633,false],"thumbnail":["https:\/\/www.koncevisiontv.cl\/web\/wp-content\/uploads\/2025\/11\/torres-del-paine-fiscalia-interrogara-a-director-de-conaf-en-medio-de-dudas-por-ausencia-de-personal-150x150.webp",150,150,true],"medium":["https:\/\/www.koncevisiontv.cl\/web\/wp-content\/uploads\/2025\/11\/torres-del-paine-fiscalia-interrogara-a-director-de-conaf-en-medio-de-dudas-por-ausencia-de-personal-300x158.webp",300,158,true],"medium_large":["https:\/\/www.koncevisiontv.cl\/web\/wp-content\/uploads\/2025\/11\/torres-del-paine-fiscalia-interrogara-a-director-de-conaf-en-medio-de-dudas-por-ausencia-de-personal-768x405.webp",640,338,true],"large":["https:\/\/www.koncevisiontv.cl\/web\/wp-content\/uploads\/2025\/11\/torres-del-paine-fiscalia-interrogara-a-director-de-conaf-en-medio-de-dudas-por-ausencia-de-personal-1024x540.webp",640,338,true],"1536x1536":["https:\/\/www.koncevisiontv.cl\/web\/wp-content\/uploads\/2025\/11\/torres-del-paine-fiscalia-interrogara-a-director-de-conaf-en-medio-de-dudas-por-ausencia-de-personal.webp",1200,633,false],"2048x2048":["https:\/\/www.koncevisiontv.cl\/web\/wp-content\/uploads\/2025\/11\/torres-del-paine-fiscalia-interrogara-a-director-de-conaf-en-medio-de-dudas-por-ausencia-de-personal.webp",1200,633,false],"darknews-featured":["https:\/\/www.koncevisiontv.cl\/web\/wp-content\/uploads\/2025\/11\/torres-del-paine-fiscalia-interrogara-a-director-de-conaf-en-medio-de-dudas-por-ausencia-de-personal-1024x540.webp",1024,540,true],"darknews-large":["https:\/\/www.koncevisiontv.cl\/web\/wp-content\/uploads\/2025\/11\/torres-del-paine-fiscalia-interrogara-a-director-de-conaf-en-medio-de-dudas-por-ausencia-de-personal-825x575.webp",825,575,true],"darknews-medium":["https:\/\/www.koncevisiontv.cl\/web\/wp-content\/uploads\/2025\/11\/torres-del-paine-fiscalia-interrogara-a-director-de-conaf-en-medio-de-dudas-por-ausencia-de-personal-590x410.webp",590,410,true]},"author_info":{"info":["Web-Master"]},"category_info":"<a href=\"https:\/\/www.koncevisiontv.cl\/web\/category\/desastre-natural\/\" rel=\"category tag\">Desastre Natural<\/a> <a href=\"https:\/\/www.koncevisiontv.cl\/web\/category\/internacional\/\" rel=\"category tag\">Internacional<\/a> <a href=\"https:\/\/www.koncevisiontv.cl\/web\/category\/investigacion\/\" rel=\"category tag\">Investigaci\u00f3n<\/a> <a href=\"https:\/\/www.koncevisiontv.cl\/web\/category\/nacional\/\" rel=\"category tag\">Nacional<\/a> <a href=\"https:\/\/www.koncevisiontv.cl\/web\/category\/tragedia\/\" rel=\"category tag\">Tragedia<\/a>","tag_info":"Tragedia","comment_count":"0","uagb_featured_image_src":{"full":["https:\/\/www.koncevisiontv.cl\/web\/wp-content\/uploads\/2025\/11\/torres-del-paine-fiscalia-interrogara-a-director-de-conaf-en-medio-de-dudas-por-ausencia-de-personal.webp",1200,633,false],"thumbnail":["https:\/\/www.koncevisiontv.cl\/web\/wp-content\/uploads\/2025\/11\/torres-del-paine-fiscalia-interrogara-a-director-de-conaf-en-medio-de-dudas-por-ausencia-de-personal-150x150.webp",150,150,true],"medium":["https:\/\/www.koncevisiontv.cl\/web\/wp-content\/uploads\/2025\/11\/torres-del-paine-fiscalia-interrogara-a-director-de-conaf-en-medio-de-dudas-por-ausencia-de-personal-300x158.webp",300,158,true],"medium_large":["https:\/\/www.koncevisiontv.cl\/web\/wp-content\/uploads\/2025\/11\/torres-del-paine-fiscalia-interrogara-a-director-de-conaf-en-medio-de-dudas-por-ausencia-de-personal-768x405.webp",640,338,true],"large":["https:\/\/www.koncevisiontv.cl\/web\/wp-content\/uploads\/2025\/11\/torres-del-paine-fiscalia-interrogara-a-director-de-conaf-en-medio-de-dudas-por-ausencia-de-personal-1024x540.webp",640,338,true],"1536x1536":["https:\/\/www.koncevisiontv.cl\/web\/wp-content\/uploads\/2025\/11\/torres-del-paine-fiscalia-interrogara-a-director-de-conaf-en-medio-de-dudas-por-ausencia-de-personal.webp",1200,633,false],"2048x2048":["https:\/\/www.koncevisiontv.cl\/web\/wp-content\/uploads\/2025\/11\/torres-del-paine-fiscalia-interrogara-a-director-de-conaf-en-medio-de-dudas-por-ausencia-de-personal.webp",1200,633,false],"darknews-featured":["https:\/\/www.koncevisiontv.cl\/web\/wp-content\/uploads\/2025\/11\/torres-del-paine-fiscalia-interrogara-a-director-de-conaf-en-medio-de-dudas-por-ausencia-de-personal-1024x540.webp",1024,540,true],"darknews-large":["https:\/\/www.koncevisiontv.cl\/web\/wp-content\/uploads\/2025\/11\/torres-del-paine-fiscalia-interrogara-a-director-de-conaf-en-medio-de-dudas-por-ausencia-de-personal-825x575.webp",825,575,true],"darknews-medium":["https:\/\/www.koncevisiontv.cl\/web\/wp-content\/uploads\/2025\/11\/torres-del-paine-fiscalia-interrogara-a-director-de-conaf-en-medio-de-dudas-por-ausencia-de-personal-590x410.webp",590,410,true]},"uagb_author_info":{"display_name":"Web-Master","author_link":"https:\/\/www.koncevisiontv.cl\/web\/author\/koncevision\/"},"uagb_comment_info":0,"uagb_excerpt":"La Fiscal\u00eda Regional de Magallanes ha intensificado la investigaci\u00f3n por la tragedia ocurrida en el Parque Nacional Torres","_links":{"self":[{"href":"https:\/\/www.koncevisiontv.cl\/web\/wp-json\/wp\/v2\/posts\/12417","targetHints":{"allow":["GET"]}}],"collection":[{"href":"https:\/\/www.koncevisiontv.cl\/web\/wp-json\/wp\/v2\/posts"}],"about":[{"href":"https:\/\/www.koncevisiontv.cl\/web\/wp-json\/wp\/v2\/types\/post"}],"author":[{"embeddable":true,"href":"https:\/\/www.koncevisiontv.cl\/web\/wp-json\/wp\/v2\/users\/5"}],"replies":[{"embeddable":true,"href":"https:\/\/www.koncevisiontv.cl\/web\/wp-json\/wp\/v2\/comments?post=12417"}],"version-history":[{"count":1,"href":"https:\/\/www.koncevisiontv.cl\/web\/wp-json\/wp\/v2\/posts\/12417\/revisions"}],"predecessor-version":[{"id":12419,"href":"https:\/\/www.koncevisiontv.cl\/web\/wp-json\/wp\/v2\/posts\/12417\/revisions\/12419"}],"wp:featuredmedia":[{"embeddable":true,"href":"https:\/\/www.koncevisiontv.cl\/web\/wp-json\/wp\/v2\/media\/12418"}],"wp:attachment":[{"href":"https:\/\/www.koncevisiontv.cl\/web\/wp-json\/wp\/v2\/media?parent=12417"}],"wp:term":[{"taxonomy":"category","embeddable":true,"href":"https:\/\/www.koncevisiontv.cl\/web\/wp-json\/wp\/v2\/categories?post=12417"},{"taxonomy":"post_tag","embeddable":true,"href":"https:\/\/www.koncevisiontv.cl\/web\/wp-json\/wp\/v2\/tags?post=12417"}],"curies":[{"name":"wp","href":"https:\/\/api.w.org\/{rel}","templated":true}]}}