{"id":12420,"date":"2025-11-20T16:02:58","date_gmt":"2025-11-20T19:02:58","guid":{"rendered":"https:\/\/www.koncevisiontv.cl\/web\/?p=12420"},"modified":"2025-11-20T16:03:00","modified_gmt":"2025-11-20T19:03:00","slug":"presidente-petro-responde-a-la-polemica-del-burdel-en-portugal-confirma-el-gasto-y-acusa-arbitrariedad-de-ee-uu","status":"publish","type":"post","link":"https:\/\/www.koncevisiontv.cl\/web\/presidente-petro-responde-a-la-polemica-del-burdel-en-portugal-confirma-el-gasto-y-acusa-arbitrariedad-de-ee-uu\/","title":{"rendered":"Presidente Petro responde a la pol\u00e9mica del burdel en Portugal: Confirma el gasto y acusa &#8220;arbitrariedad&#8221; de EE. UU."},"content":{"rendered":"\n<p class=\"wp-block-paragraph\">El presidente de Colombia, Gustavo Petro, sali\u00f3 al paso de las revelaciones de un informe de gastos personales que mostr\u00f3 un pago realizado en un club de striptease en Lisboa, Portugal. El mandatario reconoci\u00f3 la transacci\u00f3n y prometi\u00f3, sin dar detalles por ahora, que <strong>&#8220;alg\u00fan d\u00eda contar\u00e9 por qu\u00e9 me gast\u00e9 40 euros en ese sitio&#8221;<\/strong>.<\/p>\n\n\n\n<p class=\"wp-block-paragraph\">Petro orden\u00f3 la publicaci\u00f3n de sus movimientos financieros para rebatir su inclusi\u00f3n en la llamada &#8220;Lista Clinton&#8221; por la administraci\u00f3n de Donald Trump, que lo vincul\u00f3 a \u00e9l y a su familia con supuestas actividades ilegales. El presidente us\u00f3 la pol\u00e9mica para reafirmar su inocencia: <strong>&#8220;\u00bfMis cuentas bancarias durante a\u00f1os demuestran que soy el jefe del narcotr\u00e1fico en el pa\u00eds, o he sido calumniado?\u201d<\/strong>, cuestion\u00f3.<\/p>\n\n\n\n<p class=\"wp-block-paragraph\">El informe, que tambi\u00e9n revel\u00f3 compras en tiendas de lujo como Gucci y Prada, exhibi\u00f3 el gasto de <strong>40 euros<\/strong> en el M\u00e9nage Strip Club en mayo de 2023.<\/p>\n\n\n\n<p class=\"wp-block-paragraph\">En un mensaje posterior en X, Petro intent\u00f3 desvincularse del acto, afirmando: <strong>\u201cNo necesito comprar sexo, no me gusta. Tengo a\u00fan cierta capacidad de seducci\u00f3n que me permite no acudir a esas pr\u00e1cticas de hombres tristes\u201d<\/strong>.<\/p>\n\n\n\n<p class=\"wp-block-paragraph\">La controversia del burdel se suma a una pol\u00e9mica reciente sobre la supuesta vida de lujo de la primera dama, Ver\u00f3nica Alcocer, a quien Trump tambi\u00e9n incluy\u00f3 en la &#8220;Lista Clinton&#8221;. Petro defendi\u00f3 a Alcocer y, de paso, revel\u00f3 que ambos se separaron &#8220;hace a\u00f1os&#8221;, reavivando el debate sobre sus roles.<\/p>\n","protected":false},"excerpt":{"rendered":"<p>El presidente de Colombia, Gustavo Petro, sali\u00f3 al paso de las revelaciones de un informe de gastos personales<\/p>\n","protected":false},"author":5,"featured_media":12421,"comment_status":"open","ping_status":"open","sticky":false,"template":"","format":"standard","meta":{"_crdt_document":"","_uag_custom_page_level_css":"","_sitemap_exclude":false,"_sitemap_priority":"","_sitemap_frequency":"","_joinchat":[],"footnotes":""},"categories":[207,161,427],"tags":[454],"class_list":["post-12420","post","type-post","status-publish","format-standard","has-post-thumbnail","hentry","category-economia","category-internacional","category-politica-2","tag-internacional"],"featured_image_urls":{"full":["https:\/\/www.koncevisiontv.cl\/web\/wp-content\/uploads\/2025\/11\/petro-responde-gastos.webp",1200,633,false],"thumbnail":["https:\/\/www.koncevisiontv.cl\/web\/wp-content\/uploads\/2025\/11\/petro-responde-gastos-150x150.webp",150,150,true],"medium":["https:\/\/www.koncevisiontv.cl\/web\/wp-content\/uploads\/2025\/11\/petro-responde-gastos-300x158.webp",300,158,true],"medium_large":["https:\/\/www.koncevisiontv.cl\/web\/wp-content\/uploads\/2025\/11\/petro-responde-gastos-768x405.webp",640,338,true],"large":["https:\/\/www.koncevisiontv.cl\/web\/wp-content\/uploads\/2025\/11\/petro-responde-gastos-1024x540.webp",640,338,true],"1536x1536":["https:\/\/www.koncevisiontv.cl\/web\/wp-content\/uploads\/2025\/11\/petro-responde-gastos.webp",1200,633,false],"2048x2048":["https:\/\/www.koncevisiontv.cl\/web\/wp-content\/uploads\/2025\/11\/petro-responde-gastos.webp",1200,633,false],"darknews-featured":["https:\/\/www.koncevisiontv.cl\/web\/wp-content\/uploads\/2025\/11\/petro-responde-gastos-1024x540.webp",1024,540,true],"darknews-large":["https:\/\/www.koncevisiontv.cl\/web\/wp-content\/uploads\/2025\/11\/petro-responde-gastos-825x575.webp",825,575,true],"darknews-medium":["https:\/\/www.koncevisiontv.cl\/web\/wp-content\/uploads\/2025\/11\/petro-responde-gastos-590x410.webp",590,410,true]},"author_info":{"info":["Web-Master"]},"category_info":"<a href=\"https:\/\/www.koncevisiontv.cl\/web\/category\/economia\/\" rel=\"category tag\">Econom\u00eda<\/a> <a href=\"https:\/\/www.koncevisiontv.cl\/web\/category\/internacional\/\" rel=\"category tag\">Internacional<\/a> <a href=\"https:\/\/www.koncevisiontv.cl\/web\/category\/politica-2\/\" rel=\"category tag\">Pol\u00edtica<\/a>","tag_info":"Pol\u00edtica","comment_count":"0","uagb_featured_image_src":{"full":["https:\/\/www.koncevisiontv.cl\/web\/wp-content\/uploads\/2025\/11\/petro-responde-gastos.webp",1200,633,false],"thumbnail":["https:\/\/www.koncevisiontv.cl\/web\/wp-content\/uploads\/2025\/11\/petro-responde-gastos-150x150.webp",150,150,true],"medium":["https:\/\/www.koncevisiontv.cl\/web\/wp-content\/uploads\/2025\/11\/petro-responde-gastos-300x158.webp",300,158,true],"medium_large":["https:\/\/www.koncevisiontv.cl\/web\/wp-content\/uploads\/2025\/11\/petro-responde-gastos-768x405.webp",640,338,true],"large":["https:\/\/www.koncevisiontv.cl\/web\/wp-content\/uploads\/2025\/11\/petro-responde-gastos-1024x540.webp",640,338,true],"1536x1536":["https:\/\/www.koncevisiontv.cl\/web\/wp-content\/uploads\/2025\/11\/petro-responde-gastos.webp",1200,633,false],"2048x2048":["https:\/\/www.koncevisiontv.cl\/web\/wp-content\/uploads\/2025\/11\/petro-responde-gastos.webp",1200,633,false],"darknews-featured":["https:\/\/www.koncevisiontv.cl\/web\/wp-content\/uploads\/2025\/11\/petro-responde-gastos-1024x540.webp",1024,540,true],"darknews-large":["https:\/\/www.koncevisiontv.cl\/web\/wp-content\/uploads\/2025\/11\/petro-responde-gastos-825x575.webp",825,575,true],"darknews-medium":["https:\/\/www.koncevisiontv.cl\/web\/wp-content\/uploads\/2025\/11\/petro-responde-gastos-590x410.webp",590,410,true]},"uagb_author_info":{"display_name":"Web-Master","author_link":"https:\/\/www.koncevisiontv.cl\/web\/author\/koncevision\/"},"uagb_comment_info":0,"uagb_excerpt":"El presidente de Colombia, Gustavo Petro, sali\u00f3 al paso de las revelaciones de un informe de gastos personales","_links":{"self":[{"href":"https:\/\/www.koncevisiontv.cl\/web\/wp-json\/wp\/v2\/posts\/12420","targetHints":{"allow":["GET"]}}],"collection":[{"href":"https:\/\/www.koncevisiontv.cl\/web\/wp-json\/wp\/v2\/posts"}],"about":[{"href":"https:\/\/www.koncevisiontv.cl\/web\/wp-json\/wp\/v2\/types\/post"}],"author":[{"embeddable":true,"href":"https:\/\/www.koncevisiontv.cl\/web\/wp-json\/wp\/v2\/users\/5"}],"replies":[{"embeddable":true,"href":"https:\/\/www.koncevisiontv.cl\/web\/wp-json\/wp\/v2\/comments?post=12420"}],"version-history":[{"count":1,"href":"https:\/\/www.koncevisiontv.cl\/web\/wp-json\/wp\/v2\/posts\/12420\/revisions"}],"predecessor-version":[{"id":12422,"href":"https:\/\/www.koncevisiontv.cl\/web\/wp-json\/wp\/v2\/posts\/12420\/revisions\/12422"}],"wp:featuredmedia":[{"embeddable":true,"href":"https:\/\/www.koncevisiontv.cl\/web\/wp-json\/wp\/v2\/media\/12421"}],"wp:attachment":[{"href":"https:\/\/www.koncevisiontv.cl\/web\/wp-json\/wp\/v2\/media?parent=12420"}],"wp:term":[{"taxonomy":"category","embeddable":true,"href":"https:\/\/www.koncevisiontv.cl\/web\/wp-json\/wp\/v2\/categories?post=12420"},{"taxonomy":"post_tag","embeddable":true,"href":"https:\/\/www.koncevisiontv.cl\/web\/wp-json\/wp\/v2\/tags?post=12420"}],"curies":[{"name":"wp","href":"https:\/\/api.w.org\/{rel}","templated":true}]}}