{"id":12438,"date":"2025-11-26T10:45:11","date_gmt":"2025-11-26T13:45:11","guid":{"rendered":"https:\/\/www.koncevisiontv.cl\/web\/?p=12438"},"modified":"2025-11-26T10:45:17","modified_gmt":"2025-11-26T13:45:17","slug":"definido-el-orden-de-la-franja-presidencial-jose-antonio-kast-abrira-y-jeannette-jara-en-segundo-lugar","status":"publish","type":"post","link":"https:\/\/www.koncevisiontv.cl\/web\/definido-el-orden-de-la-franja-presidencial-jose-antonio-kast-abrira-y-jeannette-jara-en-segundo-lugar\/","title":{"rendered":"Definido el orden de la Franja Presidencial: Jos\u00e9 Antonio Kast abrir\u00e1 y Jeannette Jara en segundo lugar"},"content":{"rendered":"\n<p class=\"wp-block-paragraph\">El Consejo Nacional de Televisi\u00f3n (CNTV) llev\u00f3 a cabo esta ma\u00f1ana el sorteo p\u00fablico que determin\u00f3 la secuencia de aparici\u00f3n de los candidatos presidenciales en la franja electoral televisiva, clave para la recta final del balotaje del 14 de diciembre.<\/p>\n\n\n\n<p class=\"wp-block-paragraph\">Tras el procedimiento, se confirm\u00f3 que <strong>Jos\u00e9 Antonio Kast<\/strong> ser\u00e1 el candidato que inaugurar\u00e1 la franja, mientras que <strong>Jeannette Jara<\/strong> se presentar\u00e1 inmediatamente despu\u00e9s, ocupando el segundo y \u00faltimo lugar en el bloque diario.<\/p>\n\n\n\n<p class=\"wp-block-paragraph\"><strong><em>Detalles de la Emisi\u00f3n:<\/em><\/strong><\/p>\n\n\n\n<p class=\"wp-block-paragraph\">La franja electoral, considerada una pieza central de la estrategia comunicacional, se emitir\u00e1 en un \u00fanico bloque de <strong>10 minutos diarios<\/strong>.<\/p>\n\n\n\n<p class=\"wp-block-paragraph\"><strong>Periodo de Emisi\u00f3n:<\/strong> Desde el 30 de noviembre hasta el 11 de diciembre de 2025 (ambos d\u00edas inclusive).<\/p>\n\n\n\n<p class=\"wp-block-paragraph\"><strong>Horario Fijo:<\/strong> La propaganda audiovisual deber\u00e1 ser transmitida por todos los canales de televisi\u00f3n de libre recepci\u00f3n a partir de las <strong>20:50 horas<\/strong>.<\/p>\n\n\n\n<p class=\"wp-block-paragraph\">El sorteo es un paso formal para asegurar la igualdad de condiciones en la difusi\u00f3n de los mensajes de los comandos durante los \u00faltimos d\u00edas de la contienda electoral.<\/p>\n","protected":false},"excerpt":{"rendered":"<p>El Consejo Nacional de Televisi\u00f3n (CNTV) llev\u00f3 a cabo esta ma\u00f1ana el sorteo p\u00fablico que determin\u00f3 la secuencia<\/p>\n","protected":false},"author":5,"featured_media":12440,"comment_status":"open","ping_status":"open","sticky":false,"template":"","format":"standard","meta":{"_crdt_document":"","_uag_custom_page_level_css":"","_sitemap_exclude":false,"_sitemap_priority":"","_sitemap_frequency":"","_joinchat":[],"footnotes":""},"categories":[447,14,427,440],"tags":[152],"class_list":["post-12438","post","type-post","status-publish","format-standard","has-post-thumbnail","hentry","category-elecciones2025","category-nacional","category-politica-2","category-presidenciales-2025","tag-chile"],"featured_image_urls":{"full":["https:\/\/www.koncevisiontv.cl\/web\/wp-content\/uploads\/2025\/11\/banner-horizontal2-1-2025-11-23T195556.527.png",1107,594,false],"thumbnail":["https:\/\/www.koncevisiontv.cl\/web\/wp-content\/uploads\/2025\/11\/banner-horizontal2-1-2025-11-23T195556.527-150x150.png",150,150,true],"medium":["https:\/\/www.koncevisiontv.cl\/web\/wp-content\/uploads\/2025\/11\/banner-horizontal2-1-2025-11-23T195556.527-300x161.png",300,161,true],"medium_large":["https:\/\/www.koncevisiontv.cl\/web\/wp-content\/uploads\/2025\/11\/banner-horizontal2-1-2025-11-23T195556.527-768x412.png",640,343,true],"large":["https:\/\/www.koncevisiontv.cl\/web\/wp-content\/uploads\/2025\/11\/banner-horizontal2-1-2025-11-23T195556.527-1024x549.png",640,343,true],"1536x1536":["https:\/\/www.koncevisiontv.cl\/web\/wp-content\/uploads\/2025\/11\/banner-horizontal2-1-2025-11-23T195556.527.png",1107,594,false],"2048x2048":["https:\/\/www.koncevisiontv.cl\/web\/wp-content\/uploads\/2025\/11\/banner-horizontal2-1-2025-11-23T195556.527.png",1107,594,false],"darknews-featured":["https:\/\/www.koncevisiontv.cl\/web\/wp-content\/uploads\/2025\/11\/banner-horizontal2-1-2025-11-23T195556.527-1024x549.png",1024,549,true],"darknews-large":["https:\/\/www.koncevisiontv.cl\/web\/wp-content\/uploads\/2025\/11\/banner-horizontal2-1-2025-11-23T195556.527-825x575.png",825,575,true],"darknews-medium":["https:\/\/www.koncevisiontv.cl\/web\/wp-content\/uploads\/2025\/11\/banner-horizontal2-1-2025-11-23T195556.527-590x410.png",590,410,true]},"author_info":{"info":["Web-Master"]},"category_info":"<a href=\"https:\/\/www.koncevisiontv.cl\/web\/category\/elecciones2025\/\" rel=\"category tag\">Elecciones2025<\/a> <a href=\"https:\/\/www.koncevisiontv.cl\/web\/category\/nacional\/\" rel=\"category tag\">Nacional<\/a> <a href=\"https:\/\/www.koncevisiontv.cl\/web\/category\/politica-2\/\" rel=\"category tag\">Pol\u00edtica<\/a> <a href=\"https:\/\/www.koncevisiontv.cl\/web\/category\/presidenciales-2025\/\" rel=\"category tag\">Presidenciales 2025<\/a>","tag_info":"Presidenciales 2025","comment_count":"0","uagb_featured_image_src":{"full":["https:\/\/www.koncevisiontv.cl\/web\/wp-content\/uploads\/2025\/11\/banner-horizontal2-1-2025-11-23T195556.527.png",1107,594,false],"thumbnail":["https:\/\/www.koncevisiontv.cl\/web\/wp-content\/uploads\/2025\/11\/banner-horizontal2-1-2025-11-23T195556.527-150x150.png",150,150,true],"medium":["https:\/\/www.koncevisiontv.cl\/web\/wp-content\/uploads\/2025\/11\/banner-horizontal2-1-2025-11-23T195556.527-300x161.png",300,161,true],"medium_large":["https:\/\/www.koncevisiontv.cl\/web\/wp-content\/uploads\/2025\/11\/banner-horizontal2-1-2025-11-23T195556.527-768x412.png",640,343,true],"large":["https:\/\/www.koncevisiontv.cl\/web\/wp-content\/uploads\/2025\/11\/banner-horizontal2-1-2025-11-23T195556.527-1024x549.png",640,343,true],"1536x1536":["https:\/\/www.koncevisiontv.cl\/web\/wp-content\/uploads\/2025\/11\/banner-horizontal2-1-2025-11-23T195556.527.png",1107,594,false],"2048x2048":["https:\/\/www.koncevisiontv.cl\/web\/wp-content\/uploads\/2025\/11\/banner-horizontal2-1-2025-11-23T195556.527.png",1107,594,false],"darknews-featured":["https:\/\/www.koncevisiontv.cl\/web\/wp-content\/uploads\/2025\/11\/banner-horizontal2-1-2025-11-23T195556.527-1024x549.png",1024,549,true],"darknews-large":["https:\/\/www.koncevisiontv.cl\/web\/wp-content\/uploads\/2025\/11\/banner-horizontal2-1-2025-11-23T195556.527-825x575.png",825,575,true],"darknews-medium":["https:\/\/www.koncevisiontv.cl\/web\/wp-content\/uploads\/2025\/11\/banner-horizontal2-1-2025-11-23T195556.527-590x410.png",590,410,true]},"uagb_author_info":{"display_name":"Web-Master","author_link":"https:\/\/www.koncevisiontv.cl\/web\/author\/koncevision\/"},"uagb_comment_info":0,"uagb_excerpt":"El Consejo Nacional de Televisi\u00f3n (CNTV) llev\u00f3 a cabo esta ma\u00f1ana el sorteo p\u00fablico que determin\u00f3 la secuencia","_links":{"self":[{"href":"https:\/\/www.koncevisiontv.cl\/web\/wp-json\/wp\/v2\/posts\/12438","targetHints":{"allow":["GET"]}}],"collection":[{"href":"https:\/\/www.koncevisiontv.cl\/web\/wp-json\/wp\/v2\/posts"}],"about":[{"href":"https:\/\/www.koncevisiontv.cl\/web\/wp-json\/wp\/v2\/types\/post"}],"author":[{"embeddable":true,"href":"https:\/\/www.koncevisiontv.cl\/web\/wp-json\/wp\/v2\/users\/5"}],"replies":[{"embeddable":true,"href":"https:\/\/www.koncevisiontv.cl\/web\/wp-json\/wp\/v2\/comments?post=12438"}],"version-history":[{"count":1,"href":"https:\/\/www.koncevisiontv.cl\/web\/wp-json\/wp\/v2\/posts\/12438\/revisions"}],"predecessor-version":[{"id":12441,"href":"https:\/\/www.koncevisiontv.cl\/web\/wp-json\/wp\/v2\/posts\/12438\/revisions\/12441"}],"wp:featuredmedia":[{"embeddable":true,"href":"https:\/\/www.koncevisiontv.cl\/web\/wp-json\/wp\/v2\/media\/12440"}],"wp:attachment":[{"href":"https:\/\/www.koncevisiontv.cl\/web\/wp-json\/wp\/v2\/media?parent=12438"}],"wp:term":[{"taxonomy":"category","embeddable":true,"href":"https:\/\/www.koncevisiontv.cl\/web\/wp-json\/wp\/v2\/categories?post=12438"},{"taxonomy":"post_tag","embeddable":true,"href":"https:\/\/www.koncevisiontv.cl\/web\/wp-json\/wp\/v2\/tags?post=12438"}],"curies":[{"name":"wp","href":"https:\/\/api.w.org\/{rel}","templated":true}]}}