{"id":12442,"date":"2025-11-26T10:59:58","date_gmt":"2025-11-26T13:59:58","guid":{"rendered":"https:\/\/www.koncevisiontv.cl\/web\/?p=12442"},"modified":"2025-11-26T11:04:20","modified_gmt":"2025-11-26T14:04:20","slug":"cristian-araya-dejara-la-bancada-republicana-tras-vinculo-con-la-trama-bielorrusa-confirma-arturo-squella","status":"publish","type":"post","link":"https:\/\/www.koncevisiontv.cl\/web\/cristian-araya-dejara-la-bancada-republicana-tras-vinculo-con-la-trama-bielorrusa-confirma-arturo-squella\/","title":{"rendered":"Cristi\u00e1n Araya dejar\u00e1 la bancada republicana tras v\u00ednculo con la Trama Bielorrusa, confirma Arturo Squella"},"content":{"rendered":"\n<p class=\"wp-block-paragraph\">El presidente del Partido Republicano, Arturo Squella, confirm\u00f3 que el diputado <strong>Cristi\u00e1n Araya<\/strong> abandonar\u00e1 la bancada de la colectividad en la C\u00e1mara de Diputados. La decisi\u00f3n surge luego de que el parlamentario fuera vinculado a la &#8220;Trama Bielorrusa&#8221;.<\/p>\n\n\n\n<p class=\"wp-block-paragraph\">La conexi\u00f3n se revel\u00f3 a trav\u00e9s de escuchas del OS7 de Carabineros, donde Sergio Y\u00e1ber \u2014conservador de Puente Alto e investigado por lavado de dinero en dicha causa\u2014 asegur\u00f3 haber entregado <strong>$1,7 millones de pesos<\/strong> al diputado republicano.<\/p>\n\n\n\n<p class=\"wp-block-paragraph\">Squella explic\u00f3 en una entrevista que, tras conversar con Araya, el propio legislador se adelant\u00f3 a ofrecer su salida: <strong>&#8220;No fue necesario ni siquiera que yo se lo planteara para decirme \u2018mire, si esto sale del entorno de la cosa m\u00e1s de prensa (\u2026) inmediatamente yo doy un paso al costado de la bancada\u2019&#8221;<\/strong>.<\/p>\n\n\n\n<p class=\"wp-block-paragraph\">El timonel republicano respald\u00f3 la inocencia de Araya, quien le afirm\u00f3 directamente que la acusaci\u00f3n de haber recibido dinero es &#8220;falsa, es falsa&#8221;. No obstante, Squella subray\u00f3 que la defensa del diputado <strong>&#8220;no es corporativa&#8221;<\/strong> y que Araya deber\u00e1 defender su honorabilidad de forma individual. El l\u00edder del partido concluy\u00f3 que, ante la investigaci\u00f3n anunciada por la Fiscal\u00eda Nacional, Araya <strong>&#8220;formalizar\u00e1 su salida de la bancada&#8221;<\/strong> en los pr\u00f3ximos d\u00edas.<\/p>\n","protected":false},"excerpt":{"rendered":"<p>El presidente del Partido Republicano, Arturo Squella, confirm\u00f3 que el diputado Cristi\u00e1n Araya abandonar\u00e1 la bancada de la<\/p>\n","protected":false},"author":5,"featured_media":12443,"comment_status":"open","ping_status":"open","sticky":false,"template":"","format":"standard","meta":{"_crdt_document":"","_uag_custom_page_level_css":"","_sitemap_exclude":false,"_sitemap_priority":"","_sitemap_frequency":"","_joinchat":[],"footnotes":""},"categories":[210,447,503,14,427],"tags":[152],"class_list":["post-12442","post","type-post","status-publish","format-standard","has-post-thumbnail","hentry","category-corrupcion","category-elecciones2025","category-investigacion","category-nacional","category-politica-2","tag-chile"],"featured_image_urls":{"full":["https:\/\/www.koncevisiontv.cl\/web\/wp-content\/uploads\/2025\/11\/cristian-araya.jpg",1200,633,false],"thumbnail":["https:\/\/www.koncevisiontv.cl\/web\/wp-content\/uploads\/2025\/11\/cristian-araya-150x150.jpg",150,150,true],"medium":["https:\/\/www.koncevisiontv.cl\/web\/wp-content\/uploads\/2025\/11\/cristian-araya-300x158.jpg",300,158,true],"medium_large":["https:\/\/www.koncevisiontv.cl\/web\/wp-content\/uploads\/2025\/11\/cristian-araya-768x405.jpg",640,338,true],"large":["https:\/\/www.koncevisiontv.cl\/web\/wp-content\/uploads\/2025\/11\/cristian-araya-1024x540.jpg",640,338,true],"1536x1536":["https:\/\/www.koncevisiontv.cl\/web\/wp-content\/uploads\/2025\/11\/cristian-araya.jpg",1200,633,false],"2048x2048":["https:\/\/www.koncevisiontv.cl\/web\/wp-content\/uploads\/2025\/11\/cristian-araya.jpg",1200,633,false],"darknews-featured":["https:\/\/www.koncevisiontv.cl\/web\/wp-content\/uploads\/2025\/11\/cristian-araya-1024x540.jpg",1024,540,true],"darknews-large":["https:\/\/www.koncevisiontv.cl\/web\/wp-content\/uploads\/2025\/11\/cristian-araya-825x575.jpg",825,575,true],"darknews-medium":["https:\/\/www.koncevisiontv.cl\/web\/wp-content\/uploads\/2025\/11\/cristian-araya-590x410.jpg",590,410,true]},"author_info":{"info":["Web-Master"]},"category_info":"<a href=\"https:\/\/www.koncevisiontv.cl\/web\/category\/corrupcion\/\" rel=\"category tag\">Corrupcion<\/a> <a href=\"https:\/\/www.koncevisiontv.cl\/web\/category\/elecciones2025\/\" rel=\"category tag\">Elecciones2025<\/a> <a href=\"https:\/\/www.koncevisiontv.cl\/web\/category\/investigacion\/\" rel=\"category tag\">Investigaci\u00f3n<\/a> <a href=\"https:\/\/www.koncevisiontv.cl\/web\/category\/nacional\/\" rel=\"category tag\">Nacional<\/a> <a href=\"https:\/\/www.koncevisiontv.cl\/web\/category\/politica-2\/\" rel=\"category tag\">Pol\u00edtica<\/a>","tag_info":"Pol\u00edtica","comment_count":"0","uagb_featured_image_src":{"full":["https:\/\/www.koncevisiontv.cl\/web\/wp-content\/uploads\/2025\/11\/cristian-araya.jpg",1200,633,false],"thumbnail":["https:\/\/www.koncevisiontv.cl\/web\/wp-content\/uploads\/2025\/11\/cristian-araya-150x150.jpg",150,150,true],"medium":["https:\/\/www.koncevisiontv.cl\/web\/wp-content\/uploads\/2025\/11\/cristian-araya-300x158.jpg",300,158,true],"medium_large":["https:\/\/www.koncevisiontv.cl\/web\/wp-content\/uploads\/2025\/11\/cristian-araya-768x405.jpg",640,338,true],"large":["https:\/\/www.koncevisiontv.cl\/web\/wp-content\/uploads\/2025\/11\/cristian-araya-1024x540.jpg",640,338,true],"1536x1536":["https:\/\/www.koncevisiontv.cl\/web\/wp-content\/uploads\/2025\/11\/cristian-araya.jpg",1200,633,false],"2048x2048":["https:\/\/www.koncevisiontv.cl\/web\/wp-content\/uploads\/2025\/11\/cristian-araya.jpg",1200,633,false],"darknews-featured":["https:\/\/www.koncevisiontv.cl\/web\/wp-content\/uploads\/2025\/11\/cristian-araya-1024x540.jpg",1024,540,true],"darknews-large":["https:\/\/www.koncevisiontv.cl\/web\/wp-content\/uploads\/2025\/11\/cristian-araya-825x575.jpg",825,575,true],"darknews-medium":["https:\/\/www.koncevisiontv.cl\/web\/wp-content\/uploads\/2025\/11\/cristian-araya-590x410.jpg",590,410,true]},"uagb_author_info":{"display_name":"Web-Master","author_link":"https:\/\/www.koncevisiontv.cl\/web\/author\/koncevision\/"},"uagb_comment_info":0,"uagb_excerpt":"El presidente del Partido Republicano, Arturo Squella, confirm\u00f3 que el diputado Cristi\u00e1n Araya abandonar\u00e1 la bancada de la","_links":{"self":[{"href":"https:\/\/www.koncevisiontv.cl\/web\/wp-json\/wp\/v2\/posts\/12442","targetHints":{"allow":["GET"]}}],"collection":[{"href":"https:\/\/www.koncevisiontv.cl\/web\/wp-json\/wp\/v2\/posts"}],"about":[{"href":"https:\/\/www.koncevisiontv.cl\/web\/wp-json\/wp\/v2\/types\/post"}],"author":[{"embeddable":true,"href":"https:\/\/www.koncevisiontv.cl\/web\/wp-json\/wp\/v2\/users\/5"}],"replies":[{"embeddable":true,"href":"https:\/\/www.koncevisiontv.cl\/web\/wp-json\/wp\/v2\/comments?post=12442"}],"version-history":[{"count":1,"href":"https:\/\/www.koncevisiontv.cl\/web\/wp-json\/wp\/v2\/posts\/12442\/revisions"}],"predecessor-version":[{"id":12444,"href":"https:\/\/www.koncevisiontv.cl\/web\/wp-json\/wp\/v2\/posts\/12442\/revisions\/12444"}],"wp:featuredmedia":[{"embeddable":true,"href":"https:\/\/www.koncevisiontv.cl\/web\/wp-json\/wp\/v2\/media\/12443"}],"wp:attachment":[{"href":"https:\/\/www.koncevisiontv.cl\/web\/wp-json\/wp\/v2\/media?parent=12442"}],"wp:term":[{"taxonomy":"category","embeddable":true,"href":"https:\/\/www.koncevisiontv.cl\/web\/wp-json\/wp\/v2\/categories?post=12442"},{"taxonomy":"post_tag","embeddable":true,"href":"https:\/\/www.koncevisiontv.cl\/web\/wp-json\/wp\/v2\/tags?post=12442"}],"curies":[{"name":"wp","href":"https:\/\/api.w.org\/{rel}","templated":true}]}}