{"id":12445,"date":"2025-11-26T11:11:51","date_gmt":"2025-11-26T14:11:51","guid":{"rendered":"https:\/\/www.koncevisiontv.cl\/web\/?p=12445"},"modified":"2025-11-26T11:11:55","modified_gmt":"2025-11-26T14:11:55","slug":"leon-xiv-inicia-su-primer-viaje-internacional-con-foco-en-el-dialogo-y-la-paz-en-turquia-y-libano-pese-a-las-tensiones-regionales","status":"publish","type":"post","link":"https:\/\/www.koncevisiontv.cl\/web\/leon-xiv-inicia-su-primer-viaje-internacional-con-foco-en-el-dialogo-y-la-paz-en-turquia-y-libano-pese-a-las-tensiones-regionales\/","title":{"rendered":"Le\u00f3n XIV inicia su primer viaje internacional con foco en el di\u00e1logo y la paz en Turqu\u00eda y L\u00edbano, pese a las tensiones regionales"},"content":{"rendered":"\n<p class=\"wp-block-paragraph\">El papa Le\u00f3n XIV emprender\u00e1 este jueves su primer periplo internacional con destino a dos naciones de Medio Oriente con importantes tensiones pol\u00edticas: <strong>Turqu\u00eda y L\u00edbano<\/strong>. El pont\u00edfice ha manifestado que su mensaje central ser\u00e1 de <strong>&#8220;paz y esperanza&#8221;<\/strong>, especialmente en el marco del A\u00f1o del Jubileo.<\/p>\n\n\n\n<p class=\"wp-block-paragraph\">El viaje ha generado gran expectaci\u00f3n medi\u00e1tica. La visita tiene un doble prop\u00f3sito:<\/p>\n\n\n\n<p class=\"wp-block-paragraph\"><strong>Turqu\u00eda (Antigua Nicea):<\/strong> El motivo principal es conmemorar el 1.700 aniversario del hist\u00f3rico <strong>Concilio de Nicea<\/strong>. El Papa visitar\u00e1 Iznik (antigua Nicea) para subrayar la &#8220;importancia de la unidad en la fe&#8221;, un elemento que puede ser fuente de paz global.<\/p>\n\n\n\n<p class=\"wp-block-paragraph\"><strong>L\u00edbano:<\/strong> El pont\u00edfice expresar\u00e1 su cercan\u00eda a las comunidades cat\u00f3licas que enfrentan emigraci\u00f3n y tensiones, llegando en un momento delicado en el que Israel sigue atacando el sur del pa\u00eds. Se ha asegurado que no se teme por su seguridad.<\/p>\n\n\n\n<ol start=\"1\" class=\"wp-block-list\"><\/ol>\n\n\n\n<p class=\"wp-block-paragraph\">El director de la oficina de prensa del Vaticano, Matteo Bruni, resumi\u00f3 que el viaje busca fortalecer el <strong>&#8220;di\u00e1logo y la unidad entre cristianos&#8221;<\/strong> y llevar una palabra de aliento a comunidades afectadas por tragedias.<\/p>\n\n\n\n<p class=\"wp-block-paragraph\">En L\u00edbano, la agenda del Papa incluye un encuentro con j\u00f3venes frente al Patriarcado Maronita en Bkerk\u00e9, una visita a la tumba del monje San Charbel, y un emotivo paso por el puerto de Beirut, donde se produjo la devastadora explosi\u00f3n de 2020.<\/p>\n","protected":false},"excerpt":{"rendered":"<p>El papa Le\u00f3n XIV emprender\u00e1 este jueves su primer periplo internacional con destino a dos naciones de Medio<\/p>\n","protected":false},"author":5,"featured_media":12446,"comment_status":"open","ping_status":"open","sticky":false,"template":"","format":"standard","meta":{"_crdt_document":"","_uag_custom_page_level_css":"","_sitemap_exclude":false,"_sitemap_priority":"","_sitemap_frequency":"","_joinchat":[],"footnotes":""},"categories":[161],"tags":[454],"class_list":["post-12445","post","type-post","status-publish","format-standard","has-post-thumbnail","hentry","category-internacional","tag-internacional"],"featured_image_urls":{"full":["https:\/\/www.koncevisiontv.cl\/web\/wp-content\/uploads\/2025\/11\/papa-leon-gira.webp",1200,633,false],"thumbnail":["https:\/\/www.koncevisiontv.cl\/web\/wp-content\/uploads\/2025\/11\/papa-leon-gira-150x150.webp",150,150,true],"medium":["https:\/\/www.koncevisiontv.cl\/web\/wp-content\/uploads\/2025\/11\/papa-leon-gira-300x158.webp",300,158,true],"medium_large":["https:\/\/www.koncevisiontv.cl\/web\/wp-content\/uploads\/2025\/11\/papa-leon-gira-768x405.webp",640,338,true],"large":["https:\/\/www.koncevisiontv.cl\/web\/wp-content\/uploads\/2025\/11\/papa-leon-gira-1024x540.webp",640,338,true],"1536x1536":["https:\/\/www.koncevisiontv.cl\/web\/wp-content\/uploads\/2025\/11\/papa-leon-gira.webp",1200,633,false],"2048x2048":["https:\/\/www.koncevisiontv.cl\/web\/wp-content\/uploads\/2025\/11\/papa-leon-gira.webp",1200,633,false],"darknews-featured":["https:\/\/www.koncevisiontv.cl\/web\/wp-content\/uploads\/2025\/11\/papa-leon-gira-1024x540.webp",1024,540,true],"darknews-large":["https:\/\/www.koncevisiontv.cl\/web\/wp-content\/uploads\/2025\/11\/papa-leon-gira-825x575.webp",825,575,true],"darknews-medium":["https:\/\/www.koncevisiontv.cl\/web\/wp-content\/uploads\/2025\/11\/papa-leon-gira-590x410.webp",590,410,true]},"author_info":{"info":["Web-Master"]},"category_info":"<a href=\"https:\/\/www.koncevisiontv.cl\/web\/category\/internacional\/\" rel=\"category tag\">Internacional<\/a>","tag_info":"Internacional","comment_count":"0","uagb_featured_image_src":{"full":["https:\/\/www.koncevisiontv.cl\/web\/wp-content\/uploads\/2025\/11\/papa-leon-gira.webp",1200,633,false],"thumbnail":["https:\/\/www.koncevisiontv.cl\/web\/wp-content\/uploads\/2025\/11\/papa-leon-gira-150x150.webp",150,150,true],"medium":["https:\/\/www.koncevisiontv.cl\/web\/wp-content\/uploads\/2025\/11\/papa-leon-gira-300x158.webp",300,158,true],"medium_large":["https:\/\/www.koncevisiontv.cl\/web\/wp-content\/uploads\/2025\/11\/papa-leon-gira-768x405.webp",640,338,true],"large":["https:\/\/www.koncevisiontv.cl\/web\/wp-content\/uploads\/2025\/11\/papa-leon-gira-1024x540.webp",640,338,true],"1536x1536":["https:\/\/www.koncevisiontv.cl\/web\/wp-content\/uploads\/2025\/11\/papa-leon-gira.webp",1200,633,false],"2048x2048":["https:\/\/www.koncevisiontv.cl\/web\/wp-content\/uploads\/2025\/11\/papa-leon-gira.webp",1200,633,false],"darknews-featured":["https:\/\/www.koncevisiontv.cl\/web\/wp-content\/uploads\/2025\/11\/papa-leon-gira-1024x540.webp",1024,540,true],"darknews-large":["https:\/\/www.koncevisiontv.cl\/web\/wp-content\/uploads\/2025\/11\/papa-leon-gira-825x575.webp",825,575,true],"darknews-medium":["https:\/\/www.koncevisiontv.cl\/web\/wp-content\/uploads\/2025\/11\/papa-leon-gira-590x410.webp",590,410,true]},"uagb_author_info":{"display_name":"Web-Master","author_link":"https:\/\/www.koncevisiontv.cl\/web\/author\/koncevision\/"},"uagb_comment_info":0,"uagb_excerpt":"El papa Le\u00f3n XIV emprender\u00e1 este jueves su primer periplo internacional con destino a dos naciones de Medio","_links":{"self":[{"href":"https:\/\/www.koncevisiontv.cl\/web\/wp-json\/wp\/v2\/posts\/12445","targetHints":{"allow":["GET"]}}],"collection":[{"href":"https:\/\/www.koncevisiontv.cl\/web\/wp-json\/wp\/v2\/posts"}],"about":[{"href":"https:\/\/www.koncevisiontv.cl\/web\/wp-json\/wp\/v2\/types\/post"}],"author":[{"embeddable":true,"href":"https:\/\/www.koncevisiontv.cl\/web\/wp-json\/wp\/v2\/users\/5"}],"replies":[{"embeddable":true,"href":"https:\/\/www.koncevisiontv.cl\/web\/wp-json\/wp\/v2\/comments?post=12445"}],"version-history":[{"count":1,"href":"https:\/\/www.koncevisiontv.cl\/web\/wp-json\/wp\/v2\/posts\/12445\/revisions"}],"predecessor-version":[{"id":12447,"href":"https:\/\/www.koncevisiontv.cl\/web\/wp-json\/wp\/v2\/posts\/12445\/revisions\/12447"}],"wp:featuredmedia":[{"embeddable":true,"href":"https:\/\/www.koncevisiontv.cl\/web\/wp-json\/wp\/v2\/media\/12446"}],"wp:attachment":[{"href":"https:\/\/www.koncevisiontv.cl\/web\/wp-json\/wp\/v2\/media?parent=12445"}],"wp:term":[{"taxonomy":"category","embeddable":true,"href":"https:\/\/www.koncevisiontv.cl\/web\/wp-json\/wp\/v2\/categories?post=12445"},{"taxonomy":"post_tag","embeddable":true,"href":"https:\/\/www.koncevisiontv.cl\/web\/wp-json\/wp\/v2\/tags?post=12445"}],"curies":[{"name":"wp","href":"https:\/\/api.w.org\/{rel}","templated":true}]}}