{"id":12460,"date":"2025-11-26T13:03:56","date_gmt":"2025-11-26T16:03:56","guid":{"rendered":"https:\/\/www.koncevisiontv.cl\/web\/?p=12460"},"modified":"2025-11-26T13:04:00","modified_gmt":"2025-11-26T16:04:00","slug":"bad-boys-cancela-debate-con-presidenciables-luego-de-que-jose-antonio-kast-declinara-la-invitacion","status":"publish","type":"post","link":"https:\/\/www.koncevisiontv.cl\/web\/bad-boys-cancela-debate-con-presidenciables-luego-de-que-jose-antonio-kast-declinara-la-invitacion\/","title":{"rendered":"\u201cBad Boys\u201d cancela debate con presidenciables luego de que Jos\u00e9 Antonio Kast declinara la invitaci\u00f3n"},"content":{"rendered":"\n<p class=\"wp-block-paragraph\">El programa de <em>streaming<\/em> pol\u00edtico \u201cBad Boys\u201d suspendi\u00f3 la realizaci\u00f3n de un episodio especial que contar\u00eda con la participaci\u00f3n de los dos candidatos presidenciales que avanzaron al balotaje, Jeannette Jara y Jos\u00e9 Antonio Kast. La cancelaci\u00f3n se debe a la <strong>negativa a participar del abanderado del Partido Republicano<\/strong>.<\/p>\n\n\n\n<p class=\"wp-block-paragraph\">Giancarlo Barbagelata, uno de los participantes del espacio y exjefe de campa\u00f1a de Franco Parisi, confirm\u00f3 la situaci\u00f3n en el episodio de este martes. Barbagelata explic\u00f3 que la invitaci\u00f3n se extendi\u00f3 de manera &#8220;cari\u00f1osa&#8221; a ambos candidatos para que pudieran exponer sus programas de gobierno ante la audiencia.<\/p>\n\n\n\n<p class=\"wp-block-paragraph\">Aunque el equipo del programa reconoci\u00f3 que Jeannette Jara estaba &#8220;m\u00e1s disponible&#8221; para asistir, el equipo editorial decidi\u00f3 que, al ser una instancia para la comunidad, la idea era dar la oportunidad a ambos. <strong>&#8220;Como programa hemos decidido que estuvieran ambos. Y si no est\u00e1n ambos, la idea no es dar solamente una oportunidad&#8221;<\/strong>, sostuvo Barbagelata.<\/p>\n\n\n\n<p class=\"wp-block-paragraph\">El participante tambi\u00e9n record\u00f3 un episodio similar ocurrido en la campa\u00f1a de 2021, donde el entonces candidato Gabriel Boric se rest\u00f3 de participar, mientras que Kast s\u00ed hab\u00eda asistido. Finalmente, Barbagelata concluy\u00f3 que ambos candidatos estaban en su derecho de aceptar o rechazar la invitaci\u00f3n.<\/p>\n","protected":false},"excerpt":{"rendered":"<p>El programa de streaming pol\u00edtico \u201cBad Boys\u201d suspendi\u00f3 la realizaci\u00f3n de un episodio especial que contar\u00eda con la<\/p>\n","protected":false},"author":5,"featured_media":12461,"comment_status":"open","ping_status":"open","sticky":false,"template":"","format":"standard","meta":{"_crdt_document":"","_uag_custom_page_level_css":"","_sitemap_exclude":false,"_sitemap_priority":"","_sitemap_frequency":"","_joinchat":[],"footnotes":""},"categories":[447,14,427,440],"tags":[152],"class_list":["post-12460","post","type-post","status-publish","format-standard","has-post-thumbnail","hentry","category-elecciones2025","category-nacional","category-politica-2","category-presidenciales-2025","tag-chile"],"featured_image_urls":{"full":["https:\/\/www.koncevisiontv.cl\/web\/wp-content\/uploads\/2025\/11\/bad-boys-cancela-programa-con-jara-y-kast-despues-que-el-republicano-decidiera-no-participar.png",1200,633,false],"thumbnail":["https:\/\/www.koncevisiontv.cl\/web\/wp-content\/uploads\/2025\/11\/bad-boys-cancela-programa-con-jara-y-kast-despues-que-el-republicano-decidiera-no-participar-150x150.png",150,150,true],"medium":["https:\/\/www.koncevisiontv.cl\/web\/wp-content\/uploads\/2025\/11\/bad-boys-cancela-programa-con-jara-y-kast-despues-que-el-republicano-decidiera-no-participar-300x158.png",300,158,true],"medium_large":["https:\/\/www.koncevisiontv.cl\/web\/wp-content\/uploads\/2025\/11\/bad-boys-cancela-programa-con-jara-y-kast-despues-que-el-republicano-decidiera-no-participar-768x405.png",640,338,true],"large":["https:\/\/www.koncevisiontv.cl\/web\/wp-content\/uploads\/2025\/11\/bad-boys-cancela-programa-con-jara-y-kast-despues-que-el-republicano-decidiera-no-participar-1024x540.png",640,338,true],"1536x1536":["https:\/\/www.koncevisiontv.cl\/web\/wp-content\/uploads\/2025\/11\/bad-boys-cancela-programa-con-jara-y-kast-despues-que-el-republicano-decidiera-no-participar.png",1200,633,false],"2048x2048":["https:\/\/www.koncevisiontv.cl\/web\/wp-content\/uploads\/2025\/11\/bad-boys-cancela-programa-con-jara-y-kast-despues-que-el-republicano-decidiera-no-participar.png",1200,633,false],"darknews-featured":["https:\/\/www.koncevisiontv.cl\/web\/wp-content\/uploads\/2025\/11\/bad-boys-cancela-programa-con-jara-y-kast-despues-que-el-republicano-decidiera-no-participar-1024x540.png",1024,540,true],"darknews-large":["https:\/\/www.koncevisiontv.cl\/web\/wp-content\/uploads\/2025\/11\/bad-boys-cancela-programa-con-jara-y-kast-despues-que-el-republicano-decidiera-no-participar-825x575.png",825,575,true],"darknews-medium":["https:\/\/www.koncevisiontv.cl\/web\/wp-content\/uploads\/2025\/11\/bad-boys-cancela-programa-con-jara-y-kast-despues-que-el-republicano-decidiera-no-participar-590x410.png",590,410,true]},"author_info":{"info":["Web-Master"]},"category_info":"<a href=\"https:\/\/www.koncevisiontv.cl\/web\/category\/elecciones2025\/\" rel=\"category tag\">Elecciones2025<\/a> <a href=\"https:\/\/www.koncevisiontv.cl\/web\/category\/nacional\/\" rel=\"category tag\">Nacional<\/a> <a href=\"https:\/\/www.koncevisiontv.cl\/web\/category\/politica-2\/\" rel=\"category tag\">Pol\u00edtica<\/a> <a href=\"https:\/\/www.koncevisiontv.cl\/web\/category\/presidenciales-2025\/\" rel=\"category tag\">Presidenciales 2025<\/a>","tag_info":"Presidenciales 2025","comment_count":"0","uagb_featured_image_src":{"full":["https:\/\/www.koncevisiontv.cl\/web\/wp-content\/uploads\/2025\/11\/bad-boys-cancela-programa-con-jara-y-kast-despues-que-el-republicano-decidiera-no-participar.png",1200,633,false],"thumbnail":["https:\/\/www.koncevisiontv.cl\/web\/wp-content\/uploads\/2025\/11\/bad-boys-cancela-programa-con-jara-y-kast-despues-que-el-republicano-decidiera-no-participar-150x150.png",150,150,true],"medium":["https:\/\/www.koncevisiontv.cl\/web\/wp-content\/uploads\/2025\/11\/bad-boys-cancela-programa-con-jara-y-kast-despues-que-el-republicano-decidiera-no-participar-300x158.png",300,158,true],"medium_large":["https:\/\/www.koncevisiontv.cl\/web\/wp-content\/uploads\/2025\/11\/bad-boys-cancela-programa-con-jara-y-kast-despues-que-el-republicano-decidiera-no-participar-768x405.png",640,338,true],"large":["https:\/\/www.koncevisiontv.cl\/web\/wp-content\/uploads\/2025\/11\/bad-boys-cancela-programa-con-jara-y-kast-despues-que-el-republicano-decidiera-no-participar-1024x540.png",640,338,true],"1536x1536":["https:\/\/www.koncevisiontv.cl\/web\/wp-content\/uploads\/2025\/11\/bad-boys-cancela-programa-con-jara-y-kast-despues-que-el-republicano-decidiera-no-participar.png",1200,633,false],"2048x2048":["https:\/\/www.koncevisiontv.cl\/web\/wp-content\/uploads\/2025\/11\/bad-boys-cancela-programa-con-jara-y-kast-despues-que-el-republicano-decidiera-no-participar.png",1200,633,false],"darknews-featured":["https:\/\/www.koncevisiontv.cl\/web\/wp-content\/uploads\/2025\/11\/bad-boys-cancela-programa-con-jara-y-kast-despues-que-el-republicano-decidiera-no-participar-1024x540.png",1024,540,true],"darknews-large":["https:\/\/www.koncevisiontv.cl\/web\/wp-content\/uploads\/2025\/11\/bad-boys-cancela-programa-con-jara-y-kast-despues-que-el-republicano-decidiera-no-participar-825x575.png",825,575,true],"darknews-medium":["https:\/\/www.koncevisiontv.cl\/web\/wp-content\/uploads\/2025\/11\/bad-boys-cancela-programa-con-jara-y-kast-despues-que-el-republicano-decidiera-no-participar-590x410.png",590,410,true]},"uagb_author_info":{"display_name":"Web-Master","author_link":"https:\/\/www.koncevisiontv.cl\/web\/author\/koncevision\/"},"uagb_comment_info":0,"uagb_excerpt":"El programa de streaming pol\u00edtico \u201cBad Boys\u201d suspendi\u00f3 la realizaci\u00f3n de un episodio especial que contar\u00eda con la","_links":{"self":[{"href":"https:\/\/www.koncevisiontv.cl\/web\/wp-json\/wp\/v2\/posts\/12460","targetHints":{"allow":["GET"]}}],"collection":[{"href":"https:\/\/www.koncevisiontv.cl\/web\/wp-json\/wp\/v2\/posts"}],"about":[{"href":"https:\/\/www.koncevisiontv.cl\/web\/wp-json\/wp\/v2\/types\/post"}],"author":[{"embeddable":true,"href":"https:\/\/www.koncevisiontv.cl\/web\/wp-json\/wp\/v2\/users\/5"}],"replies":[{"embeddable":true,"href":"https:\/\/www.koncevisiontv.cl\/web\/wp-json\/wp\/v2\/comments?post=12460"}],"version-history":[{"count":1,"href":"https:\/\/www.koncevisiontv.cl\/web\/wp-json\/wp\/v2\/posts\/12460\/revisions"}],"predecessor-version":[{"id":12462,"href":"https:\/\/www.koncevisiontv.cl\/web\/wp-json\/wp\/v2\/posts\/12460\/revisions\/12462"}],"wp:featuredmedia":[{"embeddable":true,"href":"https:\/\/www.koncevisiontv.cl\/web\/wp-json\/wp\/v2\/media\/12461"}],"wp:attachment":[{"href":"https:\/\/www.koncevisiontv.cl\/web\/wp-json\/wp\/v2\/media?parent=12460"}],"wp:term":[{"taxonomy":"category","embeddable":true,"href":"https:\/\/www.koncevisiontv.cl\/web\/wp-json\/wp\/v2\/categories?post=12460"},{"taxonomy":"post_tag","embeddable":true,"href":"https:\/\/www.koncevisiontv.cl\/web\/wp-json\/wp\/v2\/tags?post=12460"}],"curies":[{"name":"wp","href":"https:\/\/api.w.org\/{rel}","templated":true}]}}