{"id":12463,"date":"2025-11-26T13:28:40","date_gmt":"2025-11-26T16:28:40","guid":{"rendered":"https:\/\/www.koncevisiontv.cl\/web\/?p=12463"},"modified":"2025-11-26T13:28:51","modified_gmt":"2025-11-26T16:28:51","slug":"cde-amplia-querella-penal-contra-exministra-angela-vivanco-por-su-rol-en-la-trama-bielorrusa","status":"publish","type":"post","link":"https:\/\/www.koncevisiontv.cl\/web\/cde-amplia-querella-penal-contra-exministra-angela-vivanco-por-su-rol-en-la-trama-bielorrusa\/","title":{"rendered":"CDE ampl\u00eda querella penal contra exministra \u00c1ngela Vivanco por su rol en la \u201cTrama Bielorrusa\u201d"},"content":{"rendered":"\n<p class=\"wp-block-paragraph\">El presidente del Consejo de Defensa del Estado (CDE), Ra\u00fal Letelier, confirm\u00f3 desde La Moneda que el organismo ha decidido <strong>ampliar la querella penal<\/strong> presentada inicialmente, incluyendo ahora a la exministra de la Corte Suprema, <strong>\u00c1ngela Vivanco<\/strong>, en la investigaci\u00f3n por la &#8220;Trama Bielorrusa&#8221;.<\/p>\n\n\n\n<p class=\"wp-block-paragraph\">La acci\u00f3n del CDE se suma a la querella original presentada el 6 de noviembre, la cual apuntaba contra la pareja de la exministra, Gonzalo Migueles; los abogados Eduardo Lagos y Mario Vargas; y los conservadores de bienes ra\u00edces Yamil Najle y Sergio Y\u00e1ber.<\/p>\n\n\n\n<p class=\"wp-block-paragraph\">Letelier justific\u00f3 la medida afirmando que el CDE ha intervenido con la prontitud necesaria en todas las aristas del llamado &#8220;Caso Audio&#8221; y que espera ser una &#8220;parte importante&#8221; de las investigaciones para <strong>&#8220;perseguir a todos las personas y funcionarios p\u00fablicos&#8221;<\/strong> que intervinieron en los hechos.<\/p>\n\n\n\n<p class=\"wp-block-paragraph\">El presidente del CDE enfatiz\u00f3 la gravedad de este tipo de casos para la institucionalidad del pa\u00eds y subray\u00f3 que la funci\u00f3n de las instituciones es precisamente interponer este tipo de acciones para obtener una <strong>&#8220;condena penal que buscamos&#8221;<\/strong>, entendiendo que las responsabilidades son de car\u00e1cter personal.<\/p>\n","protected":false},"excerpt":{"rendered":"<p>El presidente del Consejo de Defensa del Estado (CDE), Ra\u00fal Letelier, confirm\u00f3 desde La Moneda que el organismo<\/p>\n","protected":false},"author":5,"featured_media":12464,"comment_status":"open","ping_status":"open","sticky":false,"template":"","format":"standard","meta":{"_crdt_document":"","_uag_custom_page_level_css":"","_sitemap_exclude":false,"_sitemap_priority":"","_sitemap_frequency":"","_joinchat":[],"footnotes":""},"categories":[210,493,503,14,427],"tags":[152],"class_list":["post-12463","post","type-post","status-publish","format-standard","has-post-thumbnail","hentry","category-corrupcion","category-denuncia","category-investigacion","category-nacional","category-politica-2","tag-chile"],"featured_image_urls":{"full":["https:\/\/www.koncevisiontv.cl\/web\/wp-content\/uploads\/2025\/11\/angela-vivanco-3.jpg",1200,633,false],"thumbnail":["https:\/\/www.koncevisiontv.cl\/web\/wp-content\/uploads\/2025\/11\/angela-vivanco-3-150x150.jpg",150,150,true],"medium":["https:\/\/www.koncevisiontv.cl\/web\/wp-content\/uploads\/2025\/11\/angela-vivanco-3-300x158.jpg",300,158,true],"medium_large":["https:\/\/www.koncevisiontv.cl\/web\/wp-content\/uploads\/2025\/11\/angela-vivanco-3-768x405.jpg",640,338,true],"large":["https:\/\/www.koncevisiontv.cl\/web\/wp-content\/uploads\/2025\/11\/angela-vivanco-3-1024x540.jpg",640,338,true],"1536x1536":["https:\/\/www.koncevisiontv.cl\/web\/wp-content\/uploads\/2025\/11\/angela-vivanco-3.jpg",1200,633,false],"2048x2048":["https:\/\/www.koncevisiontv.cl\/web\/wp-content\/uploads\/2025\/11\/angela-vivanco-3.jpg",1200,633,false],"darknews-featured":["https:\/\/www.koncevisiontv.cl\/web\/wp-content\/uploads\/2025\/11\/angela-vivanco-3-1024x540.jpg",1024,540,true],"darknews-large":["https:\/\/www.koncevisiontv.cl\/web\/wp-content\/uploads\/2025\/11\/angela-vivanco-3-825x575.jpg",825,575,true],"darknews-medium":["https:\/\/www.koncevisiontv.cl\/web\/wp-content\/uploads\/2025\/11\/angela-vivanco-3-590x410.jpg",590,410,true]},"author_info":{"info":["Web-Master"]},"category_info":"<a href=\"https:\/\/www.koncevisiontv.cl\/web\/category\/corrupcion\/\" rel=\"category tag\">Corrupcion<\/a> <a href=\"https:\/\/www.koncevisiontv.cl\/web\/category\/denuncia\/\" rel=\"category tag\">Denuncia<\/a> <a href=\"https:\/\/www.koncevisiontv.cl\/web\/category\/investigacion\/\" rel=\"category tag\">Investigaci\u00f3n<\/a> <a href=\"https:\/\/www.koncevisiontv.cl\/web\/category\/nacional\/\" rel=\"category tag\">Nacional<\/a> <a href=\"https:\/\/www.koncevisiontv.cl\/web\/category\/politica-2\/\" rel=\"category tag\">Pol\u00edtica<\/a>","tag_info":"Pol\u00edtica","comment_count":"0","uagb_featured_image_src":{"full":["https:\/\/www.koncevisiontv.cl\/web\/wp-content\/uploads\/2025\/11\/angela-vivanco-3.jpg",1200,633,false],"thumbnail":["https:\/\/www.koncevisiontv.cl\/web\/wp-content\/uploads\/2025\/11\/angela-vivanco-3-150x150.jpg",150,150,true],"medium":["https:\/\/www.koncevisiontv.cl\/web\/wp-content\/uploads\/2025\/11\/angela-vivanco-3-300x158.jpg",300,158,true],"medium_large":["https:\/\/www.koncevisiontv.cl\/web\/wp-content\/uploads\/2025\/11\/angela-vivanco-3-768x405.jpg",640,338,true],"large":["https:\/\/www.koncevisiontv.cl\/web\/wp-content\/uploads\/2025\/11\/angela-vivanco-3-1024x540.jpg",640,338,true],"1536x1536":["https:\/\/www.koncevisiontv.cl\/web\/wp-content\/uploads\/2025\/11\/angela-vivanco-3.jpg",1200,633,false],"2048x2048":["https:\/\/www.koncevisiontv.cl\/web\/wp-content\/uploads\/2025\/11\/angela-vivanco-3.jpg",1200,633,false],"darknews-featured":["https:\/\/www.koncevisiontv.cl\/web\/wp-content\/uploads\/2025\/11\/angela-vivanco-3-1024x540.jpg",1024,540,true],"darknews-large":["https:\/\/www.koncevisiontv.cl\/web\/wp-content\/uploads\/2025\/11\/angela-vivanco-3-825x575.jpg",825,575,true],"darknews-medium":["https:\/\/www.koncevisiontv.cl\/web\/wp-content\/uploads\/2025\/11\/angela-vivanco-3-590x410.jpg",590,410,true]},"uagb_author_info":{"display_name":"Web-Master","author_link":"https:\/\/www.koncevisiontv.cl\/web\/author\/koncevision\/"},"uagb_comment_info":0,"uagb_excerpt":"El presidente del Consejo de Defensa del Estado (CDE), Ra\u00fal Letelier, confirm\u00f3 desde La Moneda que el organismo","_links":{"self":[{"href":"https:\/\/www.koncevisiontv.cl\/web\/wp-json\/wp\/v2\/posts\/12463","targetHints":{"allow":["GET"]}}],"collection":[{"href":"https:\/\/www.koncevisiontv.cl\/web\/wp-json\/wp\/v2\/posts"}],"about":[{"href":"https:\/\/www.koncevisiontv.cl\/web\/wp-json\/wp\/v2\/types\/post"}],"author":[{"embeddable":true,"href":"https:\/\/www.koncevisiontv.cl\/web\/wp-json\/wp\/v2\/users\/5"}],"replies":[{"embeddable":true,"href":"https:\/\/www.koncevisiontv.cl\/web\/wp-json\/wp\/v2\/comments?post=12463"}],"version-history":[{"count":1,"href":"https:\/\/www.koncevisiontv.cl\/web\/wp-json\/wp\/v2\/posts\/12463\/revisions"}],"predecessor-version":[{"id":12465,"href":"https:\/\/www.koncevisiontv.cl\/web\/wp-json\/wp\/v2\/posts\/12463\/revisions\/12465"}],"wp:featuredmedia":[{"embeddable":true,"href":"https:\/\/www.koncevisiontv.cl\/web\/wp-json\/wp\/v2\/media\/12464"}],"wp:attachment":[{"href":"https:\/\/www.koncevisiontv.cl\/web\/wp-json\/wp\/v2\/media?parent=12463"}],"wp:term":[{"taxonomy":"category","embeddable":true,"href":"https:\/\/www.koncevisiontv.cl\/web\/wp-json\/wp\/v2\/categories?post=12463"},{"taxonomy":"post_tag","embeddable":true,"href":"https:\/\/www.koncevisiontv.cl\/web\/wp-json\/wp\/v2\/tags?post=12463"}],"curies":[{"name":"wp","href":"https:\/\/api.w.org\/{rel}","templated":true}]}}