{"id":12492,"date":"2025-11-27T16:27:35","date_gmt":"2025-11-27T19:27:35","guid":{"rendered":"https:\/\/www.koncevisiontv.cl\/web\/?p=12492"},"modified":"2025-11-27T16:27:38","modified_gmt":"2025-11-27T19:27:38","slug":"peru-expresidente-pedro-castillo-condenado-a-11-cnos-y-5-meses-de-carcel-por-fallido-golpe-de-estado-de-2022","status":"publish","type":"post","link":"https:\/\/www.koncevisiontv.cl\/web\/peru-expresidente-pedro-castillo-condenado-a-11-cnos-y-5-meses-de-carcel-por-fallido-golpe-de-estado-de-2022\/","title":{"rendered":"Per\u00fa: Expresidente Pedro Castillo condenado a 11 c\u00f1os y 5 meses de c\u00e1rcel por fallido Golpe de Estado de 2022"},"content":{"rendered":"\n<p class=\"wp-block-paragraph\">La Justicia peruana dict\u00f3 una sentencia condenatoria contra el expresidente <strong>Pedro Castillo<\/strong>, imponi\u00e9ndole una pena de <strong>11 a\u00f1os, 5 meses y 15 d\u00edas de prisi\u00f3n<\/strong> por el fallido intento de golpe de Estado que protagoniz\u00f3 en diciembre de 2022.<\/p>\n\n\n\n<p class=\"wp-block-paragraph\">La audiencia se llev\u00f3 a cabo en la c\u00e1rcel de Barbadillo, un penal exclusivo para exmandatarios donde Castillo permanece recluido desde el d\u00eda del suceso. El tribunal determin\u00f3 que el exjefe de Estado fue detenido en flagrancia delictiva por la <strong>comisi\u00f3n del delito de rebeli\u00f3n<\/strong> al atentar contra el orden constitucional y los poderes del Estado.<\/p>\n\n\n\n<p class=\"wp-block-paragraph\"><strong><em>Detalles del Intento de Golpe:<\/em><\/strong><\/p>\n\n\n\n<p class=\"wp-block-paragraph\">El 7 de diciembre de 2022, Castillo, presionado por una inminente moci\u00f3n de destituci\u00f3n en el Congreso debido a acusaciones de corrupci\u00f3n, orden\u00f3 mediante un mensaje a la naci\u00f3n la <strong>disoluci\u00f3n temporal del Parlamento<\/strong> y la intervenci\u00f3n de la Judicatura.<\/p>\n\n\n\n<p class=\"wp-block-paragraph\">Sin embargo, su pronunciamiento fracas\u00f3 y, a los pocos minutos, fue detenido cuando hu\u00eda del Palacio de Gobierno con destino a la Embajada de M\u00e9xico. El Congreso procedi\u00f3 a su destituci\u00f3n inmediata.<\/p>\n\n\n\n<p class=\"wp-block-paragraph\">Aunque la Fiscal\u00eda hab\u00eda solicitado una pena de hasta 34 a\u00f1os de c\u00e1rcel, el tribunal indic\u00f3 en la lectura del fallo que, si bien la intenci\u00f3n de Castillo de &#8220;atentar contra el orden constitucional&#8221; estaba probada, no se pudo comprobar que se configurara &#8220;plenamente la m\u00ednima organizatividad de un alzamiento en armas&#8221;. La condena, no obstante, ratifica la responsabilidad penal del expresidente.<\/p>\n","protected":false},"excerpt":{"rendered":"<p>La Justicia peruana dict\u00f3 una sentencia condenatoria contra el expresidente Pedro Castillo, imponi\u00e9ndole una pena de 11 a\u00f1os,<\/p>\n","protected":false},"author":5,"featured_media":12493,"comment_status":"open","ping_status":"open","sticky":false,"template":"","format":"standard","meta":{"_crdt_document":"","_uag_custom_page_level_css":"","_sitemap_exclude":false,"_sitemap_priority":"","_sitemap_frequency":"","_joinchat":[],"footnotes":""},"categories":[504,161,427,168],"tags":[454],"class_list":["post-12492","post","type-post","status-publish","format-standard","has-post-thumbnail","hentry","category-crimen","category-internacional","category-politica-2","category-tribunales-de-justicia","tag-internacional"],"featured_image_urls":{"full":["https:\/\/www.koncevisiontv.cl\/web\/wp-content\/uploads\/2025\/11\/CASTILLO-PORTADA.jpg",1280,720,false],"thumbnail":["https:\/\/www.koncevisiontv.cl\/web\/wp-content\/uploads\/2025\/11\/CASTILLO-PORTADA-150x150.jpg",150,150,true],"medium":["https:\/\/www.koncevisiontv.cl\/web\/wp-content\/uploads\/2025\/11\/CASTILLO-PORTADA-300x169.jpg",300,169,true],"medium_large":["https:\/\/www.koncevisiontv.cl\/web\/wp-content\/uploads\/2025\/11\/CASTILLO-PORTADA-768x432.jpg",640,360,true],"large":["https:\/\/www.koncevisiontv.cl\/web\/wp-content\/uploads\/2025\/11\/CASTILLO-PORTADA-1024x576.jpg",640,360,true],"1536x1536":["https:\/\/www.koncevisiontv.cl\/web\/wp-content\/uploads\/2025\/11\/CASTILLO-PORTADA.jpg",1280,720,false],"2048x2048":["https:\/\/www.koncevisiontv.cl\/web\/wp-content\/uploads\/2025\/11\/CASTILLO-PORTADA.jpg",1280,720,false],"darknews-featured":["https:\/\/www.koncevisiontv.cl\/web\/wp-content\/uploads\/2025\/11\/CASTILLO-PORTADA-1024x576.jpg",1024,576,true],"darknews-large":["https:\/\/www.koncevisiontv.cl\/web\/wp-content\/uploads\/2025\/11\/CASTILLO-PORTADA-825x575.jpg",825,575,true],"darknews-medium":["https:\/\/www.koncevisiontv.cl\/web\/wp-content\/uploads\/2025\/11\/CASTILLO-PORTADA-590x410.jpg",590,410,true]},"author_info":{"info":["Web-Master"]},"category_info":"<a href=\"https:\/\/www.koncevisiontv.cl\/web\/category\/crimen\/\" rel=\"category tag\">Crimen<\/a> <a href=\"https:\/\/www.koncevisiontv.cl\/web\/category\/internacional\/\" rel=\"category tag\">Internacional<\/a> <a href=\"https:\/\/www.koncevisiontv.cl\/web\/category\/politica-2\/\" rel=\"category tag\">Pol\u00edtica<\/a> <a href=\"https:\/\/www.koncevisiontv.cl\/web\/category\/tribunales-de-justicia\/\" rel=\"category tag\">Tribunales de Justicia<\/a>","tag_info":"Tribunales de Justicia","comment_count":"0","uagb_featured_image_src":{"full":["https:\/\/www.koncevisiontv.cl\/web\/wp-content\/uploads\/2025\/11\/CASTILLO-PORTADA.jpg",1280,720,false],"thumbnail":["https:\/\/www.koncevisiontv.cl\/web\/wp-content\/uploads\/2025\/11\/CASTILLO-PORTADA-150x150.jpg",150,150,true],"medium":["https:\/\/www.koncevisiontv.cl\/web\/wp-content\/uploads\/2025\/11\/CASTILLO-PORTADA-300x169.jpg",300,169,true],"medium_large":["https:\/\/www.koncevisiontv.cl\/web\/wp-content\/uploads\/2025\/11\/CASTILLO-PORTADA-768x432.jpg",640,360,true],"large":["https:\/\/www.koncevisiontv.cl\/web\/wp-content\/uploads\/2025\/11\/CASTILLO-PORTADA-1024x576.jpg",640,360,true],"1536x1536":["https:\/\/www.koncevisiontv.cl\/web\/wp-content\/uploads\/2025\/11\/CASTILLO-PORTADA.jpg",1280,720,false],"2048x2048":["https:\/\/www.koncevisiontv.cl\/web\/wp-content\/uploads\/2025\/11\/CASTILLO-PORTADA.jpg",1280,720,false],"darknews-featured":["https:\/\/www.koncevisiontv.cl\/web\/wp-content\/uploads\/2025\/11\/CASTILLO-PORTADA-1024x576.jpg",1024,576,true],"darknews-large":["https:\/\/www.koncevisiontv.cl\/web\/wp-content\/uploads\/2025\/11\/CASTILLO-PORTADA-825x575.jpg",825,575,true],"darknews-medium":["https:\/\/www.koncevisiontv.cl\/web\/wp-content\/uploads\/2025\/11\/CASTILLO-PORTADA-590x410.jpg",590,410,true]},"uagb_author_info":{"display_name":"Web-Master","author_link":"https:\/\/www.koncevisiontv.cl\/web\/author\/koncevision\/"},"uagb_comment_info":0,"uagb_excerpt":"La Justicia peruana dict\u00f3 una sentencia condenatoria contra el expresidente Pedro Castillo, imponi\u00e9ndole una pena de 11 a\u00f1os,","_links":{"self":[{"href":"https:\/\/www.koncevisiontv.cl\/web\/wp-json\/wp\/v2\/posts\/12492","targetHints":{"allow":["GET"]}}],"collection":[{"href":"https:\/\/www.koncevisiontv.cl\/web\/wp-json\/wp\/v2\/posts"}],"about":[{"href":"https:\/\/www.koncevisiontv.cl\/web\/wp-json\/wp\/v2\/types\/post"}],"author":[{"embeddable":true,"href":"https:\/\/www.koncevisiontv.cl\/web\/wp-json\/wp\/v2\/users\/5"}],"replies":[{"embeddable":true,"href":"https:\/\/www.koncevisiontv.cl\/web\/wp-json\/wp\/v2\/comments?post=12492"}],"version-history":[{"count":1,"href":"https:\/\/www.koncevisiontv.cl\/web\/wp-json\/wp\/v2\/posts\/12492\/revisions"}],"predecessor-version":[{"id":12494,"href":"https:\/\/www.koncevisiontv.cl\/web\/wp-json\/wp\/v2\/posts\/12492\/revisions\/12494"}],"wp:featuredmedia":[{"embeddable":true,"href":"https:\/\/www.koncevisiontv.cl\/web\/wp-json\/wp\/v2\/media\/12493"}],"wp:attachment":[{"href":"https:\/\/www.koncevisiontv.cl\/web\/wp-json\/wp\/v2\/media?parent=12492"}],"wp:term":[{"taxonomy":"category","embeddable":true,"href":"https:\/\/www.koncevisiontv.cl\/web\/wp-json\/wp\/v2\/categories?post=12492"},{"taxonomy":"post_tag","embeddable":true,"href":"https:\/\/www.koncevisiontv.cl\/web\/wp-json\/wp\/v2\/tags?post=12492"}],"curies":[{"name":"wp","href":"https:\/\/api.w.org\/{rel}","templated":true}]}}