{"id":12504,"date":"2025-11-28T11:56:19","date_gmt":"2025-11-28T14:56:19","guid":{"rendered":"https:\/\/www.koncevisiontv.cl\/web\/?p=12504"},"modified":"2025-11-28T11:56:23","modified_gmt":"2025-11-28T14:56:23","slug":"suspension-masiva-de-servicios-del-biotren-robo-de-cables-afecta-ambas-lineas-y-genera-problemas-en-el-transporte-publico","status":"publish","type":"post","link":"https:\/\/www.koncevisiontv.cl\/web\/suspension-masiva-de-servicios-del-biotren-robo-de-cables-afecta-ambas-lineas-y-genera-problemas-en-el-transporte-publico\/","title":{"rendered":"Suspensi\u00f3n masiva de servicios del Biotren: Robo de cables afecta ambas l\u00edneas y genera problemas en el transporte p\u00fablico"},"content":{"rendered":"\n<p class=\"wp-block-paragraph\">La empresa EFE Sur se vio obligada a suspender al menos <strong>cinco servicios del Biotren<\/strong> durante la ma\u00f1ana de este viernes, debido al robo de cables en la l\u00ednea f\u00e9rrea. La interrupci\u00f3n afect\u00f3 a las <strong>l\u00edneas 1 y 2<\/strong> del servicio de transporte de pasajeros en el Gran Concepci\u00f3n.<\/p>\n\n\n\n<p class=\"wp-block-paragraph\">El gerente general de EFE Sur, Nelson Hern\u00e1ndez, confirm\u00f3 que el hurto se produjo <strong>entre Concepci\u00f3n y Chepe<\/strong>, donde delincuentes sustrajeron aproximadamente <strong>cincuenta metros de cable<\/strong> esenciales para el suministro de energ\u00eda a los trenes.<\/p>\n\n\n\n<p class=\"wp-block-paragraph\">La suspensi\u00f3n del servicio oblig\u00f3 a los usuarios a buscar movilizaci\u00f3n alternativa en paraderos cercanos a las estaciones. EFE inform\u00f3 que, mientras los equipos t\u00e9cnicos trabajan para restablecer el suministro, las salidas se est\u00e1n realizando de forma parcial entre Coronel y Juan Pablo II.<\/p>\n\n\n\n<p class=\"wp-block-paragraph\">Entre los servicios que quedaron suspendidos, destacaron las salidas en horarios punta como:<\/p>\n\n\n\n<p class=\"wp-block-paragraph\">Salidas de Coronel a Concepci\u00f3n de las 06:55 y 07:25 horas.<\/p>\n\n\n\n<p class=\"wp-block-paragraph\">Salida de Concepci\u00f3n a Mercado 07:50 horas.<\/p>\n\n\n\n<p class=\"wp-block-paragraph\">Salida de Hualqui a Mercado 09:15 horas.<\/p>\n\n\n\n<p class=\"wp-block-paragraph\">La empresa ha se\u00f1alado que la reposici\u00f3n de estos cables es fundamental para normalizar el servicio ferroviario.<\/p>\n","protected":false},"excerpt":{"rendered":"<p>La empresa EFE Sur se vio obligada a suspender al menos cinco servicios del Biotren durante la ma\u00f1ana<\/p>\n","protected":false},"author":5,"featured_media":12505,"comment_status":"open","ping_status":"open","sticky":false,"template":"","format":"standard","meta":{"_crdt_document":"","_uag_custom_page_level_css":"","_sitemap_exclude":false,"_sitemap_priority":"","_sitemap_frequency":"","_joinchat":[],"footnotes":""},"categories":[504,14,529],"tags":[63],"class_list":["post-12504","post","type-post","status-publish","format-standard","has-post-thumbnail","hentry","category-crimen","category-nacional","category-transporte-publico","tag-regiondelbiobio"],"featured_image_urls":{"full":["https:\/\/www.koncevisiontv.cl\/web\/wp-content\/uploads\/2025\/11\/biotren-3.webp",1200,633,false],"thumbnail":["https:\/\/www.koncevisiontv.cl\/web\/wp-content\/uploads\/2025\/11\/biotren-3-150x150.webp",150,150,true],"medium":["https:\/\/www.koncevisiontv.cl\/web\/wp-content\/uploads\/2025\/11\/biotren-3-300x158.webp",300,158,true],"medium_large":["https:\/\/www.koncevisiontv.cl\/web\/wp-content\/uploads\/2025\/11\/biotren-3-768x405.webp",640,338,true],"large":["https:\/\/www.koncevisiontv.cl\/web\/wp-content\/uploads\/2025\/11\/biotren-3-1024x540.webp",640,338,true],"1536x1536":["https:\/\/www.koncevisiontv.cl\/web\/wp-content\/uploads\/2025\/11\/biotren-3.webp",1200,633,false],"2048x2048":["https:\/\/www.koncevisiontv.cl\/web\/wp-content\/uploads\/2025\/11\/biotren-3.webp",1200,633,false],"darknews-featured":["https:\/\/www.koncevisiontv.cl\/web\/wp-content\/uploads\/2025\/11\/biotren-3-1024x540.webp",1024,540,true],"darknews-large":["https:\/\/www.koncevisiontv.cl\/web\/wp-content\/uploads\/2025\/11\/biotren-3-825x575.webp",825,575,true],"darknews-medium":["https:\/\/www.koncevisiontv.cl\/web\/wp-content\/uploads\/2025\/11\/biotren-3-590x410.webp",590,410,true]},"author_info":{"info":["Web-Master"]},"category_info":"<a href=\"https:\/\/www.koncevisiontv.cl\/web\/category\/crimen\/\" rel=\"category tag\">Crimen<\/a> <a href=\"https:\/\/www.koncevisiontv.cl\/web\/category\/nacional\/\" rel=\"category tag\">Nacional<\/a> <a href=\"https:\/\/www.koncevisiontv.cl\/web\/category\/transporte-publico\/\" rel=\"category tag\">Transporte p\u00fablico<\/a>","tag_info":"Transporte p\u00fablico","comment_count":"0","uagb_featured_image_src":{"full":["https:\/\/www.koncevisiontv.cl\/web\/wp-content\/uploads\/2025\/11\/biotren-3.webp",1200,633,false],"thumbnail":["https:\/\/www.koncevisiontv.cl\/web\/wp-content\/uploads\/2025\/11\/biotren-3-150x150.webp",150,150,true],"medium":["https:\/\/www.koncevisiontv.cl\/web\/wp-content\/uploads\/2025\/11\/biotren-3-300x158.webp",300,158,true],"medium_large":["https:\/\/www.koncevisiontv.cl\/web\/wp-content\/uploads\/2025\/11\/biotren-3-768x405.webp",640,338,true],"large":["https:\/\/www.koncevisiontv.cl\/web\/wp-content\/uploads\/2025\/11\/biotren-3-1024x540.webp",640,338,true],"1536x1536":["https:\/\/www.koncevisiontv.cl\/web\/wp-content\/uploads\/2025\/11\/biotren-3.webp",1200,633,false],"2048x2048":["https:\/\/www.koncevisiontv.cl\/web\/wp-content\/uploads\/2025\/11\/biotren-3.webp",1200,633,false],"darknews-featured":["https:\/\/www.koncevisiontv.cl\/web\/wp-content\/uploads\/2025\/11\/biotren-3-1024x540.webp",1024,540,true],"darknews-large":["https:\/\/www.koncevisiontv.cl\/web\/wp-content\/uploads\/2025\/11\/biotren-3-825x575.webp",825,575,true],"darknews-medium":["https:\/\/www.koncevisiontv.cl\/web\/wp-content\/uploads\/2025\/11\/biotren-3-590x410.webp",590,410,true]},"uagb_author_info":{"display_name":"Web-Master","author_link":"https:\/\/www.koncevisiontv.cl\/web\/author\/koncevision\/"},"uagb_comment_info":0,"uagb_excerpt":"La empresa EFE Sur se vio obligada a suspender al menos cinco servicios del Biotren durante la ma\u00f1ana","_links":{"self":[{"href":"https:\/\/www.koncevisiontv.cl\/web\/wp-json\/wp\/v2\/posts\/12504","targetHints":{"allow":["GET"]}}],"collection":[{"href":"https:\/\/www.koncevisiontv.cl\/web\/wp-json\/wp\/v2\/posts"}],"about":[{"href":"https:\/\/www.koncevisiontv.cl\/web\/wp-json\/wp\/v2\/types\/post"}],"author":[{"embeddable":true,"href":"https:\/\/www.koncevisiontv.cl\/web\/wp-json\/wp\/v2\/users\/5"}],"replies":[{"embeddable":true,"href":"https:\/\/www.koncevisiontv.cl\/web\/wp-json\/wp\/v2\/comments?post=12504"}],"version-history":[{"count":1,"href":"https:\/\/www.koncevisiontv.cl\/web\/wp-json\/wp\/v2\/posts\/12504\/revisions"}],"predecessor-version":[{"id":12506,"href":"https:\/\/www.koncevisiontv.cl\/web\/wp-json\/wp\/v2\/posts\/12504\/revisions\/12506"}],"wp:featuredmedia":[{"embeddable":true,"href":"https:\/\/www.koncevisiontv.cl\/web\/wp-json\/wp\/v2\/media\/12505"}],"wp:attachment":[{"href":"https:\/\/www.koncevisiontv.cl\/web\/wp-json\/wp\/v2\/media?parent=12504"}],"wp:term":[{"taxonomy":"category","embeddable":true,"href":"https:\/\/www.koncevisiontv.cl\/web\/wp-json\/wp\/v2\/categories?post=12504"},{"taxonomy":"post_tag","embeddable":true,"href":"https:\/\/www.koncevisiontv.cl\/web\/wp-json\/wp\/v2\/tags?post=12504"}],"curies":[{"name":"wp","href":"https:\/\/api.w.org\/{rel}","templated":true}]}}