{"id":1489,"date":"2024-09-02T11:00:39","date_gmt":"2024-09-02T15:00:39","guid":{"rendered":"https:\/\/www.koncevisiontv.cl\/web\/?p=1489"},"modified":"2024-09-02T11:00:39","modified_gmt":"2024-09-02T15:00:39","slug":"hombre-muere-electrocutado-robando-cables-en-camara-subterranea-en-concepcion","status":"publish","type":"post","link":"https:\/\/www.koncevisiontv.cl\/web\/hombre-muere-electrocutado-robando-cables-en-camara-subterranea-en-concepcion\/","title":{"rendered":"Hombre muere electrocutado robando cables en c\u00e1mara subterr\u00e1nea en Concepci\u00f3n"},"content":{"rendered":"<p><img loading=\"lazy\" decoding=\"async\" class=\"alignleft size-full wp-image-1135\" src=\"https:\/\/www.koncevisiontv.cl\/web\/wp-content\/uploads\/2024\/08\/Detienen-a-hijos-de-comerciante-penquista-baleado-scaled.jpg\" alt=\"Carro Policial PDI\" width=\"2560\" height=\"1440\" title=\"\" srcset=\"https:\/\/www.koncevisiontv.cl\/web\/wp-content\/uploads\/2024\/08\/Detienen-a-hijos-de-comerciante-penquista-baleado-scaled.jpg 2560w, https:\/\/www.koncevisiontv.cl\/web\/wp-content\/uploads\/2024\/08\/Detienen-a-hijos-de-comerciante-penquista-baleado-300x169.jpg 300w, https:\/\/www.koncevisiontv.cl\/web\/wp-content\/uploads\/2024\/08\/Detienen-a-hijos-de-comerciante-penquista-baleado-1024x576.jpg 1024w, https:\/\/www.koncevisiontv.cl\/web\/wp-content\/uploads\/2024\/08\/Detienen-a-hijos-de-comerciante-penquista-baleado-768x432.jpg 768w, https:\/\/www.koncevisiontv.cl\/web\/wp-content\/uploads\/2024\/08\/Detienen-a-hijos-de-comerciante-penquista-baleado-1536x864.jpg 1536w, https:\/\/www.koncevisiontv.cl\/web\/wp-content\/uploads\/2024\/08\/Detienen-a-hijos-de-comerciante-penquista-baleado-2048x1152.jpg 2048w\" sizes=\"auto, (max-width: 2560px) 100vw, 2560px\" \/><\/p>\n<p>Un hombre fue hallado sin vida en una c\u00e1mara subterr\u00e1nea de CGE en Avenida 21 de Mayo, Concepci\u00f3n, regi\u00f3n del B\u00edo B\u00edo. Seg\u00fan las fuentes, el tr\u00e1gico incidente ocurri\u00f3 cuando dos individuos intentaban sustraer cables de la c\u00e1mara.<\/p>\n<p>El subprefecto Enrique Guzm\u00e1n, jefe subrogante de la Brigada de Homicidios de la PDI, inform\u00f3 que la investigaci\u00f3n revel\u00f3 que la v\u00edctima presentaba m\u00faltiples quemaduras debido a una descarga el\u00e9ctrica. Guzm\u00e1n explic\u00f3 que, durante el intento de robo de cables el\u00e9ctricos, se produjo una explosi\u00f3n que result\u00f3 en la muerte del hombre en el lugar.<\/p>\n<p style=\"text-align: left;\">El incidente en el sector de Lorenzo Arenas, en la intersecci\u00f3n de Avenida 21 de Mayo con Jorge Alessandri, provoc\u00f3 un apag\u00f3n que afect\u00f3 a m\u00e1s de 5,000 residentes de la zona.<\/p>\n<p>&nbsp;<\/p>\n<p>&nbsp;<\/p>\n<p>&nbsp;<\/p>\n","protected":false},"excerpt":{"rendered":"<p>Un hombre fue hallado sin vida en una c\u00e1mara subterr\u00e1nea de CGE en Avenida 21 de Mayo, Concepci\u00f3n,<\/p>\n","protected":false},"author":5,"featured_media":1135,"comment_status":"open","ping_status":"open","sticky":false,"template":"","format":"standard","meta":{"_crdt_document":"","_uag_custom_page_level_css":"","_sitemap_exclude":false,"_sitemap_priority":"","_sitemap_frequency":"","_joinchat":[],"footnotes":""},"categories":[1],"tags":[],"class_list":["post-1489","post","type-post","status-publish","format-standard","has-post-thumbnail","hentry","category-bio-bio"],"featured_image_urls":{"full":["https:\/\/www.koncevisiontv.cl\/web\/wp-content\/uploads\/2024\/08\/Detienen-a-hijos-de-comerciante-penquista-baleado-scaled.jpg",2560,1440,false],"thumbnail":["https:\/\/www.koncevisiontv.cl\/web\/wp-content\/uploads\/2024\/08\/Detienen-a-hijos-de-comerciante-penquista-baleado-150x150.jpg",150,150,true],"medium":["https:\/\/www.koncevisiontv.cl\/web\/wp-content\/uploads\/2024\/08\/Detienen-a-hijos-de-comerciante-penquista-baleado-300x169.jpg",300,169,true],"medium_large":["https:\/\/www.koncevisiontv.cl\/web\/wp-content\/uploads\/2024\/08\/Detienen-a-hijos-de-comerciante-penquista-baleado-768x432.jpg",640,360,true],"large":["https:\/\/www.koncevisiontv.cl\/web\/wp-content\/uploads\/2024\/08\/Detienen-a-hijos-de-comerciante-penquista-baleado-1024x576.jpg",640,360,true],"1536x1536":["https:\/\/www.koncevisiontv.cl\/web\/wp-content\/uploads\/2024\/08\/Detienen-a-hijos-de-comerciante-penquista-baleado-1536x864.jpg",1536,864,true],"2048x2048":["https:\/\/www.koncevisiontv.cl\/web\/wp-content\/uploads\/2024\/08\/Detienen-a-hijos-de-comerciante-penquista-baleado-2048x1152.jpg",2048,1152,true],"darknews-featured":["https:\/\/www.koncevisiontv.cl\/web\/wp-content\/uploads\/2024\/08\/Detienen-a-hijos-de-comerciante-penquista-baleado-1024x576.jpg",1024,576,true],"darknews-large":["https:\/\/www.koncevisiontv.cl\/web\/wp-content\/uploads\/2024\/08\/Detienen-a-hijos-de-comerciante-penquista-baleado-825x575.jpg",825,575,true],"darknews-medium":["https:\/\/www.koncevisiontv.cl\/web\/wp-content\/uploads\/2024\/08\/Detienen-a-hijos-de-comerciante-penquista-baleado-590x410.jpg",590,410,true]},"author_info":{"info":["Web-Master"]},"category_info":"<a href=\"https:\/\/www.koncevisiontv.cl\/web\/category\/bio-bio\/\" rel=\"category tag\">Bio-B\u00edo<\/a>","tag_info":"Bio-B\u00edo","comment_count":"0","uagb_featured_image_src":{"full":["https:\/\/www.koncevisiontv.cl\/web\/wp-content\/uploads\/2024\/08\/Detienen-a-hijos-de-comerciante-penquista-baleado-scaled.jpg",2560,1440,false],"thumbnail":["https:\/\/www.koncevisiontv.cl\/web\/wp-content\/uploads\/2024\/08\/Detienen-a-hijos-de-comerciante-penquista-baleado-150x150.jpg",150,150,true],"medium":["https:\/\/www.koncevisiontv.cl\/web\/wp-content\/uploads\/2024\/08\/Detienen-a-hijos-de-comerciante-penquista-baleado-300x169.jpg",300,169,true],"medium_large":["https:\/\/www.koncevisiontv.cl\/web\/wp-content\/uploads\/2024\/08\/Detienen-a-hijos-de-comerciante-penquista-baleado-768x432.jpg",640,360,true],"large":["https:\/\/www.koncevisiontv.cl\/web\/wp-content\/uploads\/2024\/08\/Detienen-a-hijos-de-comerciante-penquista-baleado-1024x576.jpg",640,360,true],"1536x1536":["https:\/\/www.koncevisiontv.cl\/web\/wp-content\/uploads\/2024\/08\/Detienen-a-hijos-de-comerciante-penquista-baleado-1536x864.jpg",1536,864,true],"2048x2048":["https:\/\/www.koncevisiontv.cl\/web\/wp-content\/uploads\/2024\/08\/Detienen-a-hijos-de-comerciante-penquista-baleado-2048x1152.jpg",2048,1152,true],"darknews-featured":["https:\/\/www.koncevisiontv.cl\/web\/wp-content\/uploads\/2024\/08\/Detienen-a-hijos-de-comerciante-penquista-baleado-1024x576.jpg",1024,576,true],"darknews-large":["https:\/\/www.koncevisiontv.cl\/web\/wp-content\/uploads\/2024\/08\/Detienen-a-hijos-de-comerciante-penquista-baleado-825x575.jpg",825,575,true],"darknews-medium":["https:\/\/www.koncevisiontv.cl\/web\/wp-content\/uploads\/2024\/08\/Detienen-a-hijos-de-comerciante-penquista-baleado-590x410.jpg",590,410,true]},"uagb_author_info":{"display_name":"Web-Master","author_link":"https:\/\/www.koncevisiontv.cl\/web\/author\/koncevision\/"},"uagb_comment_info":0,"uagb_excerpt":"Un hombre fue hallado sin vida en una c\u00e1mara subterr\u00e1nea de CGE en Avenida 21 de Mayo, Concepci\u00f3n,","_links":{"self":[{"href":"https:\/\/www.koncevisiontv.cl\/web\/wp-json\/wp\/v2\/posts\/1489","targetHints":{"allow":["GET"]}}],"collection":[{"href":"https:\/\/www.koncevisiontv.cl\/web\/wp-json\/wp\/v2\/posts"}],"about":[{"href":"https:\/\/www.koncevisiontv.cl\/web\/wp-json\/wp\/v2\/types\/post"}],"author":[{"embeddable":true,"href":"https:\/\/www.koncevisiontv.cl\/web\/wp-json\/wp\/v2\/users\/5"}],"replies":[{"embeddable":true,"href":"https:\/\/www.koncevisiontv.cl\/web\/wp-json\/wp\/v2\/comments?post=1489"}],"version-history":[{"count":1,"href":"https:\/\/www.koncevisiontv.cl\/web\/wp-json\/wp\/v2\/posts\/1489\/revisions"}],"predecessor-version":[{"id":1490,"href":"https:\/\/www.koncevisiontv.cl\/web\/wp-json\/wp\/v2\/posts\/1489\/revisions\/1490"}],"wp:featuredmedia":[{"embeddable":true,"href":"https:\/\/www.koncevisiontv.cl\/web\/wp-json\/wp\/v2\/media\/1135"}],"wp:attachment":[{"href":"https:\/\/www.koncevisiontv.cl\/web\/wp-json\/wp\/v2\/media?parent=1489"}],"wp:term":[{"taxonomy":"category","embeddable":true,"href":"https:\/\/www.koncevisiontv.cl\/web\/wp-json\/wp\/v2\/categories?post=1489"},{"taxonomy":"post_tag","embeddable":true,"href":"https:\/\/www.koncevisiontv.cl\/web\/wp-json\/wp\/v2\/tags?post=1489"}],"curies":[{"name":"wp","href":"https:\/\/api.w.org\/{rel}","templated":true}]}}