{"id":1696,"date":"2024-09-10T22:45:53","date_gmt":"2024-09-11T01:45:53","guid":{"rendered":"https:\/\/www.koncevisiontv.cl\/web\/?p=1696"},"modified":"2024-09-10T22:50:21","modified_gmt":"2024-09-11T01:50:21","slug":"hombre-se-prende-fuego-frente-a-la-moneda","status":"publish","type":"post","link":"https:\/\/www.koncevisiontv.cl\/web\/hombre-se-prende-fuego-frente-a-la-moneda\/","title":{"rendered":"Hombre se Prende Fuego Frente a La Moneda"},"content":{"rendered":"\n<div class=\"wp-block-uagb-image uagb-block-eb1cd3fe wp-block-uagb-image--layout-default wp-block-uagb-image--effect-static wp-block-uagb-image--align-none\"><figure class=\"wp-block-uagb-image__figure\"><img decoding=\"async\" srcset=\"https:\/\/www.koncevisiontv.cl\/web\/wp-content\/uploads\/2024\/09\/Screenshot_20240910-220925_Photos.jpg ,https:\/\/www.koncevisiontv.cl\/web\/wp-content\/uploads\/2024\/09\/Screenshot_20240910-220925_Photos.jpg 780w, https:\/\/www.koncevisiontv.cl\/web\/wp-content\/uploads\/2024\/09\/Screenshot_20240910-220925_Photos.jpg 360w\" sizes=\"auto, (max-width: 480px) 150px\" src=\"https:\/\/www.koncevisiontv.cl\/web\/wp-content\/uploads\/2024\/09\/Screenshot_20240910-220925_Photos.jpg\" alt=\"\" class=\"uag-image-1697\" width=\"638\" height=\"323\" title=\"Screenshot_20240910-220925_Photos\" loading=\"lazy\" role=\"img\"><\/figure><\/div>\n\n\n\n<p class=\"wp-block-paragraph\"><\/p>\n\n\n\n<p class=\"wp-block-paragraph\">En un impactante incidente ocurrido en pleno centro de Santiago, un hombre de 35 a\u00f1os se prendi\u00f3 fuego a lo bonzo frente al Palacio de La Moneda, espec\u00edficamente en el Paseo Bulnes. El individuo, tras rociarse con acelerante, camin\u00f3 en llamas por cerca de un minuto antes de ser auxiliado por personal de Control de Orden P\u00fablico (COP) de Carabineros.<\/p>\n\n\n\n<h2 class=\"wp-block-heading\">Reacci\u00f3n de los testigos<\/h2>\n\n\n\n<p class=\"wp-block-paragraph\">El hecho sorprendi\u00f3 a los transe\u00fantes, quienes no pod\u00edan creer lo que ve\u00edan. Algunos testigos relataron la escena impactante:<\/p>\n\n\n\n<ul class=\"wp-block-list\">\n<li>&#8220;Es fuerte ver c\u00f3mo una persona de la nada se prende y verla rodeada de fuego. Fue una escena muy dura&#8221;.<\/li>\n\n\n\n<li>&#8220;Lo vi caminar en c\u00e1mara lenta hasta que finalmente cay\u00f3. La gente que estaba m\u00e1s cerca intent\u00f3 ayudar, pero cuando lleg\u00f3 la ayuda, ya estaba en el suelo&#8221;.<\/li>\n\n\n\n<li>&#8220;Me pareci\u00f3 muy fuerte ver c\u00f3mo algunos tomaban sus celulares para grabar, en vez de ayudar, fue brutal&#8221;.<\/li>\n<\/ul>\n\n\n\n<figure class=\"wp-block-video\"><video controls src=\"https:\/\/www.koncevisiontv.cl\/web\/wp-content\/uploads\/2024\/09\/xdownloader_4iBZJf69i-1-1.mp4\"><\/video><\/figure>\n\n\n\n<h2 class=\"wp-block-heading\"><strong>Intervenci\u00f3n de las autoridades<\/strong><\/h2>\n\n\n\n<p class=\"wp-block-paragraph\">R\u00e1pidamente, equipos de emergencia, entre ellos Carabineros, Bomberos y ambulancias, llegaron al lugar para socorrer al hombre. Finalmente, el individuo fue trasladado a la ex Posta Central consciente y con afectaci\u00f3n en sus v\u00edas respiratorias.El incidente, que se mantiene bajo investigaci\u00f3n, dej\u00f3 una gran conmoci\u00f3n en la zona, con restos de humo a\u00fan visibles en el aire.<\/p>\n\n\n\n<p class=\"wp-block-paragraph\"><\/p>\n","protected":false},"excerpt":{"rendered":"<p>En un impactante incidente ocurrido en pleno centro de Santiago, un hombre de 35 a\u00f1os se prendi\u00f3 fuego<\/p>\n","protected":false},"author":5,"featured_media":1697,"comment_status":"open","ping_status":"open","sticky":false,"template":"","format":"standard","meta":{"_crdt_document":"","_uag_custom_page_level_css":"","_sitemap_exclude":false,"_sitemap_priority":"","_sitemap_frequency":"","_joinchat":[],"footnotes":""},"categories":[8],"tags":[],"class_list":["post-1696","post","type-post","status-publish","format-standard","has-post-thumbnail","hentry","category-sin-censura"],"featured_image_urls":{"full":["https:\/\/www.koncevisiontv.cl\/web\/wp-content\/uploads\/2024\/09\/Screenshot_20240910-220925_Photos.jpg",720,384,false],"thumbnail":["https:\/\/www.koncevisiontv.cl\/web\/wp-content\/uploads\/2024\/09\/Screenshot_20240910-220925_Photos-150x150.jpg",150,150,true],"medium":["https:\/\/www.koncevisiontv.cl\/web\/wp-content\/uploads\/2024\/09\/Screenshot_20240910-220925_Photos-300x160.jpg",300,160,true],"medium_large":["https:\/\/www.koncevisiontv.cl\/web\/wp-content\/uploads\/2024\/09\/Screenshot_20240910-220925_Photos.jpg",640,341,false],"large":["https:\/\/www.koncevisiontv.cl\/web\/wp-content\/uploads\/2024\/09\/Screenshot_20240910-220925_Photos.jpg",640,341,false],"1536x1536":["https:\/\/www.koncevisiontv.cl\/web\/wp-content\/uploads\/2024\/09\/Screenshot_20240910-220925_Photos.jpg",720,384,false],"2048x2048":["https:\/\/www.koncevisiontv.cl\/web\/wp-content\/uploads\/2024\/09\/Screenshot_20240910-220925_Photos.jpg",720,384,false],"darknews-featured":["https:\/\/www.koncevisiontv.cl\/web\/wp-content\/uploads\/2024\/09\/Screenshot_20240910-220925_Photos.jpg",720,384,false],"darknews-large":["https:\/\/www.koncevisiontv.cl\/web\/wp-content\/uploads\/2024\/09\/Screenshot_20240910-220925_Photos.jpg",720,384,false],"darknews-medium":["https:\/\/www.koncevisiontv.cl\/web\/wp-content\/uploads\/2024\/09\/Screenshot_20240910-220925_Photos-590x384.jpg",590,384,true]},"author_info":{"info":["Web-Master"]},"category_info":"<a href=\"https:\/\/www.koncevisiontv.cl\/web\/category\/sin-censura\/\" rel=\"category tag\">Sin Censura<\/a>","tag_info":"Sin Censura","comment_count":"0","uagb_featured_image_src":{"full":["https:\/\/www.koncevisiontv.cl\/web\/wp-content\/uploads\/2024\/09\/Screenshot_20240910-220925_Photos.jpg",720,384,false],"thumbnail":["https:\/\/www.koncevisiontv.cl\/web\/wp-content\/uploads\/2024\/09\/Screenshot_20240910-220925_Photos-150x150.jpg",150,150,true],"medium":["https:\/\/www.koncevisiontv.cl\/web\/wp-content\/uploads\/2024\/09\/Screenshot_20240910-220925_Photos-300x160.jpg",300,160,true],"medium_large":["https:\/\/www.koncevisiontv.cl\/web\/wp-content\/uploads\/2024\/09\/Screenshot_20240910-220925_Photos.jpg",640,341,false],"large":["https:\/\/www.koncevisiontv.cl\/web\/wp-content\/uploads\/2024\/09\/Screenshot_20240910-220925_Photos.jpg",640,341,false],"1536x1536":["https:\/\/www.koncevisiontv.cl\/web\/wp-content\/uploads\/2024\/09\/Screenshot_20240910-220925_Photos.jpg",720,384,false],"2048x2048":["https:\/\/www.koncevisiontv.cl\/web\/wp-content\/uploads\/2024\/09\/Screenshot_20240910-220925_Photos.jpg",720,384,false],"darknews-featured":["https:\/\/www.koncevisiontv.cl\/web\/wp-content\/uploads\/2024\/09\/Screenshot_20240910-220925_Photos.jpg",720,384,false],"darknews-large":["https:\/\/www.koncevisiontv.cl\/web\/wp-content\/uploads\/2024\/09\/Screenshot_20240910-220925_Photos.jpg",720,384,false],"darknews-medium":["https:\/\/www.koncevisiontv.cl\/web\/wp-content\/uploads\/2024\/09\/Screenshot_20240910-220925_Photos-590x384.jpg",590,384,true]},"uagb_author_info":{"display_name":"Web-Master","author_link":"https:\/\/www.koncevisiontv.cl\/web\/author\/koncevision\/"},"uagb_comment_info":0,"uagb_excerpt":"En un impactante incidente ocurrido en pleno centro de Santiago, un hombre de 35 a\u00f1os se prendi\u00f3 fuego","_links":{"self":[{"href":"https:\/\/www.koncevisiontv.cl\/web\/wp-json\/wp\/v2\/posts\/1696","targetHints":{"allow":["GET"]}}],"collection":[{"href":"https:\/\/www.koncevisiontv.cl\/web\/wp-json\/wp\/v2\/posts"}],"about":[{"href":"https:\/\/www.koncevisiontv.cl\/web\/wp-json\/wp\/v2\/types\/post"}],"author":[{"embeddable":true,"href":"https:\/\/www.koncevisiontv.cl\/web\/wp-json\/wp\/v2\/users\/5"}],"replies":[{"embeddable":true,"href":"https:\/\/www.koncevisiontv.cl\/web\/wp-json\/wp\/v2\/comments?post=1696"}],"version-history":[{"count":3,"href":"https:\/\/www.koncevisiontv.cl\/web\/wp-json\/wp\/v2\/posts\/1696\/revisions"}],"predecessor-version":[{"id":1704,"href":"https:\/\/www.koncevisiontv.cl\/web\/wp-json\/wp\/v2\/posts\/1696\/revisions\/1704"}],"wp:featuredmedia":[{"embeddable":true,"href":"https:\/\/www.koncevisiontv.cl\/web\/wp-json\/wp\/v2\/media\/1697"}],"wp:attachment":[{"href":"https:\/\/www.koncevisiontv.cl\/web\/wp-json\/wp\/v2\/media?parent=1696"}],"wp:term":[{"taxonomy":"category","embeddable":true,"href":"https:\/\/www.koncevisiontv.cl\/web\/wp-json\/wp\/v2\/categories?post=1696"},{"taxonomy":"post_tag","embeddable":true,"href":"https:\/\/www.koncevisiontv.cl\/web\/wp-json\/wp\/v2\/tags?post=1696"}],"curies":[{"name":"wp","href":"https:\/\/api.w.org\/{rel}","templated":true}]}}