{"id":1705,"date":"2024-09-11T12:18:32","date_gmt":"2024-09-11T15:18:32","guid":{"rendered":"https:\/\/www.koncevisiontv.cl\/web\/?p=1705"},"modified":"2024-09-11T13:38:33","modified_gmt":"2024-09-11T16:38:33","slug":"andres-chadwick-responde-a-acusaciones-de-lobby","status":"publish","type":"post","link":"https:\/\/www.koncevisiontv.cl\/web\/andres-chadwick-responde-a-acusaciones-de-lobby\/","title":{"rendered":"Andr\u00e9s Chadwick responde a acusaciones de lobby por STF Capital"},"content":{"rendered":"\n<div class=\"wp-block-uagb-image uagb-block-da9ad522 wp-block-uagb-image--layout-default wp-block-uagb-image--effect-static wp-block-uagb-image--align-none\"><figure class=\"wp-block-uagb-image__figure\"><img decoding=\"async\" srcset=\"https:\/\/www.koncevisiontv.cl\/web\/wp-content\/uploads\/2024\/09\/chadwick-con-hermosilla-.jpg ,https:\/\/www.koncevisiontv.cl\/web\/wp-content\/uploads\/2024\/09\/chadwick-con-hermosilla-.jpg 780w, https:\/\/www.koncevisiontv.cl\/web\/wp-content\/uploads\/2024\/09\/chadwick-con-hermosilla-.jpg 360w\" sizes=\"auto, (max-width: 480px) 150px\" src=\"https:\/\/www.koncevisiontv.cl\/web\/wp-content\/uploads\/2024\/09\/chadwick-con-hermosilla-.jpg\" alt=\"Andres Chadwick\" class=\"uag-image-1706\" width=\"840\" height=\"484\" title=\"chadwick-con-hermosilla-\" loading=\"lazy\" role=\"img\"\/><\/figure><\/div>\n\n\n\n<p class=\"wp-block-paragraph\"><\/p>\n\n\n\n<p class=\"wp-block-paragraph\">El exministro del Interior, Andr\u00e9s Chadwick, respondi\u00f3 a las acusaciones relacionadas con presunto lobby en favor de STF Capital, empresa vinculada a los hermanos Daniel y Ariel Sauer. Seg\u00fan un informe de la <a href=\"https:\/\/www.cmf.cl\" target=\"_blank\" rel=\"noreferrer noopener\">Comisi\u00f3n para el Mercado F<\/a><a href=\"https:\/\/www.cmf.cl\" target=\"_blank\" rel=\"noopener\">inanciero<\/a> (CMF), Chadwick contact\u00f3 a Augusto Iglesias, comisionado del organismo, durante la supervisi\u00f3n a la firma en 2023. El exministro neg\u00f3 cualquier tipo de gesti\u00f3n indebida, se\u00f1alando que la llamada se realiz\u00f3 en el marco de consultas sobre procedimientos regulatorios, lo que no infringe la ley de lobby. &#8220;Se me solicit\u00f3 hacer una consulta meramente sobre los procedimientos regulatorios para realizar aportes&#8221;, declar\u00f3 Chadwick. Adem\u00e1s, enfatiz\u00f3 que no ten\u00eda v\u00ednculos con STF Capital ni con sus representantes y que, en el momento de la consulta, no ocupaba ning\u00fan cargo p\u00fablico.<\/p>\n\n\n\n<p class=\"wp-block-paragraph\">La <a href=\"https:\/\/www.cmf.cl\" target=\"_blank\" rel=\"noreferrer noopener\">CMF <\/a>investigaba a STF Capital por incumplimientos normativos, y Chadwick asegur\u00f3 que su intervenci\u00f3n se limit\u00f3 a obtener informaci\u00f3n para cumplir con los requisitos regulatorios. Este caso se desarrolla en medio de una investigaci\u00f3n mayor, que involucra a abogados de la empresa por otras acusaciones en el caso Audio.<\/p>\n\n\n\n<p class=\"wp-block-paragraph\"><\/p>\n","protected":false},"excerpt":{"rendered":"<p>El exministro del Interior, Andr\u00e9s Chadwick, respondi\u00f3 a las acusaciones relacionadas con presunto lobby en favor de STF<\/p>\n","protected":false},"author":5,"featured_media":1706,"comment_status":"open","ping_status":"open","sticky":false,"template":"","format":"standard","meta":{"_crdt_document":"","_uag_custom_page_level_css":"","_sitemap_exclude":false,"_sitemap_priority":"","_sitemap_frequency":"","_joinchat":[],"footnotes":""},"categories":[8,212,205,16],"tags":[],"class_list":["post-1705","post","type-post","status-publish","format-standard","has-post-thumbnail","hentry","category-sin-censura","category-caso-hermosilla","category-impacto","category-politica"],"featured_image_urls":{"full":["https:\/\/www.koncevisiontv.cl\/web\/wp-content\/uploads\/2024\/09\/chadwick-con-hermosilla-.jpg",640,369,false],"thumbnail":["https:\/\/www.koncevisiontv.cl\/web\/wp-content\/uploads\/2024\/09\/chadwick-con-hermosilla--150x150.jpg",150,150,true],"medium":["https:\/\/www.koncevisiontv.cl\/web\/wp-content\/uploads\/2024\/09\/chadwick-con-hermosilla--300x173.jpg",300,173,true],"medium_large":["https:\/\/www.koncevisiontv.cl\/web\/wp-content\/uploads\/2024\/09\/chadwick-con-hermosilla-.jpg",640,369,false],"large":["https:\/\/www.koncevisiontv.cl\/web\/wp-content\/uploads\/2024\/09\/chadwick-con-hermosilla-.jpg",640,369,false],"1536x1536":["https:\/\/www.koncevisiontv.cl\/web\/wp-content\/uploads\/2024\/09\/chadwick-con-hermosilla-.jpg",640,369,false],"2048x2048":["https:\/\/www.koncevisiontv.cl\/web\/wp-content\/uploads\/2024\/09\/chadwick-con-hermosilla-.jpg",640,369,false],"darknews-featured":["https:\/\/www.koncevisiontv.cl\/web\/wp-content\/uploads\/2024\/09\/chadwick-con-hermosilla-.jpg",640,369,false],"darknews-large":["https:\/\/www.koncevisiontv.cl\/web\/wp-content\/uploads\/2024\/09\/chadwick-con-hermosilla-.jpg",640,369,false],"darknews-medium":["https:\/\/www.koncevisiontv.cl\/web\/wp-content\/uploads\/2024\/09\/chadwick-con-hermosilla--590x369.jpg",590,369,true]},"author_info":{"info":["Web-Master"]},"category_info":"<a href=\"https:\/\/www.koncevisiontv.cl\/web\/category\/sin-censura\/\" rel=\"category tag\">Sin Censura<\/a> <a href=\"https:\/\/www.koncevisiontv.cl\/web\/category\/caso-hermosilla\/\" rel=\"category tag\">Caso Hermosilla<\/a> <a href=\"https:\/\/www.koncevisiontv.cl\/web\/category\/impacto\/\" rel=\"category tag\">Impacto<\/a> <a href=\"https:\/\/www.koncevisiontv.cl\/web\/category\/politica\/\" rel=\"category tag\">Politica<\/a>","tag_info":"Politica","comment_count":"0","uagb_featured_image_src":{"full":["https:\/\/www.koncevisiontv.cl\/web\/wp-content\/uploads\/2024\/09\/chadwick-con-hermosilla-.jpg",640,369,false],"thumbnail":["https:\/\/www.koncevisiontv.cl\/web\/wp-content\/uploads\/2024\/09\/chadwick-con-hermosilla--150x150.jpg",150,150,true],"medium":["https:\/\/www.koncevisiontv.cl\/web\/wp-content\/uploads\/2024\/09\/chadwick-con-hermosilla--300x173.jpg",300,173,true],"medium_large":["https:\/\/www.koncevisiontv.cl\/web\/wp-content\/uploads\/2024\/09\/chadwick-con-hermosilla-.jpg",640,369,false],"large":["https:\/\/www.koncevisiontv.cl\/web\/wp-content\/uploads\/2024\/09\/chadwick-con-hermosilla-.jpg",640,369,false],"1536x1536":["https:\/\/www.koncevisiontv.cl\/web\/wp-content\/uploads\/2024\/09\/chadwick-con-hermosilla-.jpg",640,369,false],"2048x2048":["https:\/\/www.koncevisiontv.cl\/web\/wp-content\/uploads\/2024\/09\/chadwick-con-hermosilla-.jpg",640,369,false],"darknews-featured":["https:\/\/www.koncevisiontv.cl\/web\/wp-content\/uploads\/2024\/09\/chadwick-con-hermosilla-.jpg",640,369,false],"darknews-large":["https:\/\/www.koncevisiontv.cl\/web\/wp-content\/uploads\/2024\/09\/chadwick-con-hermosilla-.jpg",640,369,false],"darknews-medium":["https:\/\/www.koncevisiontv.cl\/web\/wp-content\/uploads\/2024\/09\/chadwick-con-hermosilla--590x369.jpg",590,369,true]},"uagb_author_info":{"display_name":"Web-Master","author_link":"https:\/\/www.koncevisiontv.cl\/web\/author\/koncevision\/"},"uagb_comment_info":0,"uagb_excerpt":"El exministro del Interior, Andr\u00e9s Chadwick, respondi\u00f3 a las acusaciones relacionadas con presunto lobby en favor de STF","_links":{"self":[{"href":"https:\/\/www.koncevisiontv.cl\/web\/wp-json\/wp\/v2\/posts\/1705","targetHints":{"allow":["GET"]}}],"collection":[{"href":"https:\/\/www.koncevisiontv.cl\/web\/wp-json\/wp\/v2\/posts"}],"about":[{"href":"https:\/\/www.koncevisiontv.cl\/web\/wp-json\/wp\/v2\/types\/post"}],"author":[{"embeddable":true,"href":"https:\/\/www.koncevisiontv.cl\/web\/wp-json\/wp\/v2\/users\/5"}],"replies":[{"embeddable":true,"href":"https:\/\/www.koncevisiontv.cl\/web\/wp-json\/wp\/v2\/comments?post=1705"}],"version-history":[{"count":5,"href":"https:\/\/www.koncevisiontv.cl\/web\/wp-json\/wp\/v2\/posts\/1705\/revisions"}],"predecessor-version":[{"id":1712,"href":"https:\/\/www.koncevisiontv.cl\/web\/wp-json\/wp\/v2\/posts\/1705\/revisions\/1712"}],"wp:featuredmedia":[{"embeddable":true,"href":"https:\/\/www.koncevisiontv.cl\/web\/wp-json\/wp\/v2\/media\/1706"}],"wp:attachment":[{"href":"https:\/\/www.koncevisiontv.cl\/web\/wp-json\/wp\/v2\/media?parent=1705"}],"wp:term":[{"taxonomy":"category","embeddable":true,"href":"https:\/\/www.koncevisiontv.cl\/web\/wp-json\/wp\/v2\/categories?post=1705"},{"taxonomy":"post_tag","embeddable":true,"href":"https:\/\/www.koncevisiontv.cl\/web\/wp-json\/wp\/v2\/tags?post=1705"}],"curies":[{"name":"wp","href":"https:\/\/api.w.org\/{rel}","templated":true}]}}