{"id":1839,"date":"2024-09-16T22:02:26","date_gmt":"2024-09-17T01:02:26","guid":{"rendered":"https:\/\/www.koncevisiontv.cl\/web\/?p=1839"},"modified":"2024-09-16T22:09:00","modified_gmt":"2024-09-17T01:09:00","slug":"austeridad-a-la-vista-gobierno-chileno-anuncia-nuevo-recorte-de-us1-000-millones-en-gasto-publico","status":"publish","type":"post","link":"https:\/\/www.koncevisiontv.cl\/web\/austeridad-a-la-vista-gobierno-chileno-anuncia-nuevo-recorte-de-us1-000-millones-en-gasto-publico\/","title":{"rendered":"\u00bfAusteridad a la Vista? Gobierno Chileno Anuncia Nuevo Recorte de US$1.000 Millones en Gasto P\u00fablico"},"content":{"rendered":"\n<p class=\"wp-block-paragraph\"><\/p>\n\n\n\n<div class=\"wp-block-uagb-image uagb-block-883134a9 wp-block-uagb-image--layout-default wp-block-uagb-image--effect-static wp-block-uagb-image--align-none\"><figure class=\"wp-block-uagb-image__figure\"><img decoding=\"async\" srcset=\"https:\/\/www.koncevisiontv.cl\/web\/wp-content\/uploads\/2024\/09\/mario-marcel-2.jpg ,https:\/\/www.koncevisiontv.cl\/web\/wp-content\/uploads\/2024\/09\/mario-marcel-2.jpg 780w, https:\/\/www.koncevisiontv.cl\/web\/wp-content\/uploads\/2024\/09\/mario-marcel-2.jpg 360w\" sizes=\"auto, (max-width: 480px) 150px\" src=\"https:\/\/www.koncevisiontv.cl\/web\/wp-content\/uploads\/2024\/09\/mario-marcel-2.jpg\" alt=\"\" class=\"uag-image-1840\" width=\"1013\" height=\"563\" title=\"mario-marcel-2\" loading=\"lazy\" role=\"img\"><\/figure><\/div>\n\n\n\n<p class=\"wp-block-paragraph\"><\/p>\n\n\n\n<p class=\"wp-block-paragraph\">El gobierno chileno ha anunciado un nuevo recorte de gasto de al menos US$1.000 millones como parte de sus esfuerzos para enfrentar el d\u00e9ficit fiscal y mantener la estabilidad econ\u00f3mica. Este ajuste presupuestario ha generado expectaci\u00f3n y debate en torno a sus posibles efectos en diversas \u00e1reas del sector p\u00fablico y la econom\u00eda en general.<\/p>\n\n\n\n<p class=\"wp-block-paragraph\"><strong>Contexto del Recorte de Gasto P\u00fablico:<\/strong><br>Este nuevo recorte presupuestario es parte de una serie de medidas que el gobierno ha venido implementando para contener el aumento del d\u00e9ficit fiscal, provocado en gran parte por los efectos de la pandemia y las crecientes demandas sociales. El ajuste se suma a esfuerzos anteriores de racionalizaci\u00f3n del gasto, y busca asegurar que las finanzas p\u00fablicas se mantengan sostenibles en el mediano y largo plazo.<\/p>\n\n\n\n<p class=\"wp-block-paragraph\"><strong>Detalles del Ajuste Presupuestario:<\/strong><br>El recorte de US$1.000 millones afectar\u00e1 varias \u00e1reas del sector p\u00fablico, aunque el gobierno a\u00fan no ha especificado en detalle qu\u00e9 ministerios o programas ver\u00e1n reducidos sus presupuestos. Se espera que las \u00e1reas con menor impacto en servicios esenciales sean las m\u00e1s afectadas, mientras que se mantendr\u00e1n los compromisos en \u00e1reas cr\u00edticas como la salud, educaci\u00f3n y seguridad social.<\/p>\n\n\n\n<p class=\"wp-block-paragraph\"><strong>Reacciones al Recorte de Gasto:<\/strong><br>El anuncio ha generado diversas reacciones tanto en el \u00e1mbito pol\u00edtico como en el sector privado. Mientras algunos sectores valoran el esfuerzo por controlar el d\u00e9ficit fiscal, otros expresan preocupaci\u00f3n por los posibles efectos que el recorte podr\u00eda tener en la inversi\u00f3n p\u00fablica y en la recuperaci\u00f3n econ\u00f3mica del pa\u00eds. Los analistas tambi\u00e9n advierten sobre el impacto que podr\u00eda tener en la confianza de los ciudadanos en la capacidad del gobierno para gestionar la econom\u00eda.<\/p>\n\n\n\n<p class=\"wp-block-paragraph\"><strong>Posibles Implicaciones del Recorte en la Econom\u00eda:<\/strong><br>La reducci\u00f3n del gasto p\u00fablico puede tener varios efectos en la econom\u00eda chilena. Por un lado, podr\u00eda contribuir a mantener la estabilidad fiscal y a evitar un mayor endeudamiento. Sin embargo, por otro lado, podr\u00eda ralentizar el crecimiento econ\u00f3mico si las \u00e1reas afectadas incluyen inversiones en infraestructura o programas de est\u00edmulo econ\u00f3mico.<\/p>\n\n\n\n<p class=\"wp-block-paragraph\"><strong>Pr\u00f3ximos Pasos y Expectativas:<\/strong><br>El gobierno ha se\u00f1alado que el recorte de gasto ser\u00e1 implementado de manera gradual y que se tomar\u00e1n medidas para mitigar sus efectos en los sectores m\u00e1s vulnerables. Asimismo, se espera que el Ministerio de Hacienda entregue m\u00e1s detalles sobre las \u00e1reas espec\u00edficas que ser\u00e1n afectadas por el ajuste presupuestario en los pr\u00f3ximos d\u00edas.<\/p>\n\n\n\n<p class=\"wp-block-paragraph\"><br>El nuevo recorte de gasto de al menos US$1.000 millones anunciado por el gobierno chileno es una medida que busca mantener la estabilidad fiscal, pero que podr\u00eda tener implicaciones importantes en la econom\u00eda y los servicios p\u00fablicos. A medida que se conozcan m\u00e1s detalles, ser\u00e1 crucial analizar c\u00f3mo afectar\u00e1 este ajuste a las diferentes \u00e1reas del pa\u00eds.<\/p>\n","protected":false},"excerpt":{"rendered":"<p>El gobierno chileno ha anunciado un nuevo recorte de gasto de al menos US$1.000 millones como parte de<\/p>\n","protected":false},"author":5,"featured_media":1840,"comment_status":"open","ping_status":"open","sticky":false,"template":"","format":"standard","meta":{"_crdt_document":"","_uag_custom_page_level_css":"","_sitemap_exclude":false,"_sitemap_priority":"","_sitemap_frequency":"","_joinchat":[],"footnotes":""},"categories":[207,205,14,16],"tags":[],"class_list":["post-1839","post","type-post","status-publish","format-standard","has-post-thumbnail","hentry","category-economia","category-impacto","category-nacional","category-politica"],"featured_image_urls":{"full":["https:\/\/www.koncevisiontv.cl\/web\/wp-content\/uploads\/2024\/09\/mario-marcel-2.jpg",1013,563,false],"thumbnail":["https:\/\/www.koncevisiontv.cl\/web\/wp-content\/uploads\/2024\/09\/mario-marcel-2-150x150.jpg",150,150,true],"medium":["https:\/\/www.koncevisiontv.cl\/web\/wp-content\/uploads\/2024\/09\/mario-marcel-2-300x167.jpg",300,167,true],"medium_large":["https:\/\/www.koncevisiontv.cl\/web\/wp-content\/uploads\/2024\/09\/mario-marcel-2-768x427.jpg",640,356,true],"large":["https:\/\/www.koncevisiontv.cl\/web\/wp-content\/uploads\/2024\/09\/mario-marcel-2.jpg",640,356,false],"1536x1536":["https:\/\/www.koncevisiontv.cl\/web\/wp-content\/uploads\/2024\/09\/mario-marcel-2.jpg",1013,563,false],"2048x2048":["https:\/\/www.koncevisiontv.cl\/web\/wp-content\/uploads\/2024\/09\/mario-marcel-2.jpg",1013,563,false],"darknews-featured":["https:\/\/www.koncevisiontv.cl\/web\/wp-content\/uploads\/2024\/09\/mario-marcel-2.jpg",1013,563,false],"darknews-large":["https:\/\/www.koncevisiontv.cl\/web\/wp-content\/uploads\/2024\/09\/mario-marcel-2-825x563.jpg",825,563,true],"darknews-medium":["https:\/\/www.koncevisiontv.cl\/web\/wp-content\/uploads\/2024\/09\/mario-marcel-2-590x410.jpg",590,410,true]},"author_info":{"info":["Web-Master"]},"category_info":"<a href=\"https:\/\/www.koncevisiontv.cl\/web\/category\/economia\/\" rel=\"category tag\">Econom\u00eda<\/a> <a href=\"https:\/\/www.koncevisiontv.cl\/web\/category\/impacto\/\" rel=\"category tag\">Impacto<\/a> <a href=\"https:\/\/www.koncevisiontv.cl\/web\/category\/nacional\/\" rel=\"category tag\">Nacional<\/a> <a href=\"https:\/\/www.koncevisiontv.cl\/web\/category\/politica\/\" rel=\"category tag\">Politica<\/a>","tag_info":"Politica","comment_count":"0","uagb_featured_image_src":{"full":["https:\/\/www.koncevisiontv.cl\/web\/wp-content\/uploads\/2024\/09\/mario-marcel-2.jpg",1013,563,false],"thumbnail":["https:\/\/www.koncevisiontv.cl\/web\/wp-content\/uploads\/2024\/09\/mario-marcel-2-150x150.jpg",150,150,true],"medium":["https:\/\/www.koncevisiontv.cl\/web\/wp-content\/uploads\/2024\/09\/mario-marcel-2-300x167.jpg",300,167,true],"medium_large":["https:\/\/www.koncevisiontv.cl\/web\/wp-content\/uploads\/2024\/09\/mario-marcel-2-768x427.jpg",640,356,true],"large":["https:\/\/www.koncevisiontv.cl\/web\/wp-content\/uploads\/2024\/09\/mario-marcel-2.jpg",640,356,false],"1536x1536":["https:\/\/www.koncevisiontv.cl\/web\/wp-content\/uploads\/2024\/09\/mario-marcel-2.jpg",1013,563,false],"2048x2048":["https:\/\/www.koncevisiontv.cl\/web\/wp-content\/uploads\/2024\/09\/mario-marcel-2.jpg",1013,563,false],"darknews-featured":["https:\/\/www.koncevisiontv.cl\/web\/wp-content\/uploads\/2024\/09\/mario-marcel-2.jpg",1013,563,false],"darknews-large":["https:\/\/www.koncevisiontv.cl\/web\/wp-content\/uploads\/2024\/09\/mario-marcel-2-825x563.jpg",825,563,true],"darknews-medium":["https:\/\/www.koncevisiontv.cl\/web\/wp-content\/uploads\/2024\/09\/mario-marcel-2-590x410.jpg",590,410,true]},"uagb_author_info":{"display_name":"Web-Master","author_link":"https:\/\/www.koncevisiontv.cl\/web\/author\/koncevision\/"},"uagb_comment_info":0,"uagb_excerpt":"El gobierno chileno ha anunciado un nuevo recorte de gasto de al menos US$1.000 millones como parte de","_links":{"self":[{"href":"https:\/\/www.koncevisiontv.cl\/web\/wp-json\/wp\/v2\/posts\/1839","targetHints":{"allow":["GET"]}}],"collection":[{"href":"https:\/\/www.koncevisiontv.cl\/web\/wp-json\/wp\/v2\/posts"}],"about":[{"href":"https:\/\/www.koncevisiontv.cl\/web\/wp-json\/wp\/v2\/types\/post"}],"author":[{"embeddable":true,"href":"https:\/\/www.koncevisiontv.cl\/web\/wp-json\/wp\/v2\/users\/5"}],"replies":[{"embeddable":true,"href":"https:\/\/www.koncevisiontv.cl\/web\/wp-json\/wp\/v2\/comments?post=1839"}],"version-history":[{"count":1,"href":"https:\/\/www.koncevisiontv.cl\/web\/wp-json\/wp\/v2\/posts\/1839\/revisions"}],"predecessor-version":[{"id":1841,"href":"https:\/\/www.koncevisiontv.cl\/web\/wp-json\/wp\/v2\/posts\/1839\/revisions\/1841"}],"wp:featuredmedia":[{"embeddable":true,"href":"https:\/\/www.koncevisiontv.cl\/web\/wp-json\/wp\/v2\/media\/1840"}],"wp:attachment":[{"href":"https:\/\/www.koncevisiontv.cl\/web\/wp-json\/wp\/v2\/media?parent=1839"}],"wp:term":[{"taxonomy":"category","embeddable":true,"href":"https:\/\/www.koncevisiontv.cl\/web\/wp-json\/wp\/v2\/categories?post=1839"},{"taxonomy":"post_tag","embeddable":true,"href":"https:\/\/www.koncevisiontv.cl\/web\/wp-json\/wp\/v2\/tags?post=1839"}],"curies":[{"name":"wp","href":"https:\/\/api.w.org\/{rel}","templated":true}]}}