{"id":1887,"date":"2024-09-18T17:52:04","date_gmt":"2024-09-18T20:52:04","guid":{"rendered":"https:\/\/www.koncevisiontv.cl\/web\/?p=1887"},"modified":"2024-09-18T18:08:50","modified_gmt":"2024-09-18T21:08:50","slug":"alvaro-ortiz-renunciara-a-la-alcaldia-de-concepcion-para-ser-candidato-a-diputado","status":"publish","type":"post","link":"https:\/\/www.koncevisiontv.cl\/web\/alvaro-ortiz-renunciara-a-la-alcaldia-de-concepcion-para-ser-candidato-a-diputado\/","title":{"rendered":"\u00c1lvaro Ortiz renunciar\u00e1 a la alcald\u00eda de Concepci\u00f3n para ser candidato a diputado"},"content":{"rendered":"\n<p class=\"wp-block-paragraph\"><\/p>\n\n\n\n<div class=\"wp-block-uagb-image uagb-block-350ee00f wp-block-uagb-image--layout-default wp-block-uagb-image--effect-static wp-block-uagb-image--align-none\"><figure class=\"wp-block-uagb-image__figure\"><img decoding=\"async\" srcset=\"https:\/\/www.koncevisiontv.cl\/web\/wp-content\/uploads\/2024\/09\/Alvaro_Ortiz_Vera.jpg ,https:\/\/www.koncevisiontv.cl\/web\/wp-content\/uploads\/2024\/09\/Alvaro_Ortiz_Vera.jpg 780w, https:\/\/www.koncevisiontv.cl\/web\/wp-content\/uploads\/2024\/09\/Alvaro_Ortiz_Vera.jpg 360w\" sizes=\"auto, (max-width: 480px) 150px\" src=\"https:\/\/www.koncevisiontv.cl\/web\/wp-content\/uploads\/2024\/09\/Alvaro_Ortiz_Vera.jpg\" alt=\"\" class=\"uag-image-1891\" width=\"275\" height=\"183\" title=\"\u00c1lvaro_Ortiz_Vera\" loading=\"lazy\" role=\"img\"><\/figure><\/div>\n\n\n\n<p class=\"wp-block-paragraph\"><\/p>\n\n\n\n<p class=\"wp-block-paragraph\">El actual alcalde de Concepci\u00f3n, \u00c1lvaro Ortiz, ha anunciado su decisi\u00f3n de renunciar al cargo antes del 20 de noviembre de 2024 para lanzarse como candidato a diputado en las pr\u00f3ximas elecciones. Esta determinaci\u00f3n marca un paso importante en su carrera pol\u00edtica, en la cual ha sido un actor clave en la administraci\u00f3n local durante los \u00faltimos a\u00f1os.<\/p>\n\n\n\n<p class=\"wp-block-paragraph\">\u00c1lvaro Ortiz, quien ha estado al frente de la alcald\u00eda desde 2012, deja una huella significativa en la gesti\u00f3n municipal, destac\u00e1ndose por sus proyectos de desarrollo urbano y su enfoque en mejorar la calidad de vida de los habitantes de Concepci\u00f3n. Su renuncia, en conformidad con la ley que establece la necesidad de dejar el cargo antes de iniciar una campa\u00f1a para otro puesto, est\u00e1 programada para antes del 20 de noviembre.<\/p>\n\n\n\n<p class=\"wp-block-paragraph\">La candidatura de Ortiz para el Congreso Nacional representa un nuevo reto en su carrera pol\u00edtica, en la que espera trasladar su experiencia como alcalde a un escenario nacional, con especial enfoque en la regi\u00f3n del Biob\u00edo. Ortiz ha mencionado que su gesti\u00f3n municipal le ha permitido conocer de cerca las necesidades de la comunidad y, como diputado, buscar\u00e1 soluciones legislativas a los problemas que afectan tanto a Concepci\u00f3n como a otras comunas de la regi\u00f3n.<\/p>\n\n\n\n<p class=\"wp-block-paragraph\">Con esta renuncia, el municipio deber\u00e1 enfrentar la elecci\u00f3n de un nuevo l\u00edder que contin\u00fae los proyectos en marcha y mantenga la estabilidad en la administraci\u00f3n local. Los concejales de Concepci\u00f3n, por su parte, ya se est\u00e1n preparando para una transici\u00f3n que pueda garantizar que la ciudad siga en el rumbo de desarrollo trazado en los \u00faltimos a\u00f1os.<\/p>\n\n\n\n<p class=\"wp-block-paragraph\">La renuncia de \u00c1lvaro Ortiz ha despertado el inter\u00e9s de los habitantes de Concepci\u00f3n, quienes ahora seguir\u00e1n de cerca su campa\u00f1a como candidato a diputado, atentos a las propuestas que llevar\u00e1 al Congreso Nacional en beneficio de la regi\u00f3n del Biob\u00edo.<\/p>\n\n\n\n<hr class=\"wp-block-separator has-alpha-channel-opacity\"\/>\n\n\n\n<ul class=\"wp-block-list\">\n<li><\/li>\n\n\n\n<li><\/li>\n\n\n\n<li><\/li>\n\n\n\n<li><\/li>\n\n\n\n<li><\/li>\n<\/ul>\n\n\n\n<p class=\"wp-block-paragraph\"><\/p>\n","protected":false},"excerpt":{"rendered":"<p>El actual alcalde de Concepci\u00f3n, \u00c1lvaro Ortiz, ha anunciado su decisi\u00f3n de renunciar al cargo antes del 20<\/p>\n","protected":false},"author":5,"featured_media":1679,"comment_status":"open","ping_status":"open","sticky":false,"template":"","format":"standard","meta":{"_crdt_document":"","_uag_custom_page_level_css":"","_sitemap_exclude":false,"_sitemap_priority":"","_sitemap_frequency":"","_joinchat":[],"footnotes":""},"categories":[8],"tags":[],"class_list":["post-1887","post","type-post","status-publish","format-standard","has-post-thumbnail","hentry","category-sin-censura"],"featured_image_urls":{"full":["https:\/\/www.koncevisiontv.cl\/web\/wp-content\/uploads\/2024\/09\/Alvaro-Ortiz-Concepcion.jpg",275,183,false],"thumbnail":["https:\/\/www.koncevisiontv.cl\/web\/wp-content\/uploads\/2024\/09\/Alvaro-Ortiz-Concepcion-150x150.jpg",150,150,true],"medium":["https:\/\/www.koncevisiontv.cl\/web\/wp-content\/uploads\/2024\/09\/Alvaro-Ortiz-Concepcion.jpg",275,183,false],"medium_large":["https:\/\/www.koncevisiontv.cl\/web\/wp-content\/uploads\/2024\/09\/Alvaro-Ortiz-Concepcion.jpg",275,183,false],"large":["https:\/\/www.koncevisiontv.cl\/web\/wp-content\/uploads\/2024\/09\/Alvaro-Ortiz-Concepcion.jpg",275,183,false],"1536x1536":["https:\/\/www.koncevisiontv.cl\/web\/wp-content\/uploads\/2024\/09\/Alvaro-Ortiz-Concepcion.jpg",275,183,false],"2048x2048":["https:\/\/www.koncevisiontv.cl\/web\/wp-content\/uploads\/2024\/09\/Alvaro-Ortiz-Concepcion.jpg",275,183,false],"darknews-featured":["https:\/\/www.koncevisiontv.cl\/web\/wp-content\/uploads\/2024\/09\/Alvaro-Ortiz-Concepcion.jpg",275,183,false],"darknews-large":["https:\/\/www.koncevisiontv.cl\/web\/wp-content\/uploads\/2024\/09\/Alvaro-Ortiz-Concepcion.jpg",275,183,false],"darknews-medium":["https:\/\/www.koncevisiontv.cl\/web\/wp-content\/uploads\/2024\/09\/Alvaro-Ortiz-Concepcion.jpg",275,183,false]},"author_info":{"info":["Web-Master"]},"category_info":"<a href=\"https:\/\/www.koncevisiontv.cl\/web\/category\/sin-censura\/\" rel=\"category tag\">Sin Censura<\/a>","tag_info":"Sin Censura","comment_count":"0","uagb_featured_image_src":{"full":["https:\/\/www.koncevisiontv.cl\/web\/wp-content\/uploads\/2024\/09\/Alvaro-Ortiz-Concepcion.jpg",275,183,false],"thumbnail":["https:\/\/www.koncevisiontv.cl\/web\/wp-content\/uploads\/2024\/09\/Alvaro-Ortiz-Concepcion-150x150.jpg",150,150,true],"medium":["https:\/\/www.koncevisiontv.cl\/web\/wp-content\/uploads\/2024\/09\/Alvaro-Ortiz-Concepcion.jpg",275,183,false],"medium_large":["https:\/\/www.koncevisiontv.cl\/web\/wp-content\/uploads\/2024\/09\/Alvaro-Ortiz-Concepcion.jpg",275,183,false],"large":["https:\/\/www.koncevisiontv.cl\/web\/wp-content\/uploads\/2024\/09\/Alvaro-Ortiz-Concepcion.jpg",275,183,false],"1536x1536":["https:\/\/www.koncevisiontv.cl\/web\/wp-content\/uploads\/2024\/09\/Alvaro-Ortiz-Concepcion.jpg",275,183,false],"2048x2048":["https:\/\/www.koncevisiontv.cl\/web\/wp-content\/uploads\/2024\/09\/Alvaro-Ortiz-Concepcion.jpg",275,183,false],"darknews-featured":["https:\/\/www.koncevisiontv.cl\/web\/wp-content\/uploads\/2024\/09\/Alvaro-Ortiz-Concepcion.jpg",275,183,false],"darknews-large":["https:\/\/www.koncevisiontv.cl\/web\/wp-content\/uploads\/2024\/09\/Alvaro-Ortiz-Concepcion.jpg",275,183,false],"darknews-medium":["https:\/\/www.koncevisiontv.cl\/web\/wp-content\/uploads\/2024\/09\/Alvaro-Ortiz-Concepcion.jpg",275,183,false]},"uagb_author_info":{"display_name":"Web-Master","author_link":"https:\/\/www.koncevisiontv.cl\/web\/author\/koncevision\/"},"uagb_comment_info":0,"uagb_excerpt":"El actual alcalde de Concepci\u00f3n, \u00c1lvaro Ortiz, ha anunciado su decisi\u00f3n de renunciar al cargo antes del 20","_links":{"self":[{"href":"https:\/\/www.koncevisiontv.cl\/web\/wp-json\/wp\/v2\/posts\/1887","targetHints":{"allow":["GET"]}}],"collection":[{"href":"https:\/\/www.koncevisiontv.cl\/web\/wp-json\/wp\/v2\/posts"}],"about":[{"href":"https:\/\/www.koncevisiontv.cl\/web\/wp-json\/wp\/v2\/types\/post"}],"author":[{"embeddable":true,"href":"https:\/\/www.koncevisiontv.cl\/web\/wp-json\/wp\/v2\/users\/5"}],"replies":[{"embeddable":true,"href":"https:\/\/www.koncevisiontv.cl\/web\/wp-json\/wp\/v2\/comments?post=1887"}],"version-history":[{"count":2,"href":"https:\/\/www.koncevisiontv.cl\/web\/wp-json\/wp\/v2\/posts\/1887\/revisions"}],"predecessor-version":[{"id":1892,"href":"https:\/\/www.koncevisiontv.cl\/web\/wp-json\/wp\/v2\/posts\/1887\/revisions\/1892"}],"wp:featuredmedia":[{"embeddable":true,"href":"https:\/\/www.koncevisiontv.cl\/web\/wp-json\/wp\/v2\/media\/1679"}],"wp:attachment":[{"href":"https:\/\/www.koncevisiontv.cl\/web\/wp-json\/wp\/v2\/media?parent=1887"}],"wp:term":[{"taxonomy":"category","embeddable":true,"href":"https:\/\/www.koncevisiontv.cl\/web\/wp-json\/wp\/v2\/categories?post=1887"},{"taxonomy":"post_tag","embeddable":true,"href":"https:\/\/www.koncevisiontv.cl\/web\/wp-json\/wp\/v2\/tags?post=1887"}],"curies":[{"name":"wp","href":"https:\/\/api.w.org\/{rel}","templated":true}]}}