{"id":1893,"date":"2024-09-18T18:53:49","date_gmt":"2024-09-18T21:53:49","guid":{"rendered":"https:\/\/www.koncevisiontv.cl\/web\/?p=1893"},"modified":"2024-09-18T20:39:31","modified_gmt":"2024-09-18T23:39:31","slug":"seguridad-ciudadana-frustra-robo-de-local-comercial-en-hualpen","status":"publish","type":"post","link":"https:\/\/www.koncevisiontv.cl\/web\/seguridad-ciudadana-frustra-robo-de-local-comercial-en-hualpen\/","title":{"rendered":"Seguridad Ciudadana Frustra Robo de local comercial en Hualp\u00e9n"},"content":{"rendered":"\n<p class=\"wp-block-paragraph\"><\/p>\n\n\n\n<div class=\"wp-block-uagb-image uagb-block-88a07697 wp-block-uagb-image--layout-default wp-block-uagb-image--effect-static wp-block-uagb-image--align-none\"><figure class=\"wp-block-uagb-image__figure\"><img decoding=\"async\" srcset=\"https:\/\/www.koncevisiontv.cl\/web\/wp-content\/uploads\/2024\/09\/IMG-20240918-WA0006-1024x768.jpg ,https:\/\/www.koncevisiontv.cl\/web\/wp-content\/uploads\/2024\/09\/IMG-20240918-WA0006.jpg 780w, https:\/\/www.koncevisiontv.cl\/web\/wp-content\/uploads\/2024\/09\/IMG-20240918-WA0006.jpg 360w\" sizes=\"auto, (max-width: 480px) 150px\" src=\"https:\/\/www.koncevisiontv.cl\/web\/wp-content\/uploads\/2024\/09\/IMG-20240918-WA0006-1024x768.jpg\" alt=\"\" class=\"uag-image-1894\" width=\"1440\" height=\"1080\" title=\"IMG-20240918-WA0006\" loading=\"lazy\" role=\"img\"><\/figure><\/div>\n\n\n\n<p class=\"wp-block-paragraph\">Pasadas las 02:30 de la madrugada de este 18 de septiembre, patrulleros de Seguridad Ciudadana en rondas por la comuna, sorprendieron a un grupo de delincuentes tratando de abrir y entrar a robar a un local comercial ubicado a un costado de Banco Estado en Avenida Col\u00f3n.<\/p>\n\n\n\n<p class=\"wp-block-paragraph\"><br>Con el apoyo de las c\u00e1maras de televigilancia de seguridad ciudadana se frustr\u00f3 el robo, y se sali\u00f3 en persecuci\u00f3n de los individuos quienes huyeron en un furg\u00f3n de color amarillo, con su placa patente adulterada, quienes cruzaron el l\u00edmite comunal hacia la ciudad de Concepci\u00f3n.<br>Con el arribo de Carabineros se pudo verificar que los delincuentes estaban tratando de abrir el local comercial.<br>El alcalde de Hualp\u00e9n felicit\u00f3 el trabajo de Seguridad Ciudadana, y reiter\u00f3 el llamado a autoridades regionales a instalar cuanto antes un sistema de integraci\u00f3n de las centrales de Seguridad como lo tiene Hualp\u00e9n para poder seguir a este tipo de delincuentes cuando traspasan las fronteras comunales.<\/p>\n\n\n\n<div class=\"wp-block-uagb-image uagb-block-74e418f6 wp-block-uagb-image--layout-default wp-block-uagb-image--effect-static wp-block-uagb-image--align-none\"><figure class=\"wp-block-uagb-image__figure\"><img decoding=\"async\" srcset=\"https:\/\/www.koncevisiontv.cl\/web\/wp-content\/uploads\/2024\/09\/IMG-20240918-WA0003-768x1024.jpg ,https:\/\/www.koncevisiontv.cl\/web\/wp-content\/uploads\/2024\/09\/IMG-20240918-WA0003.jpg 780w, https:\/\/www.koncevisiontv.cl\/web\/wp-content\/uploads\/2024\/09\/IMG-20240918-WA0003.jpg 360w\" sizes=\"auto, (max-width: 480px) 150px\" src=\"https:\/\/www.koncevisiontv.cl\/web\/wp-content\/uploads\/2024\/09\/IMG-20240918-WA0003-768x1024.jpg\" alt=\"\" class=\"uag-image-1903\" width=\"1440\" height=\"1080\" title=\"IMG-20240918-WA0003\" loading=\"lazy\" role=\"img\"><\/figure><\/div>\n\n\n\n<p class=\"wp-block-paragraph\"><\/p>\n\n\n\n<div class=\"wp-block-uagb-image uagb-block-72b19adc wp-block-uagb-image--layout-default wp-block-uagb-image--effect-static wp-block-uagb-image--align-none\"><figure class=\"wp-block-uagb-image__figure\"><img decoding=\"async\" srcset=\"https:\/\/www.koncevisiontv.cl\/web\/wp-content\/uploads\/2024\/09\/IMG-20240918-WA0005-1-768x1024.jpg ,https:\/\/www.koncevisiontv.cl\/web\/wp-content\/uploads\/2024\/09\/IMG-20240918-WA0005-1.jpg 780w, https:\/\/www.koncevisiontv.cl\/web\/wp-content\/uploads\/2024\/09\/IMG-20240918-WA0005-1.jpg 360w\" sizes=\"auto, (max-width: 480px) 150px\" src=\"https:\/\/www.koncevisiontv.cl\/web\/wp-content\/uploads\/2024\/09\/IMG-20240918-WA0005-1-768x1024.jpg\" alt=\"\" class=\"uag-image-1907\" width=\"1200\" height=\"1600\" title=\"IMG-20240918-WA0005\" loading=\"lazy\" role=\"img\"><\/figure><\/div>\n\n\n\n<p class=\"wp-block-paragraph\"><\/p>\n\n\n\n<div class=\"wp-block-uagb-image uagb-block-4bdf2203 wp-block-uagb-image--layout-default wp-block-uagb-image--effect-static wp-block-uagb-image--align-none\"><figure class=\"wp-block-uagb-image__figure\"><img decoding=\"async\" srcset=\"https:\/\/www.koncevisiontv.cl\/web\/wp-content\/uploads\/2024\/09\/IMG-20240918-WA0004-1-768x1024.jpg ,https:\/\/www.koncevisiontv.cl\/web\/wp-content\/uploads\/2024\/09\/IMG-20240918-WA0004-1.jpg 780w, https:\/\/www.koncevisiontv.cl\/web\/wp-content\/uploads\/2024\/09\/IMG-20240918-WA0004-1.jpg 360w\" sizes=\"auto, (max-width: 480px) 150px\" src=\"https:\/\/www.koncevisiontv.cl\/web\/wp-content\/uploads\/2024\/09\/IMG-20240918-WA0004-1-768x1024.jpg\" alt=\"\" class=\"uag-image-1909\" width=\"1200\" height=\"1600\" title=\"IMG-20240918-WA0004\" loading=\"lazy\" role=\"img\"><\/figure><\/div>\n\n\n\n<figure class=\"wp-block-video\"><video controls src=\"https:\/\/www.koncevisiontv.cl\/web\/wp-content\/uploads\/2024\/09\/VID-20240918-WA0011-6.mp4\"><\/video><\/figure>\n\n\n\n<figure class=\"wp-block-video\"><video controls src=\"https:\/\/www.koncevisiontv.cl\/web\/wp-content\/uploads\/2024\/09\/VID-20240918-WA0010-4.mp4\"><\/video><\/figure>\n\n\n\n<figure class=\"wp-block-video\"><video controls src=\"https:\/\/www.koncevisiontv.cl\/web\/wp-content\/uploads\/2024\/09\/VID-20240918-WA0009-3.mp4\"><\/video><\/figure>\n","protected":false},"excerpt":{"rendered":"<p>Pasadas las 02:30 de la madrugada de este 18 de septiembre, patrulleros de Seguridad Ciudadana en rondas por<\/p>\n","protected":false},"author":5,"featured_media":1894,"comment_status":"open","ping_status":"open","sticky":false,"template":"","format":"standard","meta":{"_crdt_document":"","_uag_custom_page_level_css":"","_sitemap_exclude":false,"_sitemap_priority":"","_sitemap_frequency":"","_joinchat":[],"footnotes":""},"categories":[8],"tags":[],"class_list":["post-1893","post","type-post","status-publish","format-standard","has-post-thumbnail","hentry","category-sin-censura"],"featured_image_urls":{"full":["https:\/\/www.koncevisiontv.cl\/web\/wp-content\/uploads\/2024\/09\/IMG-20240918-WA0006.jpg",1440,1080,false],"thumbnail":["https:\/\/www.koncevisiontv.cl\/web\/wp-content\/uploads\/2024\/09\/IMG-20240918-WA0006-150x150.jpg",150,150,true],"medium":["https:\/\/www.koncevisiontv.cl\/web\/wp-content\/uploads\/2024\/09\/IMG-20240918-WA0006-300x225.jpg",300,225,true],"medium_large":["https:\/\/www.koncevisiontv.cl\/web\/wp-content\/uploads\/2024\/09\/IMG-20240918-WA0006-768x576.jpg",640,480,true],"large":["https:\/\/www.koncevisiontv.cl\/web\/wp-content\/uploads\/2024\/09\/IMG-20240918-WA0006-1024x768.jpg",640,480,true],"1536x1536":["https:\/\/www.koncevisiontv.cl\/web\/wp-content\/uploads\/2024\/09\/IMG-20240918-WA0006.jpg",1440,1080,false],"2048x2048":["https:\/\/www.koncevisiontv.cl\/web\/wp-content\/uploads\/2024\/09\/IMG-20240918-WA0006.jpg",1440,1080,false],"darknews-featured":["https:\/\/www.koncevisiontv.cl\/web\/wp-content\/uploads\/2024\/09\/IMG-20240918-WA0006-1024x768.jpg",1024,768,true],"darknews-large":["https:\/\/www.koncevisiontv.cl\/web\/wp-content\/uploads\/2024\/09\/IMG-20240918-WA0006-825x575.jpg",825,575,true],"darknews-medium":["https:\/\/www.koncevisiontv.cl\/web\/wp-content\/uploads\/2024\/09\/IMG-20240918-WA0006-590x410.jpg",590,410,true]},"author_info":{"info":["Web-Master"]},"category_info":"<a href=\"https:\/\/www.koncevisiontv.cl\/web\/category\/sin-censura\/\" rel=\"category tag\">Sin Censura<\/a>","tag_info":"Sin Censura","comment_count":"0","uagb_featured_image_src":{"full":["https:\/\/www.koncevisiontv.cl\/web\/wp-content\/uploads\/2024\/09\/IMG-20240918-WA0006.jpg",1440,1080,false],"thumbnail":["https:\/\/www.koncevisiontv.cl\/web\/wp-content\/uploads\/2024\/09\/IMG-20240918-WA0006-150x150.jpg",150,150,true],"medium":["https:\/\/www.koncevisiontv.cl\/web\/wp-content\/uploads\/2024\/09\/IMG-20240918-WA0006-300x225.jpg",300,225,true],"medium_large":["https:\/\/www.koncevisiontv.cl\/web\/wp-content\/uploads\/2024\/09\/IMG-20240918-WA0006-768x576.jpg",640,480,true],"large":["https:\/\/www.koncevisiontv.cl\/web\/wp-content\/uploads\/2024\/09\/IMG-20240918-WA0006-1024x768.jpg",640,480,true],"1536x1536":["https:\/\/www.koncevisiontv.cl\/web\/wp-content\/uploads\/2024\/09\/IMG-20240918-WA0006.jpg",1440,1080,false],"2048x2048":["https:\/\/www.koncevisiontv.cl\/web\/wp-content\/uploads\/2024\/09\/IMG-20240918-WA0006.jpg",1440,1080,false],"darknews-featured":["https:\/\/www.koncevisiontv.cl\/web\/wp-content\/uploads\/2024\/09\/IMG-20240918-WA0006-1024x768.jpg",1024,768,true],"darknews-large":["https:\/\/www.koncevisiontv.cl\/web\/wp-content\/uploads\/2024\/09\/IMG-20240918-WA0006-825x575.jpg",825,575,true],"darknews-medium":["https:\/\/www.koncevisiontv.cl\/web\/wp-content\/uploads\/2024\/09\/IMG-20240918-WA0006-590x410.jpg",590,410,true]},"uagb_author_info":{"display_name":"Web-Master","author_link":"https:\/\/www.koncevisiontv.cl\/web\/author\/koncevision\/"},"uagb_comment_info":0,"uagb_excerpt":"Pasadas las 02:30 de la madrugada de este 18 de septiembre, patrulleros de Seguridad Ciudadana en rondas por","_links":{"self":[{"href":"https:\/\/www.koncevisiontv.cl\/web\/wp-json\/wp\/v2\/posts\/1893","targetHints":{"allow":["GET"]}}],"collection":[{"href":"https:\/\/www.koncevisiontv.cl\/web\/wp-json\/wp\/v2\/posts"}],"about":[{"href":"https:\/\/www.koncevisiontv.cl\/web\/wp-json\/wp\/v2\/types\/post"}],"author":[{"embeddable":true,"href":"https:\/\/www.koncevisiontv.cl\/web\/wp-json\/wp\/v2\/users\/5"}],"replies":[{"embeddable":true,"href":"https:\/\/www.koncevisiontv.cl\/web\/wp-json\/wp\/v2\/comments?post=1893"}],"version-history":[{"count":2,"href":"https:\/\/www.koncevisiontv.cl\/web\/wp-json\/wp\/v2\/posts\/1893\/revisions"}],"predecessor-version":[{"id":1921,"href":"https:\/\/www.koncevisiontv.cl\/web\/wp-json\/wp\/v2\/posts\/1893\/revisions\/1921"}],"wp:featuredmedia":[{"embeddable":true,"href":"https:\/\/www.koncevisiontv.cl\/web\/wp-json\/wp\/v2\/media\/1894"}],"wp:attachment":[{"href":"https:\/\/www.koncevisiontv.cl\/web\/wp-json\/wp\/v2\/media?parent=1893"}],"wp:term":[{"taxonomy":"category","embeddable":true,"href":"https:\/\/www.koncevisiontv.cl\/web\/wp-json\/wp\/v2\/categories?post=1893"},{"taxonomy":"post_tag","embeddable":true,"href":"https:\/\/www.koncevisiontv.cl\/web\/wp-json\/wp\/v2\/tags?post=1893"}],"curies":[{"name":"wp","href":"https:\/\/api.w.org\/{rel}","templated":true}]}}