{"id":1922,"date":"2024-09-19T12:17:21","date_gmt":"2024-09-19T15:17:21","guid":{"rendered":"https:\/\/www.koncevisiontv.cl\/web\/?p=1922"},"modified":"2024-09-19T12:17:22","modified_gmt":"2024-09-19T15:17:22","slug":"hombre-fallece-tras-ser-apunalado-en-san-bernardo-durante-una-pelea","status":"publish","type":"post","link":"https:\/\/www.koncevisiontv.cl\/web\/hombre-fallece-tras-ser-apunalado-en-san-bernardo-durante-una-pelea\/","title":{"rendered":"Hombre fallece tras ser apu\u00f1alado en San Bernardo durante una pelea"},"content":{"rendered":"\n<p class=\"wp-block-paragraph\"><\/p>\n\n\n\n<div class=\"wp-block-uagb-image uagb-block-061cf488 wp-block-uagb-image--layout-default wp-block-uagb-image--effect-static wp-block-uagb-image--align-none\"><figure class=\"wp-block-uagb-image__figure\"><img decoding=\"async\" srcset=\"https:\/\/www.koncevisiontv.cl\/web\/wp-content\/uploads\/2024\/08\/PDI-e1675862892812-1024x682.jpg ,https:\/\/www.koncevisiontv.cl\/web\/wp-content\/uploads\/2024\/08\/PDI-e1675862892812.jpg 780w, https:\/\/www.koncevisiontv.cl\/web\/wp-content\/uploads\/2024\/08\/PDI-e1675862892812.jpg 360w\" sizes=\"auto, (max-width: 480px) 150px\" src=\"https:\/\/www.koncevisiontv.cl\/web\/wp-content\/uploads\/2024\/08\/PDI-e1675862892812-1024x682.jpg\" alt=\"PDI\" class=\"uag-image-1417\" width=\"1024\" height=\"682\" title=\"PDI-e1675862892812\" loading=\"lazy\" role=\"img\"\/><\/figure><\/div>\n\n\n\n<p class=\"wp-block-paragraph\"><\/p>\n\n\n\n<p class=\"wp-block-paragraph\">Un hombre perdi\u00f3 la vida tras ser apu\u00f1alado en el t\u00f3rax durante una ri\u00f1a en la comuna de San Bernardo, en la Regi\u00f3n Metropolitana. Los hechos ocurrieron en la madrugada del 19 de septiembre en la intersecci\u00f3n de Juan Mart\u00ednez de Rosas y Calle C, donde un grupo de personas inici\u00f3 un altercado.<\/p>\n\n\n\n<p class=\"wp-block-paragraph\"><strong>Heridas fatales<\/strong><\/p>\n\n\n\n<p class=\"wp-block-paragraph\">En medio de la disputa, uno de los involucrados sac\u00f3 un arma blanca y atac\u00f3 a la v\u00edctima. A pesar de los esfuerzos de sus familiares por trasladarlo r\u00e1pidamente al SAPU de San Bernardo y luego al Hospital Parroquial, el hombre falleci\u00f3 debido a la gravedad de sus lesiones.<\/p>\n\n\n\n<p class=\"wp-block-paragraph\"><strong>Investigaci\u00f3n en curso<\/strong><\/p>\n\n\n\n<p class=\"wp-block-paragraph\">La Brigada de Homicidios de la Polic\u00eda de Investigaciones (PDI) se hizo cargo de las indagaciones. Seg\u00fan el subcomisario Felipe Ortiz Mart\u00ednez, la v\u00edctima presentaba una herida en el t\u00f3rax que habr\u00eda sido la causa de su muerte. Hasta el momento, no se ha identificado al agresor ni se ha logrado su captura.<\/p>\n\n\n\n<p class=\"wp-block-paragraph\"><\/p>\n","protected":false},"excerpt":{"rendered":"<p>Un hombre perdi\u00f3 la vida tras ser apu\u00f1alado en el t\u00f3rax durante una ri\u00f1a en la comuna de<\/p>\n","protected":false},"author":5,"featured_media":1417,"comment_status":"open","ping_status":"open","sticky":false,"template":"","format":"standard","meta":{"_crdt_document":"","_uag_custom_page_level_css":"","_sitemap_exclude":false,"_sitemap_priority":"","_sitemap_frequency":"","_joinchat":[],"footnotes":""},"categories":[8],"tags":[],"class_list":["post-1922","post","type-post","status-publish","format-standard","has-post-thumbnail","hentry","category-sin-censura"],"featured_image_urls":{"full":["https:\/\/www.koncevisiontv.cl\/web\/wp-content\/uploads\/2024\/08\/PDI-e1675862892812.jpg",1040,693,false],"thumbnail":["https:\/\/www.koncevisiontv.cl\/web\/wp-content\/uploads\/2024\/08\/PDI-e1675862892812-150x150.jpg",150,150,true],"medium":["https:\/\/www.koncevisiontv.cl\/web\/wp-content\/uploads\/2024\/08\/PDI-e1675862892812-300x200.jpg",300,200,true],"medium_large":["https:\/\/www.koncevisiontv.cl\/web\/wp-content\/uploads\/2024\/08\/PDI-e1675862892812-768x512.jpg",640,427,true],"large":["https:\/\/www.koncevisiontv.cl\/web\/wp-content\/uploads\/2024\/08\/PDI-e1675862892812-1024x682.jpg",640,426,true],"1536x1536":["https:\/\/www.koncevisiontv.cl\/web\/wp-content\/uploads\/2024\/08\/PDI-e1675862892812.jpg",1040,693,false],"2048x2048":["https:\/\/www.koncevisiontv.cl\/web\/wp-content\/uploads\/2024\/08\/PDI-e1675862892812.jpg",1040,693,false],"darknews-featured":["https:\/\/www.koncevisiontv.cl\/web\/wp-content\/uploads\/2024\/08\/PDI-e1675862892812-1024x682.jpg",1024,682,true],"darknews-large":["https:\/\/www.koncevisiontv.cl\/web\/wp-content\/uploads\/2024\/08\/PDI-e1675862892812-825x575.jpg",825,575,true],"darknews-medium":["https:\/\/www.koncevisiontv.cl\/web\/wp-content\/uploads\/2024\/08\/PDI-e1675862892812-590x410.jpg",590,410,true]},"author_info":{"info":["Web-Master"]},"category_info":"<a href=\"https:\/\/www.koncevisiontv.cl\/web\/category\/sin-censura\/\" rel=\"category tag\">Sin Censura<\/a>","tag_info":"Sin Censura","comment_count":"0","uagb_featured_image_src":{"full":["https:\/\/www.koncevisiontv.cl\/web\/wp-content\/uploads\/2024\/08\/PDI-e1675862892812.jpg",1040,693,false],"thumbnail":["https:\/\/www.koncevisiontv.cl\/web\/wp-content\/uploads\/2024\/08\/PDI-e1675862892812-150x150.jpg",150,150,true],"medium":["https:\/\/www.koncevisiontv.cl\/web\/wp-content\/uploads\/2024\/08\/PDI-e1675862892812-300x200.jpg",300,200,true],"medium_large":["https:\/\/www.koncevisiontv.cl\/web\/wp-content\/uploads\/2024\/08\/PDI-e1675862892812-768x512.jpg",640,427,true],"large":["https:\/\/www.koncevisiontv.cl\/web\/wp-content\/uploads\/2024\/08\/PDI-e1675862892812-1024x682.jpg",640,426,true],"1536x1536":["https:\/\/www.koncevisiontv.cl\/web\/wp-content\/uploads\/2024\/08\/PDI-e1675862892812.jpg",1040,693,false],"2048x2048":["https:\/\/www.koncevisiontv.cl\/web\/wp-content\/uploads\/2024\/08\/PDI-e1675862892812.jpg",1040,693,false],"darknews-featured":["https:\/\/www.koncevisiontv.cl\/web\/wp-content\/uploads\/2024\/08\/PDI-e1675862892812-1024x682.jpg",1024,682,true],"darknews-large":["https:\/\/www.koncevisiontv.cl\/web\/wp-content\/uploads\/2024\/08\/PDI-e1675862892812-825x575.jpg",825,575,true],"darknews-medium":["https:\/\/www.koncevisiontv.cl\/web\/wp-content\/uploads\/2024\/08\/PDI-e1675862892812-590x410.jpg",590,410,true]},"uagb_author_info":{"display_name":"Web-Master","author_link":"https:\/\/www.koncevisiontv.cl\/web\/author\/koncevision\/"},"uagb_comment_info":0,"uagb_excerpt":"Un hombre perdi\u00f3 la vida tras ser apu\u00f1alado en el t\u00f3rax durante una ri\u00f1a en la comuna de","_links":{"self":[{"href":"https:\/\/www.koncevisiontv.cl\/web\/wp-json\/wp\/v2\/posts\/1922","targetHints":{"allow":["GET"]}}],"collection":[{"href":"https:\/\/www.koncevisiontv.cl\/web\/wp-json\/wp\/v2\/posts"}],"about":[{"href":"https:\/\/www.koncevisiontv.cl\/web\/wp-json\/wp\/v2\/types\/post"}],"author":[{"embeddable":true,"href":"https:\/\/www.koncevisiontv.cl\/web\/wp-json\/wp\/v2\/users\/5"}],"replies":[{"embeddable":true,"href":"https:\/\/www.koncevisiontv.cl\/web\/wp-json\/wp\/v2\/comments?post=1922"}],"version-history":[{"count":1,"href":"https:\/\/www.koncevisiontv.cl\/web\/wp-json\/wp\/v2\/posts\/1922\/revisions"}],"predecessor-version":[{"id":1923,"href":"https:\/\/www.koncevisiontv.cl\/web\/wp-json\/wp\/v2\/posts\/1922\/revisions\/1923"}],"wp:featuredmedia":[{"embeddable":true,"href":"https:\/\/www.koncevisiontv.cl\/web\/wp-json\/wp\/v2\/media\/1417"}],"wp:attachment":[{"href":"https:\/\/www.koncevisiontv.cl\/web\/wp-json\/wp\/v2\/media?parent=1922"}],"wp:term":[{"taxonomy":"category","embeddable":true,"href":"https:\/\/www.koncevisiontv.cl\/web\/wp-json\/wp\/v2\/categories?post=1922"},{"taxonomy":"post_tag","embeddable":true,"href":"https:\/\/www.koncevisiontv.cl\/web\/wp-json\/wp\/v2\/tags?post=1922"}],"curies":[{"name":"wp","href":"https:\/\/api.w.org\/{rel}","templated":true}]}}