{"id":1927,"date":"2024-09-19T12:39:56","date_gmt":"2024-09-19T15:39:56","guid":{"rendered":"https:\/\/www.koncevisiontv.cl\/web\/?p=1927"},"modified":"2024-09-19T12:39:58","modified_gmt":"2024-09-19T15:39:58","slug":"menor-en-estado-grave-tras-recibir-disparo-en-fonda-de-los-angeles","status":"publish","type":"post","link":"https:\/\/www.koncevisiontv.cl\/web\/menor-en-estado-grave-tras-recibir-disparo-en-fonda-de-los-angeles\/","title":{"rendered":"Menor en estado grave tras recibir disparo en fonda de Los \u00c1ngeles"},"content":{"rendered":"\n<div class=\"wp-block-uagb-image uagb-block-dae4e9e6 wp-block-uagb-image--layout-default wp-block-uagb-image--effect-static wp-block-uagb-image--align-none\"><figure class=\"wp-block-uagb-image__figure\"><img decoding=\"async\" srcset=\"https:\/\/www.koncevisiontv.cl\/web\/wp-content\/uploads\/2024\/08\/PDI-e1675862892812-1024x682.jpg ,https:\/\/www.koncevisiontv.cl\/web\/wp-content\/uploads\/2024\/08\/PDI-e1675862892812.jpg 780w, https:\/\/www.koncevisiontv.cl\/web\/wp-content\/uploads\/2024\/08\/PDI-e1675862892812.jpg 360w\" sizes=\"auto, (max-width: 480px) 150px\" src=\"https:\/\/www.koncevisiontv.cl\/web\/wp-content\/uploads\/2024\/08\/PDI-e1675862892812-1024x682.jpg\" alt=\"PDI\" class=\"uag-image-1417\" width=\"1024\" height=\"682\" title=\"PDI-e1675862892812\" loading=\"lazy\" role=\"img\"\/><\/figure><\/div>\n\n\n\n<p class=\"wp-block-paragraph\"><\/p>\n\n\n\n<p class=\"wp-block-paragraph\">Un menor de edad ingres\u00f3 en estado cr\u00edtico al Hospital Base de Los \u00c1ngeles luego de recibir un disparo en la cabeza durante una ri\u00f1a en una fonda de la comuna. El incidente ocurri\u00f3 en la ramada &#8220;La Carmela&#8221; de Cancha Rayada, donde dos grupos comenzaron una pelea que termin\u00f3 con un disparo. La Polic\u00eda de Investigaciones (PDI) se encuentra investigando el caso para identificar y detener al autor del ataque.<\/p>\n\n\n\n<p class=\"wp-block-paragraph\"><strong>Investigaci\u00f3n en curso<\/strong><\/p>\n\n\n\n<p class=\"wp-block-paragraph\">Las autoridades trabajan intensamente para esclarecer lo ocurrido. El subcomisario Sergio Garrido, de la Brigada de Homicidios de la PDI, inform\u00f3 que la v\u00edctima permanece en riesgo vital mientras se llevan a cabo las diligencias necesarias para ubicar al responsable.<\/p>\n\n\n\n<p class=\"wp-block-paragraph\"><\/p>\n","protected":false},"excerpt":{"rendered":"<p>Un menor de edad ingres\u00f3 en estado cr\u00edtico al Hospital Base de Los \u00c1ngeles luego de recibir un<\/p>\n","protected":false},"author":5,"featured_media":1417,"comment_status":"open","ping_status":"open","sticky":false,"template":"","format":"standard","meta":{"_crdt_document":"","_uag_custom_page_level_css":"","_sitemap_exclude":false,"_sitemap_priority":"","_sitemap_frequency":"","_joinchat":[],"footnotes":""},"categories":[8],"tags":[],"class_list":["post-1927","post","type-post","status-publish","format-standard","has-post-thumbnail","hentry","category-sin-censura"],"featured_image_urls":{"full":["https:\/\/www.koncevisiontv.cl\/web\/wp-content\/uploads\/2024\/08\/PDI-e1675862892812.jpg",1040,693,false],"thumbnail":["https:\/\/www.koncevisiontv.cl\/web\/wp-content\/uploads\/2024\/08\/PDI-e1675862892812-150x150.jpg",150,150,true],"medium":["https:\/\/www.koncevisiontv.cl\/web\/wp-content\/uploads\/2024\/08\/PDI-e1675862892812-300x200.jpg",300,200,true],"medium_large":["https:\/\/www.koncevisiontv.cl\/web\/wp-content\/uploads\/2024\/08\/PDI-e1675862892812-768x512.jpg",640,427,true],"large":["https:\/\/www.koncevisiontv.cl\/web\/wp-content\/uploads\/2024\/08\/PDI-e1675862892812-1024x682.jpg",640,426,true],"1536x1536":["https:\/\/www.koncevisiontv.cl\/web\/wp-content\/uploads\/2024\/08\/PDI-e1675862892812.jpg",1040,693,false],"2048x2048":["https:\/\/www.koncevisiontv.cl\/web\/wp-content\/uploads\/2024\/08\/PDI-e1675862892812.jpg",1040,693,false],"darknews-featured":["https:\/\/www.koncevisiontv.cl\/web\/wp-content\/uploads\/2024\/08\/PDI-e1675862892812-1024x682.jpg",1024,682,true],"darknews-large":["https:\/\/www.koncevisiontv.cl\/web\/wp-content\/uploads\/2024\/08\/PDI-e1675862892812-825x575.jpg",825,575,true],"darknews-medium":["https:\/\/www.koncevisiontv.cl\/web\/wp-content\/uploads\/2024\/08\/PDI-e1675862892812-590x410.jpg",590,410,true]},"author_info":{"info":["Web-Master"]},"category_info":"<a href=\"https:\/\/www.koncevisiontv.cl\/web\/category\/sin-censura\/\" rel=\"category tag\">Sin Censura<\/a>","tag_info":"Sin Censura","comment_count":"0","uagb_featured_image_src":{"full":["https:\/\/www.koncevisiontv.cl\/web\/wp-content\/uploads\/2024\/08\/PDI-e1675862892812.jpg",1040,693,false],"thumbnail":["https:\/\/www.koncevisiontv.cl\/web\/wp-content\/uploads\/2024\/08\/PDI-e1675862892812-150x150.jpg",150,150,true],"medium":["https:\/\/www.koncevisiontv.cl\/web\/wp-content\/uploads\/2024\/08\/PDI-e1675862892812-300x200.jpg",300,200,true],"medium_large":["https:\/\/www.koncevisiontv.cl\/web\/wp-content\/uploads\/2024\/08\/PDI-e1675862892812-768x512.jpg",640,427,true],"large":["https:\/\/www.koncevisiontv.cl\/web\/wp-content\/uploads\/2024\/08\/PDI-e1675862892812-1024x682.jpg",640,426,true],"1536x1536":["https:\/\/www.koncevisiontv.cl\/web\/wp-content\/uploads\/2024\/08\/PDI-e1675862892812.jpg",1040,693,false],"2048x2048":["https:\/\/www.koncevisiontv.cl\/web\/wp-content\/uploads\/2024\/08\/PDI-e1675862892812.jpg",1040,693,false],"darknews-featured":["https:\/\/www.koncevisiontv.cl\/web\/wp-content\/uploads\/2024\/08\/PDI-e1675862892812-1024x682.jpg",1024,682,true],"darknews-large":["https:\/\/www.koncevisiontv.cl\/web\/wp-content\/uploads\/2024\/08\/PDI-e1675862892812-825x575.jpg",825,575,true],"darknews-medium":["https:\/\/www.koncevisiontv.cl\/web\/wp-content\/uploads\/2024\/08\/PDI-e1675862892812-590x410.jpg",590,410,true]},"uagb_author_info":{"display_name":"Web-Master","author_link":"https:\/\/www.koncevisiontv.cl\/web\/author\/koncevision\/"},"uagb_comment_info":0,"uagb_excerpt":"Un menor de edad ingres\u00f3 en estado cr\u00edtico al Hospital Base de Los \u00c1ngeles luego de recibir un","_links":{"self":[{"href":"https:\/\/www.koncevisiontv.cl\/web\/wp-json\/wp\/v2\/posts\/1927","targetHints":{"allow":["GET"]}}],"collection":[{"href":"https:\/\/www.koncevisiontv.cl\/web\/wp-json\/wp\/v2\/posts"}],"about":[{"href":"https:\/\/www.koncevisiontv.cl\/web\/wp-json\/wp\/v2\/types\/post"}],"author":[{"embeddable":true,"href":"https:\/\/www.koncevisiontv.cl\/web\/wp-json\/wp\/v2\/users\/5"}],"replies":[{"embeddable":true,"href":"https:\/\/www.koncevisiontv.cl\/web\/wp-json\/wp\/v2\/comments?post=1927"}],"version-history":[{"count":1,"href":"https:\/\/www.koncevisiontv.cl\/web\/wp-json\/wp\/v2\/posts\/1927\/revisions"}],"predecessor-version":[{"id":1928,"href":"https:\/\/www.koncevisiontv.cl\/web\/wp-json\/wp\/v2\/posts\/1927\/revisions\/1928"}],"wp:featuredmedia":[{"embeddable":true,"href":"https:\/\/www.koncevisiontv.cl\/web\/wp-json\/wp\/v2\/media\/1417"}],"wp:attachment":[{"href":"https:\/\/www.koncevisiontv.cl\/web\/wp-json\/wp\/v2\/media?parent=1927"}],"wp:term":[{"taxonomy":"category","embeddable":true,"href":"https:\/\/www.koncevisiontv.cl\/web\/wp-json\/wp\/v2\/categories?post=1927"},{"taxonomy":"post_tag","embeddable":true,"href":"https:\/\/www.koncevisiontv.cl\/web\/wp-json\/wp\/v2\/tags?post=1927"}],"curies":[{"name":"wp","href":"https:\/\/api.w.org\/{rel}","templated":true}]}}