{"id":1932,"date":"2024-09-19T13:30:58","date_gmt":"2024-09-19T16:30:58","guid":{"rendered":"https:\/\/www.koncevisiontv.cl\/web\/?p=1932"},"modified":"2024-09-19T13:30:59","modified_gmt":"2024-09-19T16:30:59","slug":"hallan-cadaver-maniatado-y-con-heridas-en-el-cuello-en-estacion-central","status":"publish","type":"post","link":"https:\/\/www.koncevisiontv.cl\/web\/hallan-cadaver-maniatado-y-con-heridas-en-el-cuello-en-estacion-central\/","title":{"rendered":"Hallan Cad\u00e1ver Maniatado y con Heridas en el Cuello en Estaci\u00f3n Central"},"content":{"rendered":"\n<p class=\"wp-block-paragraph\"><\/p>\n\n\n\n<div class=\"wp-block-uagb-image uagb-block-3e4a80e0 wp-block-uagb-image--layout-default wp-block-uagb-image--effect-static wp-block-uagb-image--align-none\"><figure class=\"wp-block-uagb-image__figure\"><img decoding=\"async\" srcset=\"https:\/\/www.koncevisiontv.cl\/web\/wp-content\/uploads\/2024\/08\/HOMICIDIO-EN_LA_PINTANA.jpg ,https:\/\/www.koncevisiontv.cl\/web\/wp-content\/uploads\/2024\/08\/HOMICIDIO-EN_LA_PINTANA.jpg 780w, https:\/\/www.koncevisiontv.cl\/web\/wp-content\/uploads\/2024\/08\/HOMICIDIO-EN_LA_PINTANA.jpg 360w\" sizes=\"auto, (max-width: 480px) 150px\" src=\"https:\/\/www.koncevisiontv.cl\/web\/wp-content\/uploads\/2024\/08\/HOMICIDIO-EN_LA_PINTANA.jpg\" alt=\"Nuevo Asesinato en La Pintana: Hombre Muere Baleado en la V\u00eda P\u00fablica\" class=\"uag-image-1156\" width=\"1024\" height=\"768\" title=\"Nuevo Asesinato en La Pintana: Hombre Muere Baleado en la V\u00eda P\u00fablica\" loading=\"lazy\" role=\"img\"\/><\/figure><\/div>\n\n\n\n<p class=\"wp-block-paragraph\">Un macabro hallazgo ha conmocionado a la comunidad de Estaci\u00f3n Central, Regi\u00f3n Metropolitana, tras el descubrimiento de un cad\u00e1ver maniatado y con heridas cortantes en el cuello. El cuerpo fue encontrado en un sector de la comuna, y las autoridades han iniciado una investigaci\u00f3n para esclarecer las circunstancias de este crimen.<\/p>\n\n\n\n<h2 class=\"wp-block-heading\">Detalles del Hallazgo<\/h2>\n\n\n\n<p class=\"wp-block-paragraph\">El cad\u00e1ver fue descubierto por transe\u00fantes en un \u00e1rea poco transitada de Estaci\u00f3n Central. Las primeras investigaciones indican que la v\u00edctima presentaba signos evidentes de violencia, incluyendo heridas cortantes en el cuello y las extremidades atadas. El cuerpo fue encontrado en un estado avanzado de descomposici\u00f3n, lo que ha complicado el proceso de identificaci\u00f3n y la recolecci\u00f3n de pruebas.<\/p>\n\n\n\n<h2 class=\"wp-block-heading\">Investigaci\u00f3n en Curso<\/h2>\n\n\n\n<p class=\"wp-block-paragraph\">Las autoridades locales, en colaboraci\u00f3n con la Polic\u00eda de Investigaciones (PDI), han comenzado una investigaci\u00f3n exhaustiva para determinar la identidad de la v\u00edctima y las circunstancias que rodearon su muerte. Se ha abierto un caso de homicidio, y se est\u00e1n recolectando testimonios y evidencias en el lugar del hallazgo. La polic\u00eda est\u00e1 revisando las c\u00e1maras de seguridad de la zona y realizando entrevistas con posibles testigos para avanzar en el esclarecimiento del caso.<\/p>\n\n\n\n<h2 class=\"wp-block-heading\">Reacciones de la Comunidad<\/h2>\n\n\n\n<p class=\"wp-block-paragraph\">El descubrimiento del cad\u00e1ver ha generado inquietud entre los residentes de Estaci\u00f3n Central, quienes expresan preocupaci\u00f3n por la seguridad en su comuna. La noticia ha suscitado un gran inter\u00e9s en los medios locales y en la comunidad, que sigue de cerca los avances en la investigaci\u00f3n. Las autoridades locales han instado a la ciudadan\u00eda a colaborar con la investigaci\u00f3n y a reportar cualquier informaci\u00f3n que pueda ser relevante para resolver el caso.<\/p>\n\n\n\n<h2 class=\"wp-block-heading\">Impacto en la Seguridad Local<\/h2>\n\n\n\n<p class=\"wp-block-paragraph\">Este tr\u00e1gico hallazgo ha puesto de relieve las preocupaciones sobre la seguridad en la Regi\u00f3n Metropolitana, especialmente en \u00e1reas que han experimentado un aumento en la violencia y el crimen. Las autoridades han prometido redoblar los esfuerzos para garantizar la seguridad p\u00fablica y prevenir futuros incidentes similares. El caso subraya la necesidad de fortalecer las medidas de seguridad y mejorar la vigilancia en las zonas afectadas.<\/p>\n","protected":false},"excerpt":{"rendered":"<p>Un macabro hallazgo ha conmocionado a la comunidad de Estaci\u00f3n Central, Regi\u00f3n Metropolitana, tras el descubrimiento de un<\/p>\n","protected":false},"author":5,"featured_media":950,"comment_status":"open","ping_status":"open","sticky":false,"template":"","format":"standard","meta":{"_crdt_document":"","_uag_custom_page_level_css":"","_sitemap_exclude":false,"_sitemap_priority":"","_sitemap_frequency":"","_joinchat":[],"footnotes":""},"categories":[8],"tags":[],"class_list":["post-1932","post","type-post","status-publish","format-standard","has-post-thumbnail","hentry","category-sin-censura"],"featured_image_urls":{"full":["https:\/\/www.koncevisiontv.cl\/web\/wp-content\/uploads\/2024\/08\/cfe80258bd223fc1412e523289138c19.jpg",1400,930,false],"thumbnail":["https:\/\/www.koncevisiontv.cl\/web\/wp-content\/uploads\/2024\/08\/cfe80258bd223fc1412e523289138c19-150x150.jpg",150,150,true],"medium":["https:\/\/www.koncevisiontv.cl\/web\/wp-content\/uploads\/2024\/08\/cfe80258bd223fc1412e523289138c19-300x199.jpg",300,199,true],"medium_large":["https:\/\/www.koncevisiontv.cl\/web\/wp-content\/uploads\/2024\/08\/cfe80258bd223fc1412e523289138c19-768x510.jpg",640,425,true],"large":["https:\/\/www.koncevisiontv.cl\/web\/wp-content\/uploads\/2024\/08\/cfe80258bd223fc1412e523289138c19-1024x680.jpg",640,425,true],"1536x1536":["https:\/\/www.koncevisiontv.cl\/web\/wp-content\/uploads\/2024\/08\/cfe80258bd223fc1412e523289138c19.jpg",1400,930,false],"2048x2048":["https:\/\/www.koncevisiontv.cl\/web\/wp-content\/uploads\/2024\/08\/cfe80258bd223fc1412e523289138c19.jpg",1400,930,false],"darknews-featured":["https:\/\/www.koncevisiontv.cl\/web\/wp-content\/uploads\/2024\/08\/cfe80258bd223fc1412e523289138c19-1024x680.jpg",1024,680,true],"darknews-large":["https:\/\/www.koncevisiontv.cl\/web\/wp-content\/uploads\/2024\/08\/cfe80258bd223fc1412e523289138c19-825x575.jpg",825,575,true],"darknews-medium":["https:\/\/www.koncevisiontv.cl\/web\/wp-content\/uploads\/2024\/08\/cfe80258bd223fc1412e523289138c19-590x410.jpg",590,410,true]},"author_info":{"info":["Web-Master"]},"category_info":"<a href=\"https:\/\/www.koncevisiontv.cl\/web\/category\/sin-censura\/\" rel=\"category tag\">Sin Censura<\/a>","tag_info":"Sin Censura","comment_count":"0","uagb_featured_image_src":{"full":["https:\/\/www.koncevisiontv.cl\/web\/wp-content\/uploads\/2024\/08\/cfe80258bd223fc1412e523289138c19.jpg",1400,930,false],"thumbnail":["https:\/\/www.koncevisiontv.cl\/web\/wp-content\/uploads\/2024\/08\/cfe80258bd223fc1412e523289138c19-150x150.jpg",150,150,true],"medium":["https:\/\/www.koncevisiontv.cl\/web\/wp-content\/uploads\/2024\/08\/cfe80258bd223fc1412e523289138c19-300x199.jpg",300,199,true],"medium_large":["https:\/\/www.koncevisiontv.cl\/web\/wp-content\/uploads\/2024\/08\/cfe80258bd223fc1412e523289138c19-768x510.jpg",640,425,true],"large":["https:\/\/www.koncevisiontv.cl\/web\/wp-content\/uploads\/2024\/08\/cfe80258bd223fc1412e523289138c19-1024x680.jpg",640,425,true],"1536x1536":["https:\/\/www.koncevisiontv.cl\/web\/wp-content\/uploads\/2024\/08\/cfe80258bd223fc1412e523289138c19.jpg",1400,930,false],"2048x2048":["https:\/\/www.koncevisiontv.cl\/web\/wp-content\/uploads\/2024\/08\/cfe80258bd223fc1412e523289138c19.jpg",1400,930,false],"darknews-featured":["https:\/\/www.koncevisiontv.cl\/web\/wp-content\/uploads\/2024\/08\/cfe80258bd223fc1412e523289138c19-1024x680.jpg",1024,680,true],"darknews-large":["https:\/\/www.koncevisiontv.cl\/web\/wp-content\/uploads\/2024\/08\/cfe80258bd223fc1412e523289138c19-825x575.jpg",825,575,true],"darknews-medium":["https:\/\/www.koncevisiontv.cl\/web\/wp-content\/uploads\/2024\/08\/cfe80258bd223fc1412e523289138c19-590x410.jpg",590,410,true]},"uagb_author_info":{"display_name":"Web-Master","author_link":"https:\/\/www.koncevisiontv.cl\/web\/author\/koncevision\/"},"uagb_comment_info":0,"uagb_excerpt":"Un macabro hallazgo ha conmocionado a la comunidad de Estaci\u00f3n Central, Regi\u00f3n Metropolitana, tras el descubrimiento de un","_links":{"self":[{"href":"https:\/\/www.koncevisiontv.cl\/web\/wp-json\/wp\/v2\/posts\/1932","targetHints":{"allow":["GET"]}}],"collection":[{"href":"https:\/\/www.koncevisiontv.cl\/web\/wp-json\/wp\/v2\/posts"}],"about":[{"href":"https:\/\/www.koncevisiontv.cl\/web\/wp-json\/wp\/v2\/types\/post"}],"author":[{"embeddable":true,"href":"https:\/\/www.koncevisiontv.cl\/web\/wp-json\/wp\/v2\/users\/5"}],"replies":[{"embeddable":true,"href":"https:\/\/www.koncevisiontv.cl\/web\/wp-json\/wp\/v2\/comments?post=1932"}],"version-history":[{"count":1,"href":"https:\/\/www.koncevisiontv.cl\/web\/wp-json\/wp\/v2\/posts\/1932\/revisions"}],"predecessor-version":[{"id":1933,"href":"https:\/\/www.koncevisiontv.cl\/web\/wp-json\/wp\/v2\/posts\/1932\/revisions\/1933"}],"wp:featuredmedia":[{"embeddable":true,"href":"https:\/\/www.koncevisiontv.cl\/web\/wp-json\/wp\/v2\/media\/950"}],"wp:attachment":[{"href":"https:\/\/www.koncevisiontv.cl\/web\/wp-json\/wp\/v2\/media?parent=1932"}],"wp:term":[{"taxonomy":"category","embeddable":true,"href":"https:\/\/www.koncevisiontv.cl\/web\/wp-json\/wp\/v2\/categories?post=1932"},{"taxonomy":"post_tag","embeddable":true,"href":"https:\/\/www.koncevisiontv.cl\/web\/wp-json\/wp\/v2\/tags?post=1932"}],"curies":[{"name":"wp","href":"https:\/\/api.w.org\/{rel}","templated":true}]}}