{"id":1934,"date":"2024-09-19T13:54:03","date_gmt":"2024-09-19T16:54:03","guid":{"rendered":"https:\/\/www.koncevisiontv.cl\/web\/?p=1934"},"modified":"2024-09-19T13:54:03","modified_gmt":"2024-09-19T16:54:03","slug":"detencion-de-madre-e-hijo-en-ancud-por-venta-de-drogas-a-traves-de-delivery","status":"publish","type":"post","link":"https:\/\/www.koncevisiontv.cl\/web\/detencion-de-madre-e-hijo-en-ancud-por-venta-de-drogas-a-traves-de-delivery\/","title":{"rendered":"Detenci\u00f3n de Madre e Hijo en Ancud por Venta de Drogas a trav\u00e9s de Delivery"},"content":{"rendered":"\n<p class=\"wp-block-paragraph\"><\/p>\n\n\n\n<div class=\"wp-block-uagb-image uagb-block-6107c213 wp-block-uagb-image--layout-default wp-block-uagb-image--effect-static wp-block-uagb-image--align-none\"><figure class=\"wp-block-uagb-image__figure\"><img decoding=\"async\" srcset=\"https:\/\/www.koncevisiontv.cl\/web\/wp-content\/uploads\/2024\/09\/sip.jpg ,https:\/\/www.koncevisiontv.cl\/web\/wp-content\/uploads\/2024\/09\/sip.jpg 780w, https:\/\/www.koncevisiontv.cl\/web\/wp-content\/uploads\/2024\/09\/sip.jpg 360w\" sizes=\"auto, (max-width: 480px) 150px\" src=\"https:\/\/www.koncevisiontv.cl\/web\/wp-content\/uploads\/2024\/09\/sip.jpg\" alt=\"\" class=\"uag-image-1937\" width=\"600\" height=\"338\" title=\"sip\" loading=\"lazy\" role=\"img\"><\/figure><\/div>\n\n\n\n<p class=\"wp-block-paragraph\">En un operativo reciente llevado a cabo en Ancud, regi\u00f3n de Los Lagos, las autoridades han arrestado a una madre y su hijo, implicados en la venta de drogas a trav\u00e9s de un servicio de delivery. La detenci\u00f3n se produjo en la Feria Municipal de la localidad, un escenario inusitado para un caso de esta \u00edndole.<\/p>\n\n\n\n<p class=\"wp-block-paragraph\"><strong>Operativo en la Feria Municipal<\/strong><\/p>\n\n\n\n<p class=\"wp-block-paragraph\">El operativo, ejecutado por Carabineros y la Polic\u00eda de Investigaciones, se centr\u00f3 en la Feria Municipal de Ancud, un lugar frecuentado por residentes y visitantes. La intervenci\u00f3n se produjo tras una serie de investigaciones que indicaron que la pareja estaba utilizando la feria como punto de distribuci\u00f3n de sustancias il\u00edcitas. La operaci\u00f3n se desarroll\u00f3 con precisi\u00f3n para minimizar el impacto en los visitantes y comerciantes leg\u00edtimos.<\/p>\n\n\n\n<p class=\"wp-block-paragraph\"><strong>Detalles del Caso<\/strong><\/p>\n\n\n\n<p class=\"wp-block-paragraph\">La madre, identificada como Mar\u00eda L\u00f3pez, de 45 a\u00f1os, y su hijo, Carlos L\u00f3pez, de 22 a\u00f1os, fueron sorprendidos en flagrante delito mientras realizaban una transacci\u00f3n de drogas. Seg\u00fan informes, ambos operaban bajo el pretexto de un negocio leg\u00edtimo, pero en realidad estaban facilitando la venta de sustancias controladas a trav\u00e9s de un servicio de delivery. Las autoridades encontraron en su posesi\u00f3n una cantidad significativa de drogas, que inclu\u00eda sustancias como coca\u00edna y marihuana, as\u00ed como equipos y materiales relacionados con la venta y distribuci\u00f3n de las mismas.<\/p>\n\n\n\n<p class=\"wp-block-paragraph\"><strong>Repercusiones Legales<\/strong><\/p>\n\n\n\n<p class=\"wp-block-paragraph\">Los detenidos enfrentar\u00e1n cargos por tr\u00e1fico de drogas y podr\u00edan enfrentar penas severas si son hallados culpables. La legislaci\u00f3n chilena establece sanciones estrictas para quienes se vean involucrados en actividades relacionadas con el narcotr\u00e1fico, especialmente cuando se emplean m\u00e9todos innovadores como el delivery para evadir la detecci\u00f3n. El caso pone de manifiesto la creciente preocupaci\u00f3n por las nuevas modalidades de venta de drogas y la necesidad de adaptar las estrategias de control y prevenci\u00f3n.<\/p>\n\n\n\n<p class=\"wp-block-paragraph\"><strong>Impacto en la Comunidad<\/strong><\/p>\n\n\n\n<p class=\"wp-block-paragraph\">La detenci\u00f3n ha generado una reacci\u00f3n en la comunidad local, que expresa su preocupaci\u00f3n por la seguridad y el bienestar de sus residentes. La Feria Municipal, conocida por ser un punto de encuentro comunitario, ha sido el centro de atenci\u00f3n, y se espera que las autoridades refuercen las medidas de seguridad para prevenir futuros incidentes de esta naturaleza.<\/p>\n\n\n\n<p class=\"wp-block-paragraph\"><strong>Conclusi\u00f3n<\/strong><\/p>\n\n\n\n<p class=\"wp-block-paragraph\">Este caso resalta la importancia de la vigilancia y la cooperaci\u00f3n entre las autoridades y la comunidad en la lucha contra el narcotr\u00e1fico. La operaci\u00f3n en Ancud es un ejemplo de c\u00f3mo las fuerzas de seguridad adaptan sus t\u00e1cticas para abordar las amenazas emergentes, asegurando que los m\u00e9todos de venta il\u00edcita sean detectados y erradicados con eficacia.<\/p>\n","protected":false},"excerpt":{"rendered":"<p>En un operativo reciente llevado a cabo en Ancud, regi\u00f3n de Los Lagos, las autoridades han arrestado a<\/p>\n","protected":false},"author":5,"featured_media":1937,"comment_status":"open","ping_status":"open","sticky":false,"template":"","format":"standard","meta":{"_crdt_document":"","_uag_custom_page_level_css":"","_sitemap_exclude":false,"_sitemap_priority":"","_sitemap_frequency":"","_joinchat":[],"footnotes":""},"categories":[8,14],"tags":[],"class_list":["post-1934","post","type-post","status-publish","format-standard","has-post-thumbnail","hentry","category-sin-censura","category-nacional"],"featured_image_urls":{"full":["https:\/\/www.koncevisiontv.cl\/web\/wp-content\/uploads\/2024\/09\/sip.jpg",600,338,false],"thumbnail":["https:\/\/www.koncevisiontv.cl\/web\/wp-content\/uploads\/2024\/09\/sip-150x150.jpg",150,150,true],"medium":["https:\/\/www.koncevisiontv.cl\/web\/wp-content\/uploads\/2024\/09\/sip-300x169.jpg",300,169,true],"medium_large":["https:\/\/www.koncevisiontv.cl\/web\/wp-content\/uploads\/2024\/09\/sip.jpg",600,338,false],"large":["https:\/\/www.koncevisiontv.cl\/web\/wp-content\/uploads\/2024\/09\/sip.jpg",600,338,false],"1536x1536":["https:\/\/www.koncevisiontv.cl\/web\/wp-content\/uploads\/2024\/09\/sip.jpg",600,338,false],"2048x2048":["https:\/\/www.koncevisiontv.cl\/web\/wp-content\/uploads\/2024\/09\/sip.jpg",600,338,false],"darknews-featured":["https:\/\/www.koncevisiontv.cl\/web\/wp-content\/uploads\/2024\/09\/sip.jpg",600,338,false],"darknews-large":["https:\/\/www.koncevisiontv.cl\/web\/wp-content\/uploads\/2024\/09\/sip.jpg",600,338,false],"darknews-medium":["https:\/\/www.koncevisiontv.cl\/web\/wp-content\/uploads\/2024\/09\/sip-590x338.jpg",590,338,true]},"author_info":{"info":["Web-Master"]},"category_info":"<a href=\"https:\/\/www.koncevisiontv.cl\/web\/category\/sin-censura\/\" rel=\"category tag\">Sin Censura<\/a> <a href=\"https:\/\/www.koncevisiontv.cl\/web\/category\/nacional\/\" rel=\"category tag\">Nacional<\/a>","tag_info":"Nacional","comment_count":"0","uagb_featured_image_src":{"full":["https:\/\/www.koncevisiontv.cl\/web\/wp-content\/uploads\/2024\/09\/sip.jpg",600,338,false],"thumbnail":["https:\/\/www.koncevisiontv.cl\/web\/wp-content\/uploads\/2024\/09\/sip-150x150.jpg",150,150,true],"medium":["https:\/\/www.koncevisiontv.cl\/web\/wp-content\/uploads\/2024\/09\/sip-300x169.jpg",300,169,true],"medium_large":["https:\/\/www.koncevisiontv.cl\/web\/wp-content\/uploads\/2024\/09\/sip.jpg",600,338,false],"large":["https:\/\/www.koncevisiontv.cl\/web\/wp-content\/uploads\/2024\/09\/sip.jpg",600,338,false],"1536x1536":["https:\/\/www.koncevisiontv.cl\/web\/wp-content\/uploads\/2024\/09\/sip.jpg",600,338,false],"2048x2048":["https:\/\/www.koncevisiontv.cl\/web\/wp-content\/uploads\/2024\/09\/sip.jpg",600,338,false],"darknews-featured":["https:\/\/www.koncevisiontv.cl\/web\/wp-content\/uploads\/2024\/09\/sip.jpg",600,338,false],"darknews-large":["https:\/\/www.koncevisiontv.cl\/web\/wp-content\/uploads\/2024\/09\/sip.jpg",600,338,false],"darknews-medium":["https:\/\/www.koncevisiontv.cl\/web\/wp-content\/uploads\/2024\/09\/sip-590x338.jpg",590,338,true]},"uagb_author_info":{"display_name":"Web-Master","author_link":"https:\/\/www.koncevisiontv.cl\/web\/author\/koncevision\/"},"uagb_comment_info":0,"uagb_excerpt":"En un operativo reciente llevado a cabo en Ancud, regi\u00f3n de Los Lagos, las autoridades han arrestado a","_links":{"self":[{"href":"https:\/\/www.koncevisiontv.cl\/web\/wp-json\/wp\/v2\/posts\/1934","targetHints":{"allow":["GET"]}}],"collection":[{"href":"https:\/\/www.koncevisiontv.cl\/web\/wp-json\/wp\/v2\/posts"}],"about":[{"href":"https:\/\/www.koncevisiontv.cl\/web\/wp-json\/wp\/v2\/types\/post"}],"author":[{"embeddable":true,"href":"https:\/\/www.koncevisiontv.cl\/web\/wp-json\/wp\/v2\/users\/5"}],"replies":[{"embeddable":true,"href":"https:\/\/www.koncevisiontv.cl\/web\/wp-json\/wp\/v2\/comments?post=1934"}],"version-history":[{"count":3,"href":"https:\/\/www.koncevisiontv.cl\/web\/wp-json\/wp\/v2\/posts\/1934\/revisions"}],"predecessor-version":[{"id":1938,"href":"https:\/\/www.koncevisiontv.cl\/web\/wp-json\/wp\/v2\/posts\/1934\/revisions\/1938"}],"wp:featuredmedia":[{"embeddable":true,"href":"https:\/\/www.koncevisiontv.cl\/web\/wp-json\/wp\/v2\/media\/1937"}],"wp:attachment":[{"href":"https:\/\/www.koncevisiontv.cl\/web\/wp-json\/wp\/v2\/media?parent=1934"}],"wp:term":[{"taxonomy":"category","embeddable":true,"href":"https:\/\/www.koncevisiontv.cl\/web\/wp-json\/wp\/v2\/categories?post=1934"},{"taxonomy":"post_tag","embeddable":true,"href":"https:\/\/www.koncevisiontv.cl\/web\/wp-json\/wp\/v2\/tags?post=1934"}],"curies":[{"name":"wp","href":"https:\/\/api.w.org\/{rel}","templated":true}]}}