{"id":1939,"date":"2024-09-19T14:15:17","date_gmt":"2024-09-19T17:15:17","guid":{"rendered":"https:\/\/www.koncevisiontv.cl\/web\/?p=1939"},"modified":"2024-09-19T14:15:18","modified_gmt":"2024-09-19T17:15:18","slug":"vehiculo-volcado-tras-impacto-contra-poste-en-chiguayante-conductor-escapa-del-lugar","status":"publish","type":"post","link":"https:\/\/www.koncevisiontv.cl\/web\/vehiculo-volcado-tras-impacto-contra-poste-en-chiguayante-conductor-escapa-del-lugar\/","title":{"rendered":"Veh\u00edculo Volcado Tras Impacto Contra Poste en Chiguayante: Conductor Escapa del Lugar"},"content":{"rendered":"\n<p class=\"wp-block-paragraph\"><\/p>\n\n\n\n<figure class=\"wp-block-image size-full\"><img loading=\"lazy\" decoding=\"async\" width=\"435\" height=\"367\" src=\"https:\/\/www.koncevisiontv.cl\/web\/wp-content\/uploads\/2024\/09\/accidente.webp\" alt=\"\" class=\"wp-image-1941\" title=\"\" srcset=\"https:\/\/www.koncevisiontv.cl\/web\/wp-content\/uploads\/2024\/09\/accidente.webp 435w, https:\/\/www.koncevisiontv.cl\/web\/wp-content\/uploads\/2024\/09\/accidente-300x253.webp 300w\" sizes=\"auto, (max-width: 435px) 100vw, 435px\" \/><\/figure>\n\n\n\n<p class=\"wp-block-paragraph\">Un incidente de tr\u00e1nsito ocurrido en Chiguayante, regi\u00f3n del B\u00edo-B\u00edo, ha dejado a un veh\u00edculo volcado despu\u00e9s de impactar contra un poste en el acceso a la localidad. El conductor del autom\u00f3vil, que sufri\u00f3 da\u00f1os significativos, logr\u00f3 escapar del lugar antes de la llegada de las autoridades.<\/p>\n\n\n\n<p class=\"wp-block-paragraph\"><strong>Detalles del Accidente<\/strong><\/p>\n\n\n\n<p class=\"wp-block-paragraph\">El accidente tuvo lugar en la intersecci\u00f3n de la Ruta 160, a la entrada de Chiguayante, un \u00e1rea con tr\u00e1fico frecuente y que se encuentra en una zona clave para la conexi\u00f3n entre diversas localidades. El veh\u00edculo, un sed\u00e1n de color gris, perdi\u00f3 el control y choc\u00f3 contra un poste de iluminaci\u00f3n p\u00fablica, lo que provoc\u00f3 que el autom\u00f3vil volcara y quedara en posici\u00f3n invertida sobre la carretera.<\/p>\n\n\n\n<p class=\"wp-block-paragraph\"><strong>Respuesta de las Autoridades<\/strong><\/p>\n\n\n\n<p class=\"wp-block-paragraph\">Al recibir el informe del accidente, Carabineros y personal de emergencias acudieron r\u00e1pidamente al lugar. A pesar de los esfuerzos por localizar al conductor, quien aparentemente hab\u00eda abandonado el lugar antes de la llegada de los equipos de rescate, las autoridades a\u00fan no han podido dar con su paradero. El accidente ha generado una investigaci\u00f3n para determinar las causas exactas del siniestro y las posibles responsabilidades del conductor.<\/p>\n\n\n\n<p class=\"wp-block-paragraph\"><strong>Condiciones del Accidente y Consecuencias<\/strong><\/p>\n\n\n\n<p class=\"wp-block-paragraph\">El impacto contra el poste caus\u00f3 da\u00f1os estructurales significativos al veh\u00edculo y provoc\u00f3 una interrupci\u00f3n temporal del suministro el\u00e9ctrico en la zona. Las cuadrillas de emergencia trabajaron para restaurar el servicio el\u00e9ctrico y limpiar la carretera, mientras que las autoridades de tr\u00e1nsito realizan un seguimiento exhaustivo del incidente para evitar futuros accidentes similares.<\/p>\n\n\n\n<p class=\"wp-block-paragraph\"><strong>Impacto en la Comunidad<\/strong><\/p>\n\n\n\n<p class=\"wp-block-paragraph\">Este accidente ha suscitado preocupaci\u00f3n entre los residentes de Chiguayante, quienes han expresado su inquietud por la seguridad vial en el \u00e1rea. La comunidad local ha solicitado una revisi\u00f3n de las medidas de seguridad en las carreteras y un mayor control en puntos cr\u00edticos para prevenir incidentes de esta magnitud.<\/p>\n\n\n\n<p class=\"wp-block-paragraph\"><strong>Conclusi\u00f3n<\/strong><\/p>\n\n\n\n<p class=\"wp-block-paragraph\">El incidente en Chiguayante resalta la necesidad de una vigilancia continua en las v\u00edas de tr\u00e1nsito y una mayor responsabilidad por parte de los conductores. La fuga del conductor subraya la importancia de fortalecer las medidas de control y seguridad en la regi\u00f3n, asegurando que tales eventos sean gestionados de manera efectiva para proteger a la comunidad y mantener la seguridad en las carreteras.<\/p>\n","protected":false},"excerpt":{"rendered":"<p>Un incidente de tr\u00e1nsito ocurrido en Chiguayante, regi\u00f3n del B\u00edo-B\u00edo, ha dejado a un veh\u00edculo volcado despu\u00e9s de<\/p>\n","protected":false},"author":5,"featured_media":1941,"comment_status":"open","ping_status":"open","sticky":false,"template":"","format":"standard","meta":{"_crdt_document":"","_uag_custom_page_level_css":"","_sitemap_exclude":false,"_sitemap_priority":"","_sitemap_frequency":"","_joinchat":[],"footnotes":""},"categories":[8],"tags":[],"class_list":["post-1939","post","type-post","status-publish","format-standard","has-post-thumbnail","hentry","category-sin-censura"],"featured_image_urls":{"full":["https:\/\/www.koncevisiontv.cl\/web\/wp-content\/uploads\/2024\/09\/accidente.webp",435,367,false],"thumbnail":["https:\/\/www.koncevisiontv.cl\/web\/wp-content\/uploads\/2024\/09\/accidente-150x150.webp",150,150,true],"medium":["https:\/\/www.koncevisiontv.cl\/web\/wp-content\/uploads\/2024\/09\/accidente-300x253.webp",300,253,true],"medium_large":["https:\/\/www.koncevisiontv.cl\/web\/wp-content\/uploads\/2024\/09\/accidente.webp",435,367,false],"large":["https:\/\/www.koncevisiontv.cl\/web\/wp-content\/uploads\/2024\/09\/accidente.webp",435,367,false],"1536x1536":["https:\/\/www.koncevisiontv.cl\/web\/wp-content\/uploads\/2024\/09\/accidente.webp",435,367,false],"2048x2048":["https:\/\/www.koncevisiontv.cl\/web\/wp-content\/uploads\/2024\/09\/accidente.webp",435,367,false],"darknews-featured":["https:\/\/www.koncevisiontv.cl\/web\/wp-content\/uploads\/2024\/09\/accidente.webp",435,367,false],"darknews-large":["https:\/\/www.koncevisiontv.cl\/web\/wp-content\/uploads\/2024\/09\/accidente.webp",435,367,false],"darknews-medium":["https:\/\/www.koncevisiontv.cl\/web\/wp-content\/uploads\/2024\/09\/accidente.webp",435,367,false]},"author_info":{"info":["Web-Master"]},"category_info":"<a href=\"https:\/\/www.koncevisiontv.cl\/web\/category\/sin-censura\/\" rel=\"category tag\">Sin Censura<\/a>","tag_info":"Sin Censura","comment_count":"0","uagb_featured_image_src":{"full":["https:\/\/www.koncevisiontv.cl\/web\/wp-content\/uploads\/2024\/09\/accidente.webp",435,367,false],"thumbnail":["https:\/\/www.koncevisiontv.cl\/web\/wp-content\/uploads\/2024\/09\/accidente-150x150.webp",150,150,true],"medium":["https:\/\/www.koncevisiontv.cl\/web\/wp-content\/uploads\/2024\/09\/accidente-300x253.webp",300,253,true],"medium_large":["https:\/\/www.koncevisiontv.cl\/web\/wp-content\/uploads\/2024\/09\/accidente.webp",435,367,false],"large":["https:\/\/www.koncevisiontv.cl\/web\/wp-content\/uploads\/2024\/09\/accidente.webp",435,367,false],"1536x1536":["https:\/\/www.koncevisiontv.cl\/web\/wp-content\/uploads\/2024\/09\/accidente.webp",435,367,false],"2048x2048":["https:\/\/www.koncevisiontv.cl\/web\/wp-content\/uploads\/2024\/09\/accidente.webp",435,367,false],"darknews-featured":["https:\/\/www.koncevisiontv.cl\/web\/wp-content\/uploads\/2024\/09\/accidente.webp",435,367,false],"darknews-large":["https:\/\/www.koncevisiontv.cl\/web\/wp-content\/uploads\/2024\/09\/accidente.webp",435,367,false],"darknews-medium":["https:\/\/www.koncevisiontv.cl\/web\/wp-content\/uploads\/2024\/09\/accidente.webp",435,367,false]},"uagb_author_info":{"display_name":"Web-Master","author_link":"https:\/\/www.koncevisiontv.cl\/web\/author\/koncevision\/"},"uagb_comment_info":0,"uagb_excerpt":"Un incidente de tr\u00e1nsito ocurrido en Chiguayante, regi\u00f3n del B\u00edo-B\u00edo, ha dejado a un veh\u00edculo volcado despu\u00e9s de","_links":{"self":[{"href":"https:\/\/www.koncevisiontv.cl\/web\/wp-json\/wp\/v2\/posts\/1939","targetHints":{"allow":["GET"]}}],"collection":[{"href":"https:\/\/www.koncevisiontv.cl\/web\/wp-json\/wp\/v2\/posts"}],"about":[{"href":"https:\/\/www.koncevisiontv.cl\/web\/wp-json\/wp\/v2\/types\/post"}],"author":[{"embeddable":true,"href":"https:\/\/www.koncevisiontv.cl\/web\/wp-json\/wp\/v2\/users\/5"}],"replies":[{"embeddable":true,"href":"https:\/\/www.koncevisiontv.cl\/web\/wp-json\/wp\/v2\/comments?post=1939"}],"version-history":[{"count":1,"href":"https:\/\/www.koncevisiontv.cl\/web\/wp-json\/wp\/v2\/posts\/1939\/revisions"}],"predecessor-version":[{"id":1942,"href":"https:\/\/www.koncevisiontv.cl\/web\/wp-json\/wp\/v2\/posts\/1939\/revisions\/1942"}],"wp:featuredmedia":[{"embeddable":true,"href":"https:\/\/www.koncevisiontv.cl\/web\/wp-json\/wp\/v2\/media\/1941"}],"wp:attachment":[{"href":"https:\/\/www.koncevisiontv.cl\/web\/wp-json\/wp\/v2\/media?parent=1939"}],"wp:term":[{"taxonomy":"category","embeddable":true,"href":"https:\/\/www.koncevisiontv.cl\/web\/wp-json\/wp\/v2\/categories?post=1939"},{"taxonomy":"post_tag","embeddable":true,"href":"https:\/\/www.koncevisiontv.cl\/web\/wp-json\/wp\/v2\/tags?post=1939"}],"curies":[{"name":"wp","href":"https:\/\/api.w.org\/{rel}","templated":true}]}}