{"id":1947,"date":"2024-09-19T15:44:31","date_gmt":"2024-09-19T18:44:31","guid":{"rendered":"https:\/\/www.koncevisiontv.cl\/web\/?p=1947"},"modified":"2024-09-19T15:44:33","modified_gmt":"2024-09-19T18:44:33","slug":"gobierno-anuncia-proyecto-para-aumentar-salario-de-carabineros","status":"publish","type":"post","link":"https:\/\/www.koncevisiontv.cl\/web\/gobierno-anuncia-proyecto-para-aumentar-salario-de-carabineros\/","title":{"rendered":"Gobierno Anuncia Proyecto para Aumentar Salario de Carabineros"},"content":{"rendered":"\n<p class=\"wp-block-paragraph\"><\/p>\n\n\n\n<div class=\"wp-block-uagb-image uagb-block-b68ac43f wp-block-uagb-image--layout-default wp-block-uagb-image--effect-static wp-block-uagb-image--align-none\"><figure class=\"wp-block-uagb-image__figure\"><img decoding=\"async\" srcset=\"https:\/\/www.koncevisiontv.cl\/web\/wp-content\/uploads\/2024\/09\/A_UNO_1604547-1024x683.jpg ,https:\/\/www.koncevisiontv.cl\/web\/wp-content\/uploads\/2024\/09\/A_UNO_1604547-scaled.jpg 780w, https:\/\/www.koncevisiontv.cl\/web\/wp-content\/uploads\/2024\/09\/A_UNO_1604547-scaled.jpg 360w\" sizes=\"auto, (max-width: 480px) 150px\" src=\"https:\/\/www.koncevisiontv.cl\/web\/wp-content\/uploads\/2024\/09\/A_UNO_1604547-1024x683.jpg\" alt=\"\" class=\"uag-image-1777\" width=\"1024\" height=\"683\" title=\"Te Deum Evang\u00e9lico 2024\" loading=\"lazy\" role=\"img\"><\/figure><\/div>\n\n\n\n<p class=\"wp-block-paragraph\">El gobierno ha presentado un nuevo proyecto legislativo destinado a aumentar el salario de los Carabineros, en un esfuerzo por mejorar las condiciones laborales de las fuerzas policiales y fortalecer el compromiso en el servicio p\u00fablico. Esta propuesta forma parte de una serie de iniciativas orientadas a apoyar y reconocer el trabajo desempe\u00f1ado por los Carabineros en todo el pa\u00eds.<\/p>\n\n\n\n<p class=\"wp-block-paragraph\"><strong>Detalles del Proyecto<\/strong><\/p>\n\n\n\n<p class=\"wp-block-paragraph\">El proyecto, que ha sido introducido en el Congreso Nacional, busca establecer un incremento significativo en los salarios de los Carabineros. La propuesta contempla un aumento escalonado que se aplicar\u00e1 en varias fases durante los pr\u00f3ximos a\u00f1os. El objetivo es proporcionar una mejora sustancial en la compensaci\u00f3n econ\u00f3mica que reciben los oficiales, con el fin de reflejar el nivel de responsabilidad y el riesgo asociado a su labor.<\/p>\n\n\n\n<p class=\"wp-block-paragraph\"><strong>Impacto Esperado<\/strong><\/p>\n\n\n\n<p class=\"wp-block-paragraph\">El gobierno argumenta que este aumento salarial tendr\u00e1 un impacto positivo en la moral y el rendimiento de los Carabineros. Al elevar los ingresos, se pretende reducir las preocupaciones econ\u00f3micas que podr\u00edan afectar la concentraci\u00f3n y la eficiencia en el cumplimiento de sus deberes. Adem\u00e1s, se espera que esta medida contribuya a una mayor retenci\u00f3n de personal y atraiga a nuevos postulantes al cuerpo policial.<\/p>\n\n\n\n<p class=\"wp-block-paragraph\"><strong>Reacciones y Opiniones<\/strong><\/p>\n\n\n\n<p class=\"wp-block-paragraph\">La presentaci\u00f3n del proyecto ha generado diversas reacciones entre los sectores pol\u00edticos y sociales. Los defensores del aumento salarial argumentan que es una medida necesaria para reconocer el sacrificio y el compromiso de los Carabineros. Por otro lado, algunos cr\u00edticos cuestionan la viabilidad financiera del proyecto y sugieren que los recursos podr\u00edan destinarse a otras \u00e1reas de necesidad urgente.<\/p>\n\n\n\n<p class=\"wp-block-paragraph\"><strong>Pr\u00f3ximos Pasos<\/strong><\/p>\n\n\n\n<p class=\"wp-block-paragraph\">El proyecto debe pasar por un proceso legislativo que incluye debates y votaciones en ambas c\u00e1maras del Congreso. Si es aprobado, el aumento salarial ser\u00e1 implementado en fases, con ajustes peri\u00f3dicos que reflejar\u00e1n los resultados y la viabilidad de la medida. El gobierno se compromete a seguir de cerca el impacto de esta pol\u00edtica y a realizar ajustes seg\u00fan sea necesario para garantizar su \u00e9xito.<\/p>\n\n\n\n<p class=\"wp-block-paragraph\"><strong>Conclusi\u00f3n<\/strong><\/p>\n\n\n\n<p class=\"wp-block-paragraph\">La propuesta de aumento salarial para los Carabineros marca un paso significativo en el reconocimiento y apoyo a las fuerzas policiales. A medida que avanza el proceso legislativo, se observar\u00e1 c\u00f3mo esta iniciativa influye en la din\u00e1mica del cuerpo policial y en la percepci\u00f3n p\u00fablica sobre el valor del trabajo de los Carabineros.<\/p>\n","protected":false},"excerpt":{"rendered":"<p>El gobierno ha presentado un nuevo proyecto legislativo destinado a aumentar el salario de los Carabineros, en un<\/p>\n","protected":false},"author":5,"featured_media":1777,"comment_status":"open","ping_status":"open","sticky":false,"template":"","format":"standard","meta":{"_crdt_document":"","_uag_custom_page_level_css":"","_sitemap_exclude":false,"_sitemap_priority":"","_sitemap_frequency":"","_joinchat":[],"footnotes":""},"categories":[8],"tags":[],"class_list":["post-1947","post","type-post","status-publish","format-standard","has-post-thumbnail","hentry","category-sin-censura"],"featured_image_urls":{"full":["https:\/\/www.koncevisiontv.cl\/web\/wp-content\/uploads\/2024\/09\/A_UNO_1604547-scaled.jpg",2560,1707,false],"thumbnail":["https:\/\/www.koncevisiontv.cl\/web\/wp-content\/uploads\/2024\/09\/A_UNO_1604547-150x150.jpg",150,150,true],"medium":["https:\/\/www.koncevisiontv.cl\/web\/wp-content\/uploads\/2024\/09\/A_UNO_1604547-300x200.jpg",300,200,true],"medium_large":["https:\/\/www.koncevisiontv.cl\/web\/wp-content\/uploads\/2024\/09\/A_UNO_1604547-768x512.jpg",640,427,true],"large":["https:\/\/www.koncevisiontv.cl\/web\/wp-content\/uploads\/2024\/09\/A_UNO_1604547-1024x683.jpg",640,427,true],"1536x1536":["https:\/\/www.koncevisiontv.cl\/web\/wp-content\/uploads\/2024\/09\/A_UNO_1604547-1536x1024.jpg",1536,1024,true],"2048x2048":["https:\/\/www.koncevisiontv.cl\/web\/wp-content\/uploads\/2024\/09\/A_UNO_1604547-2048x1366.jpg",2048,1366,true],"darknews-featured":["https:\/\/www.koncevisiontv.cl\/web\/wp-content\/uploads\/2024\/09\/A_UNO_1604547-1024x683.jpg",1024,683,true],"darknews-large":["https:\/\/www.koncevisiontv.cl\/web\/wp-content\/uploads\/2024\/09\/A_UNO_1604547-825x575.jpg",825,575,true],"darknews-medium":["https:\/\/www.koncevisiontv.cl\/web\/wp-content\/uploads\/2024\/09\/A_UNO_1604547-590x410.jpg",590,410,true]},"author_info":{"info":["Web-Master"]},"category_info":"<a href=\"https:\/\/www.koncevisiontv.cl\/web\/category\/sin-censura\/\" rel=\"category tag\">Sin Censura<\/a>","tag_info":"Sin Censura","comment_count":"0","uagb_featured_image_src":{"full":["https:\/\/www.koncevisiontv.cl\/web\/wp-content\/uploads\/2024\/09\/A_UNO_1604547-scaled.jpg",2560,1707,false],"thumbnail":["https:\/\/www.koncevisiontv.cl\/web\/wp-content\/uploads\/2024\/09\/A_UNO_1604547-150x150.jpg",150,150,true],"medium":["https:\/\/www.koncevisiontv.cl\/web\/wp-content\/uploads\/2024\/09\/A_UNO_1604547-300x200.jpg",300,200,true],"medium_large":["https:\/\/www.koncevisiontv.cl\/web\/wp-content\/uploads\/2024\/09\/A_UNO_1604547-768x512.jpg",640,427,true],"large":["https:\/\/www.koncevisiontv.cl\/web\/wp-content\/uploads\/2024\/09\/A_UNO_1604547-1024x683.jpg",640,427,true],"1536x1536":["https:\/\/www.koncevisiontv.cl\/web\/wp-content\/uploads\/2024\/09\/A_UNO_1604547-1536x1024.jpg",1536,1024,true],"2048x2048":["https:\/\/www.koncevisiontv.cl\/web\/wp-content\/uploads\/2024\/09\/A_UNO_1604547-2048x1366.jpg",2048,1366,true],"darknews-featured":["https:\/\/www.koncevisiontv.cl\/web\/wp-content\/uploads\/2024\/09\/A_UNO_1604547-1024x683.jpg",1024,683,true],"darknews-large":["https:\/\/www.koncevisiontv.cl\/web\/wp-content\/uploads\/2024\/09\/A_UNO_1604547-825x575.jpg",825,575,true],"darknews-medium":["https:\/\/www.koncevisiontv.cl\/web\/wp-content\/uploads\/2024\/09\/A_UNO_1604547-590x410.jpg",590,410,true]},"uagb_author_info":{"display_name":"Web-Master","author_link":"https:\/\/www.koncevisiontv.cl\/web\/author\/koncevision\/"},"uagb_comment_info":0,"uagb_excerpt":"El gobierno ha presentado un nuevo proyecto legislativo destinado a aumentar el salario de los Carabineros, en un","_links":{"self":[{"href":"https:\/\/www.koncevisiontv.cl\/web\/wp-json\/wp\/v2\/posts\/1947","targetHints":{"allow":["GET"]}}],"collection":[{"href":"https:\/\/www.koncevisiontv.cl\/web\/wp-json\/wp\/v2\/posts"}],"about":[{"href":"https:\/\/www.koncevisiontv.cl\/web\/wp-json\/wp\/v2\/types\/post"}],"author":[{"embeddable":true,"href":"https:\/\/www.koncevisiontv.cl\/web\/wp-json\/wp\/v2\/users\/5"}],"replies":[{"embeddable":true,"href":"https:\/\/www.koncevisiontv.cl\/web\/wp-json\/wp\/v2\/comments?post=1947"}],"version-history":[{"count":1,"href":"https:\/\/www.koncevisiontv.cl\/web\/wp-json\/wp\/v2\/posts\/1947\/revisions"}],"predecessor-version":[{"id":1948,"href":"https:\/\/www.koncevisiontv.cl\/web\/wp-json\/wp\/v2\/posts\/1947\/revisions\/1948"}],"wp:featuredmedia":[{"embeddable":true,"href":"https:\/\/www.koncevisiontv.cl\/web\/wp-json\/wp\/v2\/media\/1777"}],"wp:attachment":[{"href":"https:\/\/www.koncevisiontv.cl\/web\/wp-json\/wp\/v2\/media?parent=1947"}],"wp:term":[{"taxonomy":"category","embeddable":true,"href":"https:\/\/www.koncevisiontv.cl\/web\/wp-json\/wp\/v2\/categories?post=1947"},{"taxonomy":"post_tag","embeddable":true,"href":"https:\/\/www.koncevisiontv.cl\/web\/wp-json\/wp\/v2\/tags?post=1947"}],"curies":[{"name":"wp","href":"https:\/\/api.w.org\/{rel}","templated":true}]}}