{"id":1950,"date":"2024-09-19T16:01:18","date_gmt":"2024-09-19T19:01:18","guid":{"rendered":"https:\/\/www.koncevisiontv.cl\/web\/?p=1950"},"modified":"2024-09-19T19:42:57","modified_gmt":"2024-09-19T22:42:57","slug":"ricardo-yanez-aborda-su-salida-de-formalizacion-detalles-y-repercusiones","status":"publish","type":"post","link":"https:\/\/www.koncevisiontv.cl\/web\/ricardo-yanez-aborda-su-salida-de-formalizacion-detalles-y-repercusiones\/","title":{"rendered":"Ricardo Y\u00e1\u00f1ez Aborda su Salida y Formalizaci\u00f3n: Detalles y Repercusiones"},"content":{"rendered":"\n<p class=\"wp-block-paragraph\"><\/p>\n\n\n\n<div class=\"wp-block-uagb-image uagb-block-64782571 wp-block-uagb-image--layout-default wp-block-uagb-image--effect-static wp-block-uagb-image--align-none\"><figure class=\"wp-block-uagb-image__figure\"><img decoding=\"async\" srcset=\"https:\/\/www.koncevisiontv.cl\/web\/wp-content\/uploads\/2024\/09\/RICARDO-YANEZ-880x500-1.jpg ,https:\/\/www.koncevisiontv.cl\/web\/wp-content\/uploads\/2024\/09\/RICARDO-YANEZ-880x500-1.jpg 780w, https:\/\/www.koncevisiontv.cl\/web\/wp-content\/uploads\/2024\/09\/RICARDO-YANEZ-880x500-1.jpg 360w\" sizes=\"auto, (max-width: 480px) 150px\" src=\"https:\/\/www.koncevisiontv.cl\/web\/wp-content\/uploads\/2024\/09\/RICARDO-YANEZ-880x500-1.jpg\" alt=\"\" class=\"uag-image-1951\" width=\"880\" height=\"500\" title=\"RICARDO-YAN\u0303EZ-880x500\" loading=\"lazy\" role=\"img\"><\/figure><\/div>\n\n\n\n<p class=\"wp-block-paragraph\">Ricardo  Y\u00e1\u00f1ez hab\u00eda sido convocado a una formalizaci\u00f3n debido a las investigaciones sobre posibles irregularidades durante su tiempo en el servicio. Este proceso es una etapa preliminar en la justicia penal, donde se revisan las evidencias y se determina si existen motivos suficientes para proceder con una acusaci\u00f3n formal. La formalizaci\u00f3n de Y\u00e1\u00f1ez ha sido un tema de gran relevancia debido a su posici\u00f3n anterior y el impacto potencial en la percepci\u00f3n p\u00fablica de las instituciones de seguridad.<\/p>\n\n\n\n<p class=\"wp-block-paragraph\"><strong>Declaraciones de Y\u00e1\u00f1ez<\/strong><\/p>\n\n\n\n<p class=\"wp-block-paragraph\">Durante la salida de la formalizaci\u00f3n, Y\u00e1\u00f1ez ofreci\u00f3 declaraciones a la prensa en las que abord\u00f3 diversos aspectos del caso. En sus comentarios, se centr\u00f3 en negar las acusaciones y expresar su disposici\u00f3n a colaborar con las autoridades. Destac\u00f3 su confianza en el sistema judicial y su creencia en que las investigaciones se desarrollar\u00e1n con imparcialidad.<\/p>\n\n\n\n<p class=\"wp-block-paragraph\"><strong>Reacciones y Opiniones<\/strong><\/p>\n\n\n\n<p class=\"wp-block-paragraph\">La salida de la formalizaci\u00f3n de Y\u00e1\u00f1ez ha suscitado una variedad de opiniones entre los analistas y el p\u00fablico en general. Algunos sectores han respaldado su derecho a una defensa justa, mientras que otros han expresado preocupaci\u00f3n por el impacto que esta situaci\u00f3n podr\u00eda tener en la confianza p\u00fablica en las instituciones de seguridad. Las reacciones han reflejado un amplio espectro de perspectivas, desde el apoyo a la presunci\u00f3n de inocencia hasta el llamado a una mayor transparencia en las investigaciones.<\/p>\n\n\n\n<p class=\"wp-block-paragraph\"><strong>Impacto en la Instituci\u00f3n<\/strong><\/p>\n\n\n\n<p class=\"wp-block-paragraph\">La situaci\u00f3n de Y\u00e1\u00f1ez ha puesto en el centro del debate la necesidad de reformas y de mayor transparencia en las instituciones de seguridad. La formalizaci\u00f3n ha subrayado la importancia de mantener est\u00e1ndares \u00e9ticos elevados y de abordar cualquier posible irregularidad con seriedad. Se espera que esta situaci\u00f3n impulse discusiones sobre la implementaci\u00f3n de medidas para fortalecer la confianza p\u00fablica y mejorar la gesti\u00f3n interna de las fuerzas de seguridad.<\/p>\n\n\n\n<p class=\"wp-block-paragraph\"><strong>Conclusi\u00f3n<\/strong><\/p>\n\n\n\n<p class=\"wp-block-paragraph\">La salida de la formalizaci\u00f3n de Ricardo Y\u00e1\u00f1ez representa un cap\u00edtulo importante en el an\u00e1lisis de la gesti\u00f3n y la integridad en las instituciones de seguridad. A medida que el caso avanza, se mantendr\u00e1 una vigilancia atenta sobre los desarrollos futuros y sus implicaciones para la administraci\u00f3n p\u00fablica y la percepci\u00f3n de las fuerzas de seguridad en el pa\u00eds.<\/p>\n","protected":false},"excerpt":{"rendered":"<p>Ricardo Y\u00e1\u00f1ez hab\u00eda sido convocado a una formalizaci\u00f3n debido a las investigaciones sobre posibles irregularidades durante su tiempo<\/p>\n","protected":false},"author":5,"featured_media":1951,"comment_status":"open","ping_status":"open","sticky":false,"template":"","format":"standard","meta":{"_crdt_document":"","_uag_custom_page_level_css":"","_sitemap_exclude":false,"_sitemap_priority":"","_sitemap_frequency":"","_joinchat":[],"footnotes":""},"categories":[8],"tags":[],"class_list":["post-1950","post","type-post","status-publish","format-standard","has-post-thumbnail","hentry","category-sin-censura"],"featured_image_urls":{"full":["https:\/\/www.koncevisiontv.cl\/web\/wp-content\/uploads\/2024\/09\/RICARDO-YANEZ-880x500-1.jpg",880,500,false],"thumbnail":["https:\/\/www.koncevisiontv.cl\/web\/wp-content\/uploads\/2024\/09\/RICARDO-YANEZ-880x500-1-150x150.jpg",150,150,true],"medium":["https:\/\/www.koncevisiontv.cl\/web\/wp-content\/uploads\/2024\/09\/RICARDO-YANEZ-880x500-1-300x170.jpg",300,170,true],"medium_large":["https:\/\/www.koncevisiontv.cl\/web\/wp-content\/uploads\/2024\/09\/RICARDO-YANEZ-880x500-1-768x436.jpg",640,363,true],"large":["https:\/\/www.koncevisiontv.cl\/web\/wp-content\/uploads\/2024\/09\/RICARDO-YANEZ-880x500-1.jpg",640,364,false],"1536x1536":["https:\/\/www.koncevisiontv.cl\/web\/wp-content\/uploads\/2024\/09\/RICARDO-YANEZ-880x500-1.jpg",880,500,false],"2048x2048":["https:\/\/www.koncevisiontv.cl\/web\/wp-content\/uploads\/2024\/09\/RICARDO-YANEZ-880x500-1.jpg",880,500,false],"darknews-featured":["https:\/\/www.koncevisiontv.cl\/web\/wp-content\/uploads\/2024\/09\/RICARDO-YANEZ-880x500-1.jpg",880,500,false],"darknews-large":["https:\/\/www.koncevisiontv.cl\/web\/wp-content\/uploads\/2024\/09\/RICARDO-YANEZ-880x500-1-825x500.jpg",825,500,true],"darknews-medium":["https:\/\/www.koncevisiontv.cl\/web\/wp-content\/uploads\/2024\/09\/RICARDO-YANEZ-880x500-1-590x410.jpg",590,410,true]},"author_info":{"info":["Web-Master"]},"category_info":"<a href=\"https:\/\/www.koncevisiontv.cl\/web\/category\/sin-censura\/\" rel=\"category tag\">Sin Censura<\/a>","tag_info":"Sin Censura","comment_count":"0","uagb_featured_image_src":{"full":["https:\/\/www.koncevisiontv.cl\/web\/wp-content\/uploads\/2024\/09\/RICARDO-YANEZ-880x500-1.jpg",880,500,false],"thumbnail":["https:\/\/www.koncevisiontv.cl\/web\/wp-content\/uploads\/2024\/09\/RICARDO-YANEZ-880x500-1-150x150.jpg",150,150,true],"medium":["https:\/\/www.koncevisiontv.cl\/web\/wp-content\/uploads\/2024\/09\/RICARDO-YANEZ-880x500-1-300x170.jpg",300,170,true],"medium_large":["https:\/\/www.koncevisiontv.cl\/web\/wp-content\/uploads\/2024\/09\/RICARDO-YANEZ-880x500-1-768x436.jpg",640,363,true],"large":["https:\/\/www.koncevisiontv.cl\/web\/wp-content\/uploads\/2024\/09\/RICARDO-YANEZ-880x500-1.jpg",640,364,false],"1536x1536":["https:\/\/www.koncevisiontv.cl\/web\/wp-content\/uploads\/2024\/09\/RICARDO-YANEZ-880x500-1.jpg",880,500,false],"2048x2048":["https:\/\/www.koncevisiontv.cl\/web\/wp-content\/uploads\/2024\/09\/RICARDO-YANEZ-880x500-1.jpg",880,500,false],"darknews-featured":["https:\/\/www.koncevisiontv.cl\/web\/wp-content\/uploads\/2024\/09\/RICARDO-YANEZ-880x500-1.jpg",880,500,false],"darknews-large":["https:\/\/www.koncevisiontv.cl\/web\/wp-content\/uploads\/2024\/09\/RICARDO-YANEZ-880x500-1-825x500.jpg",825,500,true],"darknews-medium":["https:\/\/www.koncevisiontv.cl\/web\/wp-content\/uploads\/2024\/09\/RICARDO-YANEZ-880x500-1-590x410.jpg",590,410,true]},"uagb_author_info":{"display_name":"Web-Master","author_link":"https:\/\/www.koncevisiontv.cl\/web\/author\/koncevision\/"},"uagb_comment_info":0,"uagb_excerpt":"Ricardo Y\u00e1\u00f1ez hab\u00eda sido convocado a una formalizaci\u00f3n debido a las investigaciones sobre posibles irregularidades durante su tiempo","_links":{"self":[{"href":"https:\/\/www.koncevisiontv.cl\/web\/wp-json\/wp\/v2\/posts\/1950","targetHints":{"allow":["GET"]}}],"collection":[{"href":"https:\/\/www.koncevisiontv.cl\/web\/wp-json\/wp\/v2\/posts"}],"about":[{"href":"https:\/\/www.koncevisiontv.cl\/web\/wp-json\/wp\/v2\/types\/post"}],"author":[{"embeddable":true,"href":"https:\/\/www.koncevisiontv.cl\/web\/wp-json\/wp\/v2\/users\/5"}],"replies":[{"embeddable":true,"href":"https:\/\/www.koncevisiontv.cl\/web\/wp-json\/wp\/v2\/comments?post=1950"}],"version-history":[{"count":3,"href":"https:\/\/www.koncevisiontv.cl\/web\/wp-json\/wp\/v2\/posts\/1950\/revisions"}],"predecessor-version":[{"id":1959,"href":"https:\/\/www.koncevisiontv.cl\/web\/wp-json\/wp\/v2\/posts\/1950\/revisions\/1959"}],"wp:featuredmedia":[{"embeddable":true,"href":"https:\/\/www.koncevisiontv.cl\/web\/wp-json\/wp\/v2\/media\/1951"}],"wp:attachment":[{"href":"https:\/\/www.koncevisiontv.cl\/web\/wp-json\/wp\/v2\/media?parent=1950"}],"wp:term":[{"taxonomy":"category","embeddable":true,"href":"https:\/\/www.koncevisiontv.cl\/web\/wp-json\/wp\/v2\/categories?post=1950"},{"taxonomy":"post_tag","embeddable":true,"href":"https:\/\/www.koncevisiontv.cl\/web\/wp-json\/wp\/v2\/tags?post=1950"}],"curies":[{"name":"wp","href":"https:\/\/api.w.org\/{rel}","templated":true}]}}