{"id":1961,"date":"2024-09-19T22:46:20","date_gmt":"2024-09-20T01:46:20","guid":{"rendered":"https:\/\/www.koncevisiontv.cl\/web\/?p=1961"},"modified":"2024-09-19T22:46:21","modified_gmt":"2024-09-20T01:46:21","slug":"divisiones-en-la-derecha-por-silencio-de-chadwick-en-el-caso-audio","status":"publish","type":"post","link":"https:\/\/www.koncevisiontv.cl\/web\/divisiones-en-la-derecha-por-silencio-de-chadwick-en-el-caso-audio\/","title":{"rendered":"Divisiones en la derecha por silencio de Chadwick en el caso Audio"},"content":{"rendered":"\n<p class=\"wp-block-paragraph\">Tensiones dentro de la derecha pol\u00edtica chilena. Diputados como Andr\u00e9s Celis (RN) instan a una querella criminal y mayor claridad, mientras que otros, como Miguel Mellado, defienden su derecho a guardar silencio, alegando que no est\u00e1 imputado. Esta situaci\u00f3n ha provocado fricciones en Chile Vamos, especialmente tras revelaciones de la supuesta intervenci\u00f3n de Chadwick a favor de la empresa STF Capital.<\/p>\n\n\n\n<h2 class=\"wp-block-heading\"><strong>Hermetismo de Chadwick genera tensiones internas<\/strong><\/h2>\n\n\n\n<p class=\"wp-block-paragraph\">Andr\u00e9s Chadwick, exministro del Interior, ha sido cuestionado por su presunto v\u00ednculo con el abogado Luis Hermosilla en el marco del pol\u00e9mico caso Audio, una controversia judicial que involucra delitos tributarios. Sin embargo, el exministro no ha emitido declaraciones sobre su participaci\u00f3n, lo que ha generado diversas reacciones dentro de su sector pol\u00edtico.<\/p>\n\n\n\n<h3 class=\"wp-block-heading\"><strong>Diputados de RN exigen aclaraciones<\/strong><\/h3>\n\n\n\n<p class=\"wp-block-paragraph\">El diputado de Renovaci\u00f3n Nacional (RN), Andr\u00e9s Celis, ha sido uno de los m\u00e1s enf\u00e1ticos en la necesidad de que Chadwick aclare su rol en el caso. Seg\u00fan Celis, el presidente del partido, Rodrigo Galilea, deber\u00eda impulsar una querella para esclarecer la verdad.<\/p>\n\n\n\n<p class=\"wp-block-paragraph\">Por otro lado, Miguel Mellado, tambi\u00e9n de RN, ha defendido la decisi\u00f3n de Chadwick de mantenerse en silencio, argumentando que no est\u00e1 imputado en el caso y, por tanto, no tiene la obligaci\u00f3n de aclarar su situaci\u00f3n ante los medios.<\/p>\n\n\n\n<h3 class=\"wp-block-heading\"><strong>El Partido Republicano pide transparencia<\/strong><\/h3>\n\n\n\n<p class=\"wp-block-paragraph\">Jos\u00e9 Antonio Kast, l\u00edder del Partido Republicano, se uni\u00f3 al llamado a la transparencia, sugiriendo que Chadwick deber\u00eda explicar su relaci\u00f3n con Hermosilla, abogado se\u00f1alado en el caso.<\/p>\n\n\n\n<p class=\"wp-block-paragraph\">La controversia contin\u00faa, y mientras algunos piden explicaciones, otros prefieren esperar el desarrollo de las investigaciones judiciales antes de emitir juicios.<\/p>\n\n\n\n<p class=\"wp-block-paragraph\"><\/p>\n","protected":false},"excerpt":{"rendered":"<p>Tensiones dentro de la derecha pol\u00edtica chilena. Diputados como Andr\u00e9s Celis (RN) instan a una querella criminal y<\/p>\n","protected":false},"author":5,"featured_media":1802,"comment_status":"open","ping_status":"open","sticky":false,"template":"","format":"standard","meta":{"_crdt_document":"","_uag_custom_page_level_css":"","_sitemap_exclude":false,"_sitemap_priority":"","_sitemap_frequency":"","_joinchat":[],"footnotes":""},"categories":[8],"tags":[],"class_list":["post-1961","post","type-post","status-publish","format-standard","has-post-thumbnail","hentry","category-sin-censura"],"featured_image_urls":{"full":["https:\/\/www.koncevisiontv.cl\/web\/wp-content\/uploads\/2024\/09\/chadwick-con-hermosilla-1-1.jpg",640,369,false],"thumbnail":["https:\/\/www.koncevisiontv.cl\/web\/wp-content\/uploads\/2024\/09\/chadwick-con-hermosilla-1-1-150x150.jpg",150,150,true],"medium":["https:\/\/www.koncevisiontv.cl\/web\/wp-content\/uploads\/2024\/09\/chadwick-con-hermosilla-1-1-300x173.jpg",300,173,true],"medium_large":["https:\/\/www.koncevisiontv.cl\/web\/wp-content\/uploads\/2024\/09\/chadwick-con-hermosilla-1-1.jpg",640,369,false],"large":["https:\/\/www.koncevisiontv.cl\/web\/wp-content\/uploads\/2024\/09\/chadwick-con-hermosilla-1-1.jpg",640,369,false],"1536x1536":["https:\/\/www.koncevisiontv.cl\/web\/wp-content\/uploads\/2024\/09\/chadwick-con-hermosilla-1-1.jpg",640,369,false],"2048x2048":["https:\/\/www.koncevisiontv.cl\/web\/wp-content\/uploads\/2024\/09\/chadwick-con-hermosilla-1-1.jpg",640,369,false],"darknews-featured":["https:\/\/www.koncevisiontv.cl\/web\/wp-content\/uploads\/2024\/09\/chadwick-con-hermosilla-1-1.jpg",640,369,false],"darknews-large":["https:\/\/www.koncevisiontv.cl\/web\/wp-content\/uploads\/2024\/09\/chadwick-con-hermosilla-1-1.jpg",640,369,false],"darknews-medium":["https:\/\/www.koncevisiontv.cl\/web\/wp-content\/uploads\/2024\/09\/chadwick-con-hermosilla-1-1-590x369.jpg",590,369,true]},"author_info":{"info":["Web-Master"]},"category_info":"<a href=\"https:\/\/www.koncevisiontv.cl\/web\/category\/sin-censura\/\" rel=\"category tag\">Sin Censura<\/a>","tag_info":"Sin Censura","comment_count":"0","uagb_featured_image_src":{"full":["https:\/\/www.koncevisiontv.cl\/web\/wp-content\/uploads\/2024\/09\/chadwick-con-hermosilla-1-1.jpg",640,369,false],"thumbnail":["https:\/\/www.koncevisiontv.cl\/web\/wp-content\/uploads\/2024\/09\/chadwick-con-hermosilla-1-1-150x150.jpg",150,150,true],"medium":["https:\/\/www.koncevisiontv.cl\/web\/wp-content\/uploads\/2024\/09\/chadwick-con-hermosilla-1-1-300x173.jpg",300,173,true],"medium_large":["https:\/\/www.koncevisiontv.cl\/web\/wp-content\/uploads\/2024\/09\/chadwick-con-hermosilla-1-1.jpg",640,369,false],"large":["https:\/\/www.koncevisiontv.cl\/web\/wp-content\/uploads\/2024\/09\/chadwick-con-hermosilla-1-1.jpg",640,369,false],"1536x1536":["https:\/\/www.koncevisiontv.cl\/web\/wp-content\/uploads\/2024\/09\/chadwick-con-hermosilla-1-1.jpg",640,369,false],"2048x2048":["https:\/\/www.koncevisiontv.cl\/web\/wp-content\/uploads\/2024\/09\/chadwick-con-hermosilla-1-1.jpg",640,369,false],"darknews-featured":["https:\/\/www.koncevisiontv.cl\/web\/wp-content\/uploads\/2024\/09\/chadwick-con-hermosilla-1-1.jpg",640,369,false],"darknews-large":["https:\/\/www.koncevisiontv.cl\/web\/wp-content\/uploads\/2024\/09\/chadwick-con-hermosilla-1-1.jpg",640,369,false],"darknews-medium":["https:\/\/www.koncevisiontv.cl\/web\/wp-content\/uploads\/2024\/09\/chadwick-con-hermosilla-1-1-590x369.jpg",590,369,true]},"uagb_author_info":{"display_name":"Web-Master","author_link":"https:\/\/www.koncevisiontv.cl\/web\/author\/koncevision\/"},"uagb_comment_info":0,"uagb_excerpt":"Tensiones dentro de la derecha pol\u00edtica chilena. Diputados como Andr\u00e9s Celis (RN) instan a una querella criminal y","_links":{"self":[{"href":"https:\/\/www.koncevisiontv.cl\/web\/wp-json\/wp\/v2\/posts\/1961","targetHints":{"allow":["GET"]}}],"collection":[{"href":"https:\/\/www.koncevisiontv.cl\/web\/wp-json\/wp\/v2\/posts"}],"about":[{"href":"https:\/\/www.koncevisiontv.cl\/web\/wp-json\/wp\/v2\/types\/post"}],"author":[{"embeddable":true,"href":"https:\/\/www.koncevisiontv.cl\/web\/wp-json\/wp\/v2\/users\/5"}],"replies":[{"embeddable":true,"href":"https:\/\/www.koncevisiontv.cl\/web\/wp-json\/wp\/v2\/comments?post=1961"}],"version-history":[{"count":1,"href":"https:\/\/www.koncevisiontv.cl\/web\/wp-json\/wp\/v2\/posts\/1961\/revisions"}],"predecessor-version":[{"id":1962,"href":"https:\/\/www.koncevisiontv.cl\/web\/wp-json\/wp\/v2\/posts\/1961\/revisions\/1962"}],"wp:featuredmedia":[{"embeddable":true,"href":"https:\/\/www.koncevisiontv.cl\/web\/wp-json\/wp\/v2\/media\/1802"}],"wp:attachment":[{"href":"https:\/\/www.koncevisiontv.cl\/web\/wp-json\/wp\/v2\/media?parent=1961"}],"wp:term":[{"taxonomy":"category","embeddable":true,"href":"https:\/\/www.koncevisiontv.cl\/web\/wp-json\/wp\/v2\/categories?post=1961"},{"taxonomy":"post_tag","embeddable":true,"href":"https:\/\/www.koncevisiontv.cl\/web\/wp-json\/wp\/v2\/tags?post=1961"}],"curies":[{"name":"wp","href":"https:\/\/api.w.org\/{rel}","templated":true}]}}