{"id":1985,"date":"2024-09-20T13:07:12","date_gmt":"2024-09-20T16:07:12","guid":{"rendered":"https:\/\/www.koncevisiontv.cl\/web\/?p=1985"},"modified":"2024-09-20T19:38:40","modified_gmt":"2024-09-20T22:38:40","slug":"oficialismo-defiende-la-postergacion-del-proyecto-que-busca-reemplazar-el-cae","status":"publish","type":"post","link":"https:\/\/www.koncevisiontv.cl\/web\/oficialismo-defiende-la-postergacion-del-proyecto-que-busca-reemplazar-el-cae\/","title":{"rendered":"Oficialismo Defiende la Postergaci\u00f3n del Proyecto que Busca Reemplazar el CAE"},"content":{"rendered":"\n<div class=\"wp-block-uagb-image uagb-block-415cb03e wp-block-uagb-image--layout-default wp-block-uagb-image--effect-static wp-block-uagb-image--align-none\"><figure class=\"wp-block-uagb-image__figure\"><img decoding=\"async\" srcset=\"https:\/\/www.koncevisiontv.cl\/web\/wp-content\/uploads\/2024\/09\/Nicolas-Cataldo.jpg ,https:\/\/www.koncevisiontv.cl\/web\/wp-content\/uploads\/2024\/09\/Nicolas-Cataldo.jpg 780w, https:\/\/www.koncevisiontv.cl\/web\/wp-content\/uploads\/2024\/09\/Nicolas-Cataldo.jpg 360w\" sizes=\"auto, (max-width: 480px) 150px\" src=\"https:\/\/www.koncevisiontv.cl\/web\/wp-content\/uploads\/2024\/09\/Nicolas-Cataldo.jpg\" alt=\"\" class=\"uag-image-1986\" width=\"900\" height=\"601\" title=\"Nicol\u00e1s-Cataldo\" loading=\"lazy\" role=\"img\"><\/figure><\/div>\n\n\n\n<p class=\"wp-block-paragraph\">Un Debate Controversial<\/p>\n\n\n\n<p class=\"wp-block-paragraph\">El aplazamiento del proyecto de ley que busca reemplazar el Cr\u00e9dito con Aval del Estado (CAE) ha generado un acalorado debate en el Congreso y entre la opini\u00f3n p\u00fablica. Mientras la oposici\u00f3n critica duramente la demora, el oficialismo ha salido en defensa de esta decisi\u00f3n, argumentando que es necesario tomarse m\u00e1s tiempo para asegurar que la nueva propuesta sea justa y viable. El futuro de miles de estudiantes chilenos est\u00e1 en juego, y las posiciones se mantienen divididas.<\/p>\n\n\n\n<p class=\"wp-block-paragraph\"><strong>Motivos de la Postergaci\u00f3n<\/strong><\/p>\n\n\n\n<p class=\"wp-block-paragraph\">Seg\u00fan representantes del oficialismo, la postergaci\u00f3n del proyecto se debe a la necesidad de ajustar aspectos t\u00e9cnicos y financieros antes de su presentaci\u00f3n definitiva. El ministro de Educaci\u00f3n explic\u00f3 que el reemplazo del CAE no es solo un cambio administrativo, sino que busca transformar el sistema de financiamiento educativo en su totalidad. Esto implica que el proyecto requiere un an\u00e1lisis m\u00e1s profundo para evitar problemas a futuro y asegurar que los estudiantes no terminen endeudados de por vida.<\/p>\n\n\n\n<p class=\"wp-block-paragraph\">Cr\u00edticas de la Oposici\u00f3n<\/p>\n\n\n\n<p class=\"wp-block-paragraph\">Por su parte, la oposici\u00f3n ha sido tajante en sus cr\u00edticas. Argumentan que la postergaci\u00f3n del proyecto representa una falta de compromiso con los estudiantes y sus familias, quienes han sufrido las consecuencias del CAE por a\u00f1os. Se\u00f1alan que el gobierno ha tenido tiempo suficiente para desarrollar una propuesta s\u00f3lida y que cualquier retraso solo perpet\u00faa un sistema que consideran injusto.<\/p>\n\n\n\n<p class=\"wp-block-paragraph\"><strong>El Futuro del Financiamiento Estudiantil<\/strong><\/p>\n\n\n\n<p class=\"wp-block-paragraph\">Uno de los puntos clave del debate es qu\u00e9 tan diferente ser\u00e1 el nuevo sistema en comparaci\u00f3n con el CAE. Mientras algunos esperan un cambio radical que alivie la carga financiera de los estudiantes, otros temen que las modificaciones no sean suficientes para resolver los problemas estructurales del actual modelo. El gobierno asegura que el nuevo proyecto incluir\u00e1 mecanismos que har\u00e1n el acceso a la educaci\u00f3n superior m\u00e1s equitativo y sostenible en el tiempo<\/p>\n\n\n\n<p class=\"wp-block-paragraph\">.<strong>La Defensa del Oficialismo<\/strong><\/p>\n\n\n\n<p class=\"wp-block-paragraph\">Los defensores de la postergaci\u00f3n, dentro del oficialismo, han se\u00f1alado que apresurarse en la presentaci\u00f3n de un proyecto tan complejo podr\u00eda tener consecuencias negativas. Prefieren tomarse el tiempo necesario para afinar los detalles y garantizar que la nueva ley beneficie a todos los estudiantes, independientemente de su nivel socioecon\u00f3mico. Adem\u00e1s, han destacado que el gobierno sigue comprometido con eliminar el CAE, pero quieren asegurarse de que el reemplazo sea verdaderamente eficaz.<\/p>\n\n\n\n<p class=\"wp-block-paragraph\">El aplazamiento del proyecto que busca reemplazar el CAE ha encendido nuevamente el debate sobre el financiamiento de la educaci\u00f3n superior en Chile. Mientras la oposici\u00f3n presiona por una soluci\u00f3n r\u00e1pida, el oficialismo defiende su decisi\u00f3n de tomarse m\u00e1s tiempo para asegurar que la propuesta final sea justa y sostenible. El pa\u00eds espera con atenci\u00f3n los pr\u00f3ximos pasos del gobierno en esta materia crucial.<\/p>\n","protected":false},"excerpt":{"rendered":"<p>Un Debate Controversial El aplazamiento del proyecto de ley que busca reemplazar el Cr\u00e9dito con Aval del Estado<\/p>\n","protected":false},"author":5,"featured_media":1986,"comment_status":"open","ping_status":"open","sticky":false,"template":"","format":"standard","meta":{"_crdt_document":"","_uag_custom_page_level_css":"","_sitemap_exclude":false,"_sitemap_priority":"","_sitemap_frequency":"","_joinchat":[],"footnotes":""},"categories":[8],"tags":[],"class_list":["post-1985","post","type-post","status-publish","format-standard","has-post-thumbnail","hentry","category-sin-censura"],"featured_image_urls":{"full":["https:\/\/www.koncevisiontv.cl\/web\/wp-content\/uploads\/2024\/09\/Nicolas-Cataldo.jpg",900,601,false],"thumbnail":["https:\/\/www.koncevisiontv.cl\/web\/wp-content\/uploads\/2024\/09\/Nicolas-Cataldo-150x150.jpg",150,150,true],"medium":["https:\/\/www.koncevisiontv.cl\/web\/wp-content\/uploads\/2024\/09\/Nicolas-Cataldo-300x200.jpg",300,200,true],"medium_large":["https:\/\/www.koncevisiontv.cl\/web\/wp-content\/uploads\/2024\/09\/Nicolas-Cataldo-768x513.jpg",640,428,true],"large":["https:\/\/www.koncevisiontv.cl\/web\/wp-content\/uploads\/2024\/09\/Nicolas-Cataldo.jpg",640,427,false],"1536x1536":["https:\/\/www.koncevisiontv.cl\/web\/wp-content\/uploads\/2024\/09\/Nicolas-Cataldo.jpg",900,601,false],"2048x2048":["https:\/\/www.koncevisiontv.cl\/web\/wp-content\/uploads\/2024\/09\/Nicolas-Cataldo.jpg",900,601,false],"darknews-featured":["https:\/\/www.koncevisiontv.cl\/web\/wp-content\/uploads\/2024\/09\/Nicolas-Cataldo.jpg",900,601,false],"darknews-large":["https:\/\/www.koncevisiontv.cl\/web\/wp-content\/uploads\/2024\/09\/Nicolas-Cataldo-825x575.jpg",825,575,true],"darknews-medium":["https:\/\/www.koncevisiontv.cl\/web\/wp-content\/uploads\/2024\/09\/Nicolas-Cataldo-590x410.jpg",590,410,true]},"author_info":{"info":["Web-Master"]},"category_info":"<a href=\"https:\/\/www.koncevisiontv.cl\/web\/category\/sin-censura\/\" rel=\"category tag\">Sin Censura<\/a>","tag_info":"Sin Censura","comment_count":"0","uagb_featured_image_src":{"full":["https:\/\/www.koncevisiontv.cl\/web\/wp-content\/uploads\/2024\/09\/Nicolas-Cataldo.jpg",900,601,false],"thumbnail":["https:\/\/www.koncevisiontv.cl\/web\/wp-content\/uploads\/2024\/09\/Nicolas-Cataldo-150x150.jpg",150,150,true],"medium":["https:\/\/www.koncevisiontv.cl\/web\/wp-content\/uploads\/2024\/09\/Nicolas-Cataldo-300x200.jpg",300,200,true],"medium_large":["https:\/\/www.koncevisiontv.cl\/web\/wp-content\/uploads\/2024\/09\/Nicolas-Cataldo-768x513.jpg",640,428,true],"large":["https:\/\/www.koncevisiontv.cl\/web\/wp-content\/uploads\/2024\/09\/Nicolas-Cataldo.jpg",640,427,false],"1536x1536":["https:\/\/www.koncevisiontv.cl\/web\/wp-content\/uploads\/2024\/09\/Nicolas-Cataldo.jpg",900,601,false],"2048x2048":["https:\/\/www.koncevisiontv.cl\/web\/wp-content\/uploads\/2024\/09\/Nicolas-Cataldo.jpg",900,601,false],"darknews-featured":["https:\/\/www.koncevisiontv.cl\/web\/wp-content\/uploads\/2024\/09\/Nicolas-Cataldo.jpg",900,601,false],"darknews-large":["https:\/\/www.koncevisiontv.cl\/web\/wp-content\/uploads\/2024\/09\/Nicolas-Cataldo-825x575.jpg",825,575,true],"darknews-medium":["https:\/\/www.koncevisiontv.cl\/web\/wp-content\/uploads\/2024\/09\/Nicolas-Cataldo-590x410.jpg",590,410,true]},"uagb_author_info":{"display_name":"Web-Master","author_link":"https:\/\/www.koncevisiontv.cl\/web\/author\/koncevision\/"},"uagb_comment_info":0,"uagb_excerpt":"Un Debate Controversial El aplazamiento del proyecto de ley que busca reemplazar el Cr\u00e9dito con Aval del Estado","_links":{"self":[{"href":"https:\/\/www.koncevisiontv.cl\/web\/wp-json\/wp\/v2\/posts\/1985","targetHints":{"allow":["GET"]}}],"collection":[{"href":"https:\/\/www.koncevisiontv.cl\/web\/wp-json\/wp\/v2\/posts"}],"about":[{"href":"https:\/\/www.koncevisiontv.cl\/web\/wp-json\/wp\/v2\/types\/post"}],"author":[{"embeddable":true,"href":"https:\/\/www.koncevisiontv.cl\/web\/wp-json\/wp\/v2\/users\/5"}],"replies":[{"embeddable":true,"href":"https:\/\/www.koncevisiontv.cl\/web\/wp-json\/wp\/v2\/comments?post=1985"}],"version-history":[{"count":2,"href":"https:\/\/www.koncevisiontv.cl\/web\/wp-json\/wp\/v2\/posts\/1985\/revisions"}],"predecessor-version":[{"id":1994,"href":"https:\/\/www.koncevisiontv.cl\/web\/wp-json\/wp\/v2\/posts\/1985\/revisions\/1994"}],"wp:featuredmedia":[{"embeddable":true,"href":"https:\/\/www.koncevisiontv.cl\/web\/wp-json\/wp\/v2\/media\/1986"}],"wp:attachment":[{"href":"https:\/\/www.koncevisiontv.cl\/web\/wp-json\/wp\/v2\/media?parent=1985"}],"wp:term":[{"taxonomy":"category","embeddable":true,"href":"https:\/\/www.koncevisiontv.cl\/web\/wp-json\/wp\/v2\/categories?post=1985"},{"taxonomy":"post_tag","embeddable":true,"href":"https:\/\/www.koncevisiontv.cl\/web\/wp-json\/wp\/v2\/tags?post=1985"}],"curies":[{"name":"wp","href":"https:\/\/api.w.org\/{rel}","templated":true}]}}