{"id":2016,"date":"2024-09-21T00:21:01","date_gmt":"2024-09-21T03:21:01","guid":{"rendered":"https:\/\/www.koncevisiontv.cl\/web\/?p=2016"},"modified":"2024-09-21T00:21:03","modified_gmt":"2024-09-21T03:21:03","slug":"explosion-de-peroxido-provoca-derrame-quimico-en-el-hospital-regional-de-concepcion","status":"publish","type":"post","link":"https:\/\/www.koncevisiontv.cl\/web\/explosion-de-peroxido-provoca-derrame-quimico-en-el-hospital-regional-de-concepcion\/","title":{"rendered":"Explosi\u00f3n de Per\u00f3xido Provoca Derrame Qu\u00edmico en el Hospital Regional de Concepci\u00f3n"},"content":{"rendered":"\n<div class=\"wp-block-uagb-image uagb-block-f8c173d9 wp-block-uagb-image--layout-default wp-block-uagb-image--effect-static wp-block-uagb-image--align-none\"><figure class=\"wp-block-uagb-image__figure\"><img decoding=\"async\" srcset=\"https:\/\/www.koncevisiontv.cl\/web\/wp-content\/uploads\/2024\/09\/salvatrores-1024x538.jpg ,https:\/\/www.koncevisiontv.cl\/web\/wp-content\/uploads\/2024\/09\/salvatrores.jpg 780w, https:\/\/www.koncevisiontv.cl\/web\/wp-content\/uploads\/2024\/09\/salvatrores.jpg 360w\" sizes=\"auto, (max-width: 480px) 150px\" src=\"https:\/\/www.koncevisiontv.cl\/web\/wp-content\/uploads\/2024\/09\/salvatrores-1024x538.jpg\" alt=\"Hospital Regional de Concepci\u00f3n.\" class=\"uag-image-1945\" width=\"1024\" height=\"538\" title=\"salvatrores\" loading=\"lazy\" role=\"img\"\/><\/figure><\/div>\n\n\n\n<p class=\"wp-block-paragraph\"><strong>Un Peligroso Accidente Qu\u00edmico en el Hospital Regional<\/strong><\/p>\n\n\n\n<p class=\"wp-block-paragraph\">El Hospital Regional de Concepci\u00f3n vivi\u00f3 momentos de tensi\u00f3n tras un derrame de una sustancia qu\u00edmica, presuntamente provocado por la explosi\u00f3n de un recipiente que conten\u00eda per\u00f3xido. El incidente ocurri\u00f3 en una de las \u00e1reas del hospital, generando preocupaci\u00f3n entre el personal m\u00e9dico y los pacientes debido a los potenciales riesgos asociados con la liberaci\u00f3n de productos qu\u00edmicos en un entorno hospitalario.<\/p>\n\n\n\n<p class=\"wp-block-paragraph\"><strong>Medidas de Seguridad y Contenci\u00f3n<\/strong><\/p>\n\n\n\n<p class=\"wp-block-paragraph\">Inmediatamente despu\u00e9s de la explosi\u00f3n, se activaron los protocolos de emergencia. El personal del hospital fue evacuado de la zona afectada para evitar cualquier exposici\u00f3n a la sustancia qu\u00edmica. Equipos especializados fueron desplegados para realizar las labores de contenci\u00f3n y limpieza del \u00e1rea. Seg\u00fan los reportes preliminares, no se registraron personas lesionadas ni intoxicadas por el incidente, aunque las autoridades contin\u00faan monitoreando la situaci\u00f3n.<\/p>\n\n\n\n<p class=\"wp-block-paragraph\">El Ministerio de Salud inform\u00f3 que se tomar\u00e1n todas las medidas necesarias para garantizar la seguridad de los pacientes y del personal m\u00e9dico, asegurando que no hay peligro de contaminaci\u00f3n en otras \u00e1reas del hospital.<\/p>\n\n\n\n<p class=\"wp-block-paragraph\"><strong>Investigaci\u00f3n en Curso<\/strong><\/p>\n\n\n\n<p class=\"wp-block-paragraph\">Aunque el origen exacto de la explosi\u00f3n a\u00fan est\u00e1 bajo investigaci\u00f3n, las primeras hip\u00f3tesis apuntan a que el per\u00f3xido, utilizado en procedimientos hospitalarios, pudo haber reaccionado de manera incontrolada, causando la explosi\u00f3n del recipiente. Especialistas en qu\u00edmica y seguridad hospitalaria est\u00e1n realizando pericias para determinar qu\u00e9 fall\u00f3 en el manejo o almacenamiento de la sustancia. La investigaci\u00f3n busca identificar si se trat\u00f3 de un error humano o de un problema t\u00e9cnico que desencaden\u00f3 el derrame.<\/p>\n\n\n\n<p class=\"wp-block-paragraph\"><strong>Impacto en los Servicios del Hospital<\/strong><\/p>\n\n\n\n<p class=\"wp-block-paragraph\">El incidente oblig\u00f3 al hospital a reorganizar algunas de sus operaciones para garantizar la seguridad de los pacientes y evitar interrupciones mayores en los servicios m\u00e9dicos. Aunque el \u00e1rea afectada fue aislada, otras secciones del hospital contin\u00faan funcionando con normalidad. Las autoridades han reiterado que se tomaron todas las precauciones necesarias para controlar el incidente sin mayores consecuencias.<\/p>\n\n\n\n<p class=\"wp-block-paragraph\"><strong>Reacciones de las Autoridades<\/strong><\/p>\n\n\n\n<p class=\"wp-block-paragraph\">Funcionarios del hospital y de la Secretar\u00eda Regional Ministerial de Salud han destacado la r\u00e1pida respuesta del personal en activar los protocolos de emergencia, lo que permiti\u00f3 evitar mayores da\u00f1os. &#8220;La seguridad de los pacientes y del personal es nuestra m\u00e1xima prioridad. Los equipos de emergencia actuaron con celeridad y precisi\u00f3n, y gracias a ello, pudimos controlar el incidente sin registrar v\u00edctimas ni mayores complicaciones&#8221;, afirm\u00f3 uno de los directivos del hospital en una declaraci\u00f3n oficial.<\/p>\n\n\n\n<p class=\"wp-block-paragraph\"><strong>Prevenci\u00f3n de Futuras Emergencias<\/strong><\/p>\n\n\n\n<p class=\"wp-block-paragraph\">Las autoridades han anunciado que se realizar\u00e1n revisiones exhaustivas en los procedimientos de almacenamiento y manejo de productos qu\u00edmicos dentro del hospital. Este tipo de incidentes subraya la importancia de seguir protocolos estrictos y realizar inspecciones peri\u00f3dicas de seguridad para evitar riesgos similares en el futuro.<\/p>\n\n\n\n<p class=\"wp-block-paragraph\"><strong>Conclusi\u00f3n: Un Incidente Bajo Control<\/strong><\/p>\n\n\n\n<p class=\"wp-block-paragraph\">A pesar del susto inicial, el derrame de sustancia qu\u00edmica en el Hospital Regional de Concepci\u00f3n fue contenido r\u00e1pidamente, evitando da\u00f1os mayores. Las autoridades contin\u00faan investigando el origen de la explosi\u00f3n para prevenir futuros accidentes. Mientras tanto, el hospital sigue operando con normalidad, asegurando que la atenci\u00f3n m\u00e9dica no se vea afectada por este incidente.<\/p>\n","protected":false},"excerpt":{"rendered":"<p>Un Peligroso Accidente Qu\u00edmico en el Hospital Regional El Hospital Regional de Concepci\u00f3n vivi\u00f3 momentos de tensi\u00f3n tras<\/p>\n","protected":false},"author":5,"featured_media":1945,"comment_status":"open","ping_status":"open","sticky":false,"template":"","format":"standard","meta":{"_crdt_document":"","_uag_custom_page_level_css":"","_sitemap_exclude":false,"_sitemap_priority":"","_sitemap_frequency":"","_joinchat":[],"footnotes":""},"categories":[8],"tags":[],"class_list":["post-2016","post","type-post","status-publish","format-standard","has-post-thumbnail","hentry","category-sin-censura"],"featured_image_urls":{"full":["https:\/\/www.koncevisiontv.cl\/web\/wp-content\/uploads\/2024\/09\/salvatrores.jpg",1200,630,false],"thumbnail":["https:\/\/www.koncevisiontv.cl\/web\/wp-content\/uploads\/2024\/09\/salvatrores-150x150.jpg",150,150,true],"medium":["https:\/\/www.koncevisiontv.cl\/web\/wp-content\/uploads\/2024\/09\/salvatrores-300x158.jpg",300,158,true],"medium_large":["https:\/\/www.koncevisiontv.cl\/web\/wp-content\/uploads\/2024\/09\/salvatrores-768x403.jpg",640,336,true],"large":["https:\/\/www.koncevisiontv.cl\/web\/wp-content\/uploads\/2024\/09\/salvatrores-1024x538.jpg",640,336,true],"1536x1536":["https:\/\/www.koncevisiontv.cl\/web\/wp-content\/uploads\/2024\/09\/salvatrores.jpg",1200,630,false],"2048x2048":["https:\/\/www.koncevisiontv.cl\/web\/wp-content\/uploads\/2024\/09\/salvatrores.jpg",1200,630,false],"darknews-featured":["https:\/\/www.koncevisiontv.cl\/web\/wp-content\/uploads\/2024\/09\/salvatrores-1024x538.jpg",1024,538,true],"darknews-large":["https:\/\/www.koncevisiontv.cl\/web\/wp-content\/uploads\/2024\/09\/salvatrores-825x575.jpg",825,575,true],"darknews-medium":["https:\/\/www.koncevisiontv.cl\/web\/wp-content\/uploads\/2024\/09\/salvatrores-590x410.jpg",590,410,true]},"author_info":{"info":["Web-Master"]},"category_info":"<a href=\"https:\/\/www.koncevisiontv.cl\/web\/category\/sin-censura\/\" rel=\"category tag\">Sin Censura<\/a>","tag_info":"Sin Censura","comment_count":"0","uagb_featured_image_src":{"full":["https:\/\/www.koncevisiontv.cl\/web\/wp-content\/uploads\/2024\/09\/salvatrores.jpg",1200,630,false],"thumbnail":["https:\/\/www.koncevisiontv.cl\/web\/wp-content\/uploads\/2024\/09\/salvatrores-150x150.jpg",150,150,true],"medium":["https:\/\/www.koncevisiontv.cl\/web\/wp-content\/uploads\/2024\/09\/salvatrores-300x158.jpg",300,158,true],"medium_large":["https:\/\/www.koncevisiontv.cl\/web\/wp-content\/uploads\/2024\/09\/salvatrores-768x403.jpg",640,336,true],"large":["https:\/\/www.koncevisiontv.cl\/web\/wp-content\/uploads\/2024\/09\/salvatrores-1024x538.jpg",640,336,true],"1536x1536":["https:\/\/www.koncevisiontv.cl\/web\/wp-content\/uploads\/2024\/09\/salvatrores.jpg",1200,630,false],"2048x2048":["https:\/\/www.koncevisiontv.cl\/web\/wp-content\/uploads\/2024\/09\/salvatrores.jpg",1200,630,false],"darknews-featured":["https:\/\/www.koncevisiontv.cl\/web\/wp-content\/uploads\/2024\/09\/salvatrores-1024x538.jpg",1024,538,true],"darknews-large":["https:\/\/www.koncevisiontv.cl\/web\/wp-content\/uploads\/2024\/09\/salvatrores-825x575.jpg",825,575,true],"darknews-medium":["https:\/\/www.koncevisiontv.cl\/web\/wp-content\/uploads\/2024\/09\/salvatrores-590x410.jpg",590,410,true]},"uagb_author_info":{"display_name":"Web-Master","author_link":"https:\/\/www.koncevisiontv.cl\/web\/author\/koncevision\/"},"uagb_comment_info":0,"uagb_excerpt":"Un Peligroso Accidente Qu\u00edmico en el Hospital Regional El Hospital Regional de Concepci\u00f3n vivi\u00f3 momentos de tensi\u00f3n tras","_links":{"self":[{"href":"https:\/\/www.koncevisiontv.cl\/web\/wp-json\/wp\/v2\/posts\/2016","targetHints":{"allow":["GET"]}}],"collection":[{"href":"https:\/\/www.koncevisiontv.cl\/web\/wp-json\/wp\/v2\/posts"}],"about":[{"href":"https:\/\/www.koncevisiontv.cl\/web\/wp-json\/wp\/v2\/types\/post"}],"author":[{"embeddable":true,"href":"https:\/\/www.koncevisiontv.cl\/web\/wp-json\/wp\/v2\/users\/5"}],"replies":[{"embeddable":true,"href":"https:\/\/www.koncevisiontv.cl\/web\/wp-json\/wp\/v2\/comments?post=2016"}],"version-history":[{"count":1,"href":"https:\/\/www.koncevisiontv.cl\/web\/wp-json\/wp\/v2\/posts\/2016\/revisions"}],"predecessor-version":[{"id":2018,"href":"https:\/\/www.koncevisiontv.cl\/web\/wp-json\/wp\/v2\/posts\/2016\/revisions\/2018"}],"wp:featuredmedia":[{"embeddable":true,"href":"https:\/\/www.koncevisiontv.cl\/web\/wp-json\/wp\/v2\/media\/1945"}],"wp:attachment":[{"href":"https:\/\/www.koncevisiontv.cl\/web\/wp-json\/wp\/v2\/media?parent=2016"}],"wp:term":[{"taxonomy":"category","embeddable":true,"href":"https:\/\/www.koncevisiontv.cl\/web\/wp-json\/wp\/v2\/categories?post=2016"},{"taxonomy":"post_tag","embeddable":true,"href":"https:\/\/www.koncevisiontv.cl\/web\/wp-json\/wp\/v2\/tags?post=2016"}],"curies":[{"name":"wp","href":"https:\/\/api.w.org\/{rel}","templated":true}]}}