{"id":2020,"date":"2024-09-21T00:27:02","date_gmt":"2024-09-21T03:27:02","guid":{"rendered":"https:\/\/www.koncevisiontv.cl\/web\/?p=2020"},"modified":"2024-09-21T00:27:04","modified_gmt":"2024-09-21T03:27:04","slug":"detienen-a-hombre-sorprendido-robando-en-templo-evangelico-de-talcahuano","status":"publish","type":"post","link":"https:\/\/www.koncevisiontv.cl\/web\/detienen-a-hombre-sorprendido-robando-en-templo-evangelico-de-talcahuano\/","title":{"rendered":"Detienen a Hombre Sorprendido Robando en Templo Evang\u00e9lico de Talcahuano"},"content":{"rendered":"\n<div class=\"wp-block-uagb-image uagb-block-7bef9ff6 wp-block-uagb-image--layout-default wp-block-uagb-image--effect-static wp-block-uagb-image--align-none\"><figure class=\"wp-block-uagb-image__figure\"><img decoding=\"async\" srcset=\"https:\/\/www.koncevisiontv.cl\/web\/wp-content\/uploads\/2024\/08\/Dodge_Charger_Carabineros_de_Chile-1024x490.jpg ,https:\/\/www.koncevisiontv.cl\/web\/wp-content\/uploads\/2024\/08\/Dodge_Charger_Carabineros_de_Chile.jpg 780w, https:\/\/www.koncevisiontv.cl\/web\/wp-content\/uploads\/2024\/08\/Dodge_Charger_Carabineros_de_Chile.jpg 360w\" sizes=\"auto, (max-width: 480px) 150px\" src=\"https:\/\/www.koncevisiontv.cl\/web\/wp-content\/uploads\/2024\/08\/Dodge_Charger_Carabineros_de_Chile-1024x490.jpg\" alt=\"Arrestan a los hijos de un comerciante en Concepci\u00f3n\" class=\"uag-image-1133\" width=\"1024\" height=\"490\" title=\"Dodge_Charger,_Carabineros_de_Chile\" loading=\"lazy\" role=\"img\"\/><\/figure><\/div>\n\n\n\n<p class=\"wp-block-paragraph\"><strong>Un Robo en un Lugar Sagrado: Detenido en Plena Acci\u00f3n<\/strong><\/p>\n\n\n\n<p class=\"wp-block-paragraph\">En Talcahuano, un hombre fue detenido por las autoridades luego de ser sorprendido robando en un templo evang\u00e9lico de la localidad. El incidente ocurri\u00f3 durante la noche, cuando el sujeto fue descubierto por miembros de la congregaci\u00f3n y vecinos cercanos, quienes de inmediato alertaron a Carabineros. La r\u00e1pida respuesta policial permiti\u00f3 la detenci\u00f3n del individuo en plena acci\u00f3n, evitando que el robo se consumara por completo.<\/p>\n\n\n\n<p class=\"wp-block-paragraph\"><strong>Detalles del Robo<\/strong><\/p>\n\n\n\n<p class=\"wp-block-paragraph\">El hombre ingres\u00f3 al templo forzando una de las entradas, con la aparente intenci\u00f3n de sustraer diversos objetos de valor pertenecientes a la iglesia. Entre los art\u00edculos que intentaba robar se encontraban equipos de sonido y otros implementos utilizados para los servicios religiosos. Afortunadamente, los da\u00f1os a la propiedad fueron m\u00ednimos, y los objetos robados pudieron ser recuperados sin mayores p\u00e9rdidas.<\/p>\n\n\n\n<p class=\"wp-block-paragraph\"><strong>Reacci\u00f3n de la Comunidad Evang\u00e9lica<\/strong><\/p>\n\n\n\n<p class=\"wp-block-paragraph\">El incidente ha causado consternaci\u00f3n entre los fieles de la iglesia, quienes expresaron su malestar por la profanaci\u00f3n de un espacio que consideran sagrado. &#8220;Es triste ver que incluso los lugares de culto no se salvan de la delincuencia. Esperamos que se haga justicia y que nuestro templo pueda continuar sirviendo como un lugar de paz y oraci\u00f3n&#8221;, coment\u00f3 uno de los l\u00edderes de la congregaci\u00f3n.<\/p>\n\n\n\n<p class=\"wp-block-paragraph\">A pesar del incidente, los miembros de la iglesia evang\u00e9lica han manifestado su intenci\u00f3n de reforzar la seguridad del lugar y continuar con sus actividades religiosas sin interrupciones.<\/p>\n\n\n\n<p class=\"wp-block-paragraph\"><strong>Acci\u00f3n Policial y Detenci\u00f3n del Sospechoso<\/strong><\/p>\n\n\n\n<p class=\"wp-block-paragraph\">Tras recibir la alerta, Carabineros de Talcahuano se dirigieron r\u00e1pidamente al lugar y lograron capturar al individuo, quien fue sorprendido en flagrancia dentro del templo. El hombre fue puesto a disposici\u00f3n de la justicia y se le imputar\u00e1n cargos por robo en lugar no habitado. Las autoridades locales han destacado la importancia de la colaboraci\u00f3n ciudadana, que permiti\u00f3 la r\u00e1pida intervenci\u00f3n policial.<\/p>\n\n\n\n<p class=\"wp-block-paragraph\"><strong>Un Llamado a la Seguridad en Zonas de Culto<\/strong><\/p>\n\n\n\n<p class=\"wp-block-paragraph\">El robo en este templo evang\u00e9lico ha abierto nuevamente el debate sobre la necesidad de mejorar la seguridad en los lugares de culto, no solo en Talcahuano, sino en todo el pa\u00eds. Las iglesias y templos suelen ser espacios abiertos y accesibles, lo que los convierte en blancos f\u00e1ciles para los delincuentes. Las autoridades han sugerido que las instituciones religiosas consideren la instalaci\u00f3n de sistemas de vigilancia y seguridad para prevenir futuros incidentes.<\/p>\n\n\n\n<p class=\"wp-block-paragraph\"><strong>Conclusi\u00f3n: Justicia en Proceso<\/strong><\/p>\n\n\n\n<p class=\"wp-block-paragraph\">El hombre detenido enfrenta ahora cargos formales por el intento de robo en el templo evang\u00e9lico de Talcahuano. La comunidad espera que se haga justicia y que el incidente sirva como un llamado de atenci\u00f3n sobre la vulnerabilidad de los espacios religiosos. Mientras tanto, la iglesia continuar\u00e1 sus actividades, enfocada en restaurar la tranquilidad y la seguridad de su lugar de culto.<\/p>\n","protected":false},"excerpt":{"rendered":"<p>Un Robo en un Lugar Sagrado: Detenido en Plena Acci\u00f3n En Talcahuano, un hombre fue detenido por las<\/p>\n","protected":false},"author":5,"featured_media":1133,"comment_status":"open","ping_status":"open","sticky":false,"template":"","format":"standard","meta":{"_crdt_document":"","_uag_custom_page_level_css":"","_sitemap_exclude":false,"_sitemap_priority":"","_sitemap_frequency":"","_joinchat":[],"footnotes":""},"categories":[8],"tags":[],"class_list":["post-2020","post","type-post","status-publish","format-standard","has-post-thumbnail","hentry","category-sin-censura"],"featured_image_urls":{"full":["https:\/\/www.koncevisiontv.cl\/web\/wp-content\/uploads\/2024\/08\/Dodge_Charger_Carabineros_de_Chile.jpg",1600,766,false],"thumbnail":["https:\/\/www.koncevisiontv.cl\/web\/wp-content\/uploads\/2024\/08\/Dodge_Charger_Carabineros_de_Chile-150x150.jpg",150,150,true],"medium":["https:\/\/www.koncevisiontv.cl\/web\/wp-content\/uploads\/2024\/08\/Dodge_Charger_Carabineros_de_Chile-300x144.jpg",300,144,true],"medium_large":["https:\/\/www.koncevisiontv.cl\/web\/wp-content\/uploads\/2024\/08\/Dodge_Charger_Carabineros_de_Chile-768x368.jpg",640,307,true],"large":["https:\/\/www.koncevisiontv.cl\/web\/wp-content\/uploads\/2024\/08\/Dodge_Charger_Carabineros_de_Chile-1024x490.jpg",640,306,true],"1536x1536":["https:\/\/www.koncevisiontv.cl\/web\/wp-content\/uploads\/2024\/08\/Dodge_Charger_Carabineros_de_Chile-1536x735.jpg",1536,735,true],"2048x2048":["https:\/\/www.koncevisiontv.cl\/web\/wp-content\/uploads\/2024\/08\/Dodge_Charger_Carabineros_de_Chile.jpg",1600,766,false],"darknews-featured":["https:\/\/www.koncevisiontv.cl\/web\/wp-content\/uploads\/2024\/08\/Dodge_Charger_Carabineros_de_Chile-1024x490.jpg",1024,490,true],"darknews-large":["https:\/\/www.koncevisiontv.cl\/web\/wp-content\/uploads\/2024\/08\/Dodge_Charger_Carabineros_de_Chile-825x575.jpg",825,575,true],"darknews-medium":["https:\/\/www.koncevisiontv.cl\/web\/wp-content\/uploads\/2024\/08\/Dodge_Charger_Carabineros_de_Chile-590x410.jpg",590,410,true]},"author_info":{"info":["Web-Master"]},"category_info":"<a href=\"https:\/\/www.koncevisiontv.cl\/web\/category\/sin-censura\/\" rel=\"category tag\">Sin Censura<\/a>","tag_info":"Sin Censura","comment_count":"0","uagb_featured_image_src":{"full":["https:\/\/www.koncevisiontv.cl\/web\/wp-content\/uploads\/2024\/08\/Dodge_Charger_Carabineros_de_Chile.jpg",1600,766,false],"thumbnail":["https:\/\/www.koncevisiontv.cl\/web\/wp-content\/uploads\/2024\/08\/Dodge_Charger_Carabineros_de_Chile-150x150.jpg",150,150,true],"medium":["https:\/\/www.koncevisiontv.cl\/web\/wp-content\/uploads\/2024\/08\/Dodge_Charger_Carabineros_de_Chile-300x144.jpg",300,144,true],"medium_large":["https:\/\/www.koncevisiontv.cl\/web\/wp-content\/uploads\/2024\/08\/Dodge_Charger_Carabineros_de_Chile-768x368.jpg",640,307,true],"large":["https:\/\/www.koncevisiontv.cl\/web\/wp-content\/uploads\/2024\/08\/Dodge_Charger_Carabineros_de_Chile-1024x490.jpg",640,306,true],"1536x1536":["https:\/\/www.koncevisiontv.cl\/web\/wp-content\/uploads\/2024\/08\/Dodge_Charger_Carabineros_de_Chile-1536x735.jpg",1536,735,true],"2048x2048":["https:\/\/www.koncevisiontv.cl\/web\/wp-content\/uploads\/2024\/08\/Dodge_Charger_Carabineros_de_Chile.jpg",1600,766,false],"darknews-featured":["https:\/\/www.koncevisiontv.cl\/web\/wp-content\/uploads\/2024\/08\/Dodge_Charger_Carabineros_de_Chile-1024x490.jpg",1024,490,true],"darknews-large":["https:\/\/www.koncevisiontv.cl\/web\/wp-content\/uploads\/2024\/08\/Dodge_Charger_Carabineros_de_Chile-825x575.jpg",825,575,true],"darknews-medium":["https:\/\/www.koncevisiontv.cl\/web\/wp-content\/uploads\/2024\/08\/Dodge_Charger_Carabineros_de_Chile-590x410.jpg",590,410,true]},"uagb_author_info":{"display_name":"Web-Master","author_link":"https:\/\/www.koncevisiontv.cl\/web\/author\/koncevision\/"},"uagb_comment_info":0,"uagb_excerpt":"Un Robo en un Lugar Sagrado: Detenido en Plena Acci\u00f3n En Talcahuano, un hombre fue detenido por las","_links":{"self":[{"href":"https:\/\/www.koncevisiontv.cl\/web\/wp-json\/wp\/v2\/posts\/2020","targetHints":{"allow":["GET"]}}],"collection":[{"href":"https:\/\/www.koncevisiontv.cl\/web\/wp-json\/wp\/v2\/posts"}],"about":[{"href":"https:\/\/www.koncevisiontv.cl\/web\/wp-json\/wp\/v2\/types\/post"}],"author":[{"embeddable":true,"href":"https:\/\/www.koncevisiontv.cl\/web\/wp-json\/wp\/v2\/users\/5"}],"replies":[{"embeddable":true,"href":"https:\/\/www.koncevisiontv.cl\/web\/wp-json\/wp\/v2\/comments?post=2020"}],"version-history":[{"count":1,"href":"https:\/\/www.koncevisiontv.cl\/web\/wp-json\/wp\/v2\/posts\/2020\/revisions"}],"predecessor-version":[{"id":2022,"href":"https:\/\/www.koncevisiontv.cl\/web\/wp-json\/wp\/v2\/posts\/2020\/revisions\/2022"}],"wp:featuredmedia":[{"embeddable":true,"href":"https:\/\/www.koncevisiontv.cl\/web\/wp-json\/wp\/v2\/media\/1133"}],"wp:attachment":[{"href":"https:\/\/www.koncevisiontv.cl\/web\/wp-json\/wp\/v2\/media?parent=2020"}],"wp:term":[{"taxonomy":"category","embeddable":true,"href":"https:\/\/www.koncevisiontv.cl\/web\/wp-json\/wp\/v2\/categories?post=2020"},{"taxonomy":"post_tag","embeddable":true,"href":"https:\/\/www.koncevisiontv.cl\/web\/wp-json\/wp\/v2\/tags?post=2020"}],"curies":[{"name":"wp","href":"https:\/\/api.w.org\/{rel}","templated":true}]}}