{"id":2028,"date":"2024-09-21T23:29:50","date_gmt":"2024-09-22T02:29:50","guid":{"rendered":"https:\/\/www.koncevisiontv.cl\/web\/?p=2028"},"modified":"2024-09-21T23:29:52","modified_gmt":"2024-09-22T02:29:52","slug":"adolescente-fallece-tras-ser-baleado-en-san-joaquin-agresor-sera-reformalizado","status":"publish","type":"post","link":"https:\/\/www.koncevisiontv.cl\/web\/adolescente-fallece-tras-ser-baleado-en-san-joaquin-agresor-sera-reformalizado\/","title":{"rendered":"Adolescente fallece tras ser baleado en San Joaqu\u00edn: agresor ser\u00e1 reformalizado"},"content":{"rendered":"\n<p class=\"wp-block-paragraph\"><\/p>\n\n\n\n<div class=\"wp-block-uagb-image uagb-block-3b03b27c wp-block-uagb-image--layout-default wp-block-uagb-image--effect-static wp-block-uagb-image--align-none\"><figure class=\"wp-block-uagb-image__figure\"><img decoding=\"async\" srcset=\"https:\/\/www.koncevisiontv.cl\/web\/wp-content\/uploads\/2024\/09\/ecoh.jpg ,https:\/\/www.koncevisiontv.cl\/web\/wp-content\/uploads\/2024\/09\/ecoh.jpg 780w, https:\/\/www.koncevisiontv.cl\/web\/wp-content\/uploads\/2024\/09\/ecoh.jpg 360w\" sizes=\"auto, (max-width: 480px) 150px\" src=\"https:\/\/www.koncevisiontv.cl\/web\/wp-content\/uploads\/2024\/09\/ecoh.jpg\" alt=\"\" class=\"uag-image-2029\" width=\"639\" height=\"478\" title=\"ecoh\" loading=\"lazy\" role=\"img\"><\/figure><\/div>\n\n\n\n<p class=\"wp-block-paragraph\">En un tr\u00e1gico hecho ocurrido en la comuna de San Joaqu\u00edn, Regi\u00f3n Metropolitana, un adolescente de 15 a\u00f1os perdi\u00f3 la vida tras recibir un disparo, luego de una acalorada discusi\u00f3n entre su padre y el presunto agresor. El incidente, que ha conmocionado a la comunidad, ocurri\u00f3 la noche del pasado 11 de septiembre y dej\u00f3, adem\u00e1s, a su padre gravemente herido.<\/p>\n\n\n\n<h3 class=\"wp-block-heading\"><strong>La discusi\u00f3n que termin\u00f3 en tragedia<\/strong><\/h3>\n\n\n\n<p class=\"wp-block-paragraph\">El enfrentamiento se habr\u00eda originado por un altercado verbal entre el padre de la v\u00edctima y el imputado, cuyas tensiones aumentaron hasta el punto en que el agresor desenfund\u00f3 un arma y abri\u00f3 fuego. El joven, quien se encontraba con su padre en el lugar, recibi\u00f3 uno de los disparos y fue trasladado de urgencia al Hospital S\u00f3tero del R\u00edo, donde permaneci\u00f3 en estado cr\u00edtico.<\/p>\n\n\n\n<p class=\"wp-block-paragraph\">Pese a los esfuerzos m\u00e9dicos, el adolescente falleci\u00f3 durante la madrugada del 21 de septiembre, sumando otro nombre a la lista de v\u00edctimas de la violencia que afecta al pa\u00eds. Su padre, por otro lado, sobrevivi\u00f3 al ataque, aunque contin\u00faa recuper\u00e1ndose de las heridas sufridas.<\/p>\n\n\n\n<h3 class=\"wp-block-heading\"><strong>Reformalizaci\u00f3n de cargos para el imputado<\/strong><\/h3>\n\n\n\n<p class=\"wp-block-paragraph\">El autor del disparo hab\u00eda sido detenido inmediatamente tras los hechos y se encontraba bajo prisi\u00f3n preventiva por el cargo de homicidio frustrado. Sin embargo, debido al fallecimiento del menor, la Fiscal\u00eda solicitar\u00e1 una reformalizaci\u00f3n de cargos, a\u00f1adiendo la acusaci\u00f3n de homicidio consumado.<\/p>\n\n\n\n<p class=\"wp-block-paragraph\">El imputado, que cuenta con antecedentes previos, enfrentar\u00e1 un nuevo proceso judicial en las pr\u00f3ximas semanas. De confirmarse su culpabilidad, podr\u00eda enfrentar una condena m\u00e1s severa debido al fallecimiento de la v\u00edctima.<\/p>\n\n\n\n<h3 class=\"wp-block-heading\"><strong>Impacto y conmoci\u00f3n en la comunidad<\/strong><\/h3>\n\n\n\n<p class=\"wp-block-paragraph\">Este incidente ha generado gran conmoci\u00f3n en San Joaqu\u00edn, donde la comunidad ha expresado su pesar y preocupaci\u00f3n ante el creciente nivel de violencia en la regi\u00f3n. Organizaciones vecinales y autoridades locales han se\u00f1alado la necesidad de reforzar las medidas de seguridad para prevenir este tipo de tragedias.<\/p>\n\n\n\n<p class=\"wp-block-paragraph\">El caso tambi\u00e9n ha generado debate a nivel nacional, con llamados a tomar acciones m\u00e1s firmes en materia de control de armas y prevenci\u00f3n de la violencia en los barrios. La Fiscal\u00eda continuar\u00e1 trabajando en la investigaci\u00f3n para esclarecer los detalles del ataque y llevar a cabo un juicio justo.<\/p>\n","protected":false},"excerpt":{"rendered":"<p>En un tr\u00e1gico hecho ocurrido en la comuna de San Joaqu\u00edn, Regi\u00f3n Metropolitana, un adolescente de 15 a\u00f1os<\/p>\n","protected":false},"author":5,"featured_media":2029,"comment_status":"open","ping_status":"open","sticky":false,"template":"","format":"standard","meta":{"_crdt_document":"","_uag_custom_page_level_css":"","_sitemap_exclude":false,"_sitemap_priority":"","_sitemap_frequency":"","_joinchat":[],"footnotes":""},"categories":[209,204],"tags":[404,403],"class_list":["post-2028","post","type-post","status-publish","format-standard","has-post-thumbnail","hentry","category-homicidio","category-rm","tag-regionmetropolitana","tag-rm"],"featured_image_urls":{"full":["https:\/\/www.koncevisiontv.cl\/web\/wp-content\/uploads\/2024\/09\/ecoh.jpg",639,478,false],"thumbnail":["https:\/\/www.koncevisiontv.cl\/web\/wp-content\/uploads\/2024\/09\/ecoh-150x150.jpg",150,150,true],"medium":["https:\/\/www.koncevisiontv.cl\/web\/wp-content\/uploads\/2024\/09\/ecoh-300x224.jpg",300,224,true],"medium_large":["https:\/\/www.koncevisiontv.cl\/web\/wp-content\/uploads\/2024\/09\/ecoh.jpg",639,478,false],"large":["https:\/\/www.koncevisiontv.cl\/web\/wp-content\/uploads\/2024\/09\/ecoh.jpg",639,478,false],"1536x1536":["https:\/\/www.koncevisiontv.cl\/web\/wp-content\/uploads\/2024\/09\/ecoh.jpg",639,478,false],"2048x2048":["https:\/\/www.koncevisiontv.cl\/web\/wp-content\/uploads\/2024\/09\/ecoh.jpg",639,478,false],"darknews-featured":["https:\/\/www.koncevisiontv.cl\/web\/wp-content\/uploads\/2024\/09\/ecoh.jpg",639,478,false],"darknews-large":["https:\/\/www.koncevisiontv.cl\/web\/wp-content\/uploads\/2024\/09\/ecoh.jpg",639,478,false],"darknews-medium":["https:\/\/www.koncevisiontv.cl\/web\/wp-content\/uploads\/2024\/09\/ecoh-590x410.jpg",590,410,true]},"author_info":{"info":["Web-Master"]},"category_info":"<a href=\"https:\/\/www.koncevisiontv.cl\/web\/category\/homicidio\/\" rel=\"category tag\">Homicidio<\/a> <a href=\"https:\/\/www.koncevisiontv.cl\/web\/category\/rm\/\" rel=\"category tag\">RM<\/a>","tag_info":"RM","comment_count":"0","uagb_featured_image_src":{"full":["https:\/\/www.koncevisiontv.cl\/web\/wp-content\/uploads\/2024\/09\/ecoh.jpg",639,478,false],"thumbnail":["https:\/\/www.koncevisiontv.cl\/web\/wp-content\/uploads\/2024\/09\/ecoh-150x150.jpg",150,150,true],"medium":["https:\/\/www.koncevisiontv.cl\/web\/wp-content\/uploads\/2024\/09\/ecoh-300x224.jpg",300,224,true],"medium_large":["https:\/\/www.koncevisiontv.cl\/web\/wp-content\/uploads\/2024\/09\/ecoh.jpg",639,478,false],"large":["https:\/\/www.koncevisiontv.cl\/web\/wp-content\/uploads\/2024\/09\/ecoh.jpg",639,478,false],"1536x1536":["https:\/\/www.koncevisiontv.cl\/web\/wp-content\/uploads\/2024\/09\/ecoh.jpg",639,478,false],"2048x2048":["https:\/\/www.koncevisiontv.cl\/web\/wp-content\/uploads\/2024\/09\/ecoh.jpg",639,478,false],"darknews-featured":["https:\/\/www.koncevisiontv.cl\/web\/wp-content\/uploads\/2024\/09\/ecoh.jpg",639,478,false],"darknews-large":["https:\/\/www.koncevisiontv.cl\/web\/wp-content\/uploads\/2024\/09\/ecoh.jpg",639,478,false],"darknews-medium":["https:\/\/www.koncevisiontv.cl\/web\/wp-content\/uploads\/2024\/09\/ecoh-590x410.jpg",590,410,true]},"uagb_author_info":{"display_name":"Web-Master","author_link":"https:\/\/www.koncevisiontv.cl\/web\/author\/koncevision\/"},"uagb_comment_info":0,"uagb_excerpt":"En un tr\u00e1gico hecho ocurrido en la comuna de San Joaqu\u00edn, Regi\u00f3n Metropolitana, un adolescente de 15 a\u00f1os","_links":{"self":[{"href":"https:\/\/www.koncevisiontv.cl\/web\/wp-json\/wp\/v2\/posts\/2028","targetHints":{"allow":["GET"]}}],"collection":[{"href":"https:\/\/www.koncevisiontv.cl\/web\/wp-json\/wp\/v2\/posts"}],"about":[{"href":"https:\/\/www.koncevisiontv.cl\/web\/wp-json\/wp\/v2\/types\/post"}],"author":[{"embeddable":true,"href":"https:\/\/www.koncevisiontv.cl\/web\/wp-json\/wp\/v2\/users\/5"}],"replies":[{"embeddable":true,"href":"https:\/\/www.koncevisiontv.cl\/web\/wp-json\/wp\/v2\/comments?post=2028"}],"version-history":[{"count":1,"href":"https:\/\/www.koncevisiontv.cl\/web\/wp-json\/wp\/v2\/posts\/2028\/revisions"}],"predecessor-version":[{"id":2030,"href":"https:\/\/www.koncevisiontv.cl\/web\/wp-json\/wp\/v2\/posts\/2028\/revisions\/2030"}],"wp:featuredmedia":[{"embeddable":true,"href":"https:\/\/www.koncevisiontv.cl\/web\/wp-json\/wp\/v2\/media\/2029"}],"wp:attachment":[{"href":"https:\/\/www.koncevisiontv.cl\/web\/wp-json\/wp\/v2\/media?parent=2028"}],"wp:term":[{"taxonomy":"category","embeddable":true,"href":"https:\/\/www.koncevisiontv.cl\/web\/wp-json\/wp\/v2\/categories?post=2028"},{"taxonomy":"post_tag","embeddable":true,"href":"https:\/\/www.koncevisiontv.cl\/web\/wp-json\/wp\/v2\/tags?post=2028"}],"curies":[{"name":"wp","href":"https:\/\/api.w.org\/{rel}","templated":true}]}}