{"id":2031,"date":"2024-09-21T23:42:24","date_gmt":"2024-09-22T02:42:24","guid":{"rendered":"https:\/\/www.koncevisiontv.cl\/web\/?p=2031"},"modified":"2024-09-21T23:59:48","modified_gmt":"2024-09-22T02:59:48","slug":"hombre-asesinado-a-balazos-en-coronel-crimen-numero-14-en-la-comuna","status":"publish","type":"post","link":"https:\/\/www.koncevisiontv.cl\/web\/hombre-asesinado-a-balazos-en-coronel-crimen-numero-14-en-la-comuna\/","title":{"rendered":"Hombre asesinado a balazos en Coronel: crimen n\u00famero 14 en la comuna"},"content":{"rendered":"\n<p class=\"wp-block-paragraph\"><\/p>\n\n\n\n<div class=\"wp-block-uagb-image uagb-block-a0705df6 wp-block-uagb-image--layout-default wp-block-uagb-image--effect-static wp-block-uagb-image--align-none\"><figure class=\"wp-block-uagb-image__figure\"><img decoding=\"async\" srcset=\"https:\/\/www.koncevisiontv.cl\/web\/wp-content\/uploads\/2024\/09\/homicidio.jpg ,https:\/\/www.koncevisiontv.cl\/web\/wp-content\/uploads\/2024\/09\/homicidio.jpg 780w, https:\/\/www.koncevisiontv.cl\/web\/wp-content\/uploads\/2024\/09\/homicidio.jpg 360w\" sizes=\"auto, (max-width: 480px) 150px\" src=\"https:\/\/www.koncevisiontv.cl\/web\/wp-content\/uploads\/2024\/09\/homicidio.jpg\" alt=\"\" class=\"uag-image-2032\" width=\"880\" height=\"500\" title=\"homicidio\" loading=\"lazy\" role=\"img\"><\/figure><\/div>\n\n\n\n<p class=\"wp-block-paragraph\">La comuna de Coronel, en la Regi\u00f3n del Biob\u00edo, se ha visto sacudida por otro acto de violencia. Un hombre fue asesinado a balazos la madrugada del 21 de septiembre, sumando el crimen n\u00famero 14 en lo que va del a\u00f1o en esta zona, una cifra alarmante que refleja el aumento de la criminalidad en la comuna.<\/p>\n\n\n\n<h3 class=\"wp-block-heading\"><strong>Detalles del asesinato en Coronel<\/strong><\/h3>\n\n\n\n<p class=\"wp-block-paragraph\">El violento hecho ocurri\u00f3 en la madrugada en el sector de Lagunillas. Seg\u00fan los primeros reportes, la v\u00edctima, cuya identidad a\u00fan no ha sido revelada, fue atacada por un grupo de desconocidos que le dispararon en reiteradas ocasiones. Las autoridades policiales acudieron al lugar tras recibir el aviso de vecinos que escucharon los disparos.<\/p>\n\n\n\n<p class=\"wp-block-paragraph\">Pese a que los equipos de emergencia llegaron r\u00e1pidamente, el hombre falleci\u00f3 en el lugar producto de la gravedad de sus heridas. La Brigada de Homicidios de la Polic\u00eda de Investigaciones (PDI) ya se encuentra a cargo de la investigaci\u00f3n para esclarecer los motivos del crimen y dar con los responsables del ataque.<\/p>\n\n\n\n<h3 class=\"wp-block-heading\"><strong>El aumento de los homicidios en Coronel<\/strong><\/h3>\n\n\n\n<p class=\"wp-block-paragraph\">Este asesinato se convierte en el crimen n\u00famero 14 registrado en la comuna de Coronel durante este 2024. Las cifras son alarmantes y han generado preocupaci\u00f3n tanto en las autoridades como en los vecinos, quienes ven c\u00f3mo la violencia contin\u00faa en aumento en su comunidad.<\/p>\n\n\n\n<p class=\"wp-block-paragraph\">Seg\u00fan datos policiales, el incremento de homicidios en la regi\u00f3n es un reflejo de la escalada de conflictos entre bandas delictuales y el aumento en la circulaci\u00f3n de armas de fuego. Las autoridades locales han hecho un llamado a reforzar las medidas de seguridad y a implementar estrategias que permitan reducir los \u00edndices de criminalidad.<\/p>\n\n\n\n<h3 class=\"wp-block-heading\"><strong>Reacci\u00f3n de la comunidad y las autoridades<\/strong><\/h3>\n\n\n\n<p class=\"wp-block-paragraph\">La situaci\u00f3n en Coronel ha generado alarma entre los habitantes, quienes denuncian la creciente inseguridad en las calles. A pesar de los esfuerzos por aumentar la presencia policial en los sectores m\u00e1s conflictivos, los cr\u00edmenes siguen ocurriendo con frecuencia.<\/p>\n\n\n\n<p class=\"wp-block-paragraph\">Organizaciones sociales y vecinales han solicitado con urgencia una mayor intervenci\u00f3n del gobierno para enfrentar esta crisis de seguridad. Por su parte, el alcalde de la comuna ha expresado su preocupaci\u00f3n por el aumento de los homicidios y ha instado a las autoridades centrales a implementar pol\u00edticas m\u00e1s efectivas para el control de armas y la prevenci\u00f3n de la violencia.<\/p>\n\n\n\n<p class=\"wp-block-paragraph\">Las autoridades investigativas contin\u00faan trabajando en el caso, esperando avances que permitan detener a los responsables del \u00faltimo homicidio y prevenir futuros ataques en la comuna.<\/p>\n","protected":false},"excerpt":{"rendered":"<p>La comuna de Coronel, en la Regi\u00f3n del Biob\u00edo, se ha visto sacudida por otro acto de violencia.<\/p>\n","protected":false},"author":5,"featured_media":2032,"comment_status":"open","ping_status":"open","sticky":false,"template":"","format":"standard","meta":{"_crdt_document":"","_uag_custom_page_level_css":"","_sitemap_exclude":false,"_sitemap_priority":"","_sitemap_frequency":"","_joinchat":[],"footnotes":""},"categories":[1,219,209],"tags":[],"class_list":["post-2031","post","type-post","status-publish","format-standard","has-post-thumbnail","hentry","category-bio-bio","category-coronel","category-homicidio"],"featured_image_urls":{"full":["https:\/\/www.koncevisiontv.cl\/web\/wp-content\/uploads\/2024\/09\/homicidio.jpg",880,500,false],"thumbnail":["https:\/\/www.koncevisiontv.cl\/web\/wp-content\/uploads\/2024\/09\/homicidio-150x150.jpg",150,150,true],"medium":["https:\/\/www.koncevisiontv.cl\/web\/wp-content\/uploads\/2024\/09\/homicidio-300x170.jpg",300,170,true],"medium_large":["https:\/\/www.koncevisiontv.cl\/web\/wp-content\/uploads\/2024\/09\/homicidio-768x436.jpg",640,363,true],"large":["https:\/\/www.koncevisiontv.cl\/web\/wp-content\/uploads\/2024\/09\/homicidio.jpg",640,364,false],"1536x1536":["https:\/\/www.koncevisiontv.cl\/web\/wp-content\/uploads\/2024\/09\/homicidio.jpg",880,500,false],"2048x2048":["https:\/\/www.koncevisiontv.cl\/web\/wp-content\/uploads\/2024\/09\/homicidio.jpg",880,500,false],"darknews-featured":["https:\/\/www.koncevisiontv.cl\/web\/wp-content\/uploads\/2024\/09\/homicidio.jpg",880,500,false],"darknews-large":["https:\/\/www.koncevisiontv.cl\/web\/wp-content\/uploads\/2024\/09\/homicidio-825x500.jpg",825,500,true],"darknews-medium":["https:\/\/www.koncevisiontv.cl\/web\/wp-content\/uploads\/2024\/09\/homicidio-590x410.jpg",590,410,true]},"author_info":{"info":["Web-Master"]},"category_info":"<a href=\"https:\/\/www.koncevisiontv.cl\/web\/category\/bio-bio\/\" rel=\"category tag\">Bio-B\u00edo<\/a> <a href=\"https:\/\/www.koncevisiontv.cl\/web\/category\/coronel\/\" rel=\"category tag\">Coronel<\/a> <a href=\"https:\/\/www.koncevisiontv.cl\/web\/category\/homicidio\/\" rel=\"category tag\">Homicidio<\/a>","tag_info":"Homicidio","comment_count":"0","uagb_featured_image_src":{"full":["https:\/\/www.koncevisiontv.cl\/web\/wp-content\/uploads\/2024\/09\/homicidio.jpg",880,500,false],"thumbnail":["https:\/\/www.koncevisiontv.cl\/web\/wp-content\/uploads\/2024\/09\/homicidio-150x150.jpg",150,150,true],"medium":["https:\/\/www.koncevisiontv.cl\/web\/wp-content\/uploads\/2024\/09\/homicidio-300x170.jpg",300,170,true],"medium_large":["https:\/\/www.koncevisiontv.cl\/web\/wp-content\/uploads\/2024\/09\/homicidio-768x436.jpg",640,363,true],"large":["https:\/\/www.koncevisiontv.cl\/web\/wp-content\/uploads\/2024\/09\/homicidio.jpg",640,364,false],"1536x1536":["https:\/\/www.koncevisiontv.cl\/web\/wp-content\/uploads\/2024\/09\/homicidio.jpg",880,500,false],"2048x2048":["https:\/\/www.koncevisiontv.cl\/web\/wp-content\/uploads\/2024\/09\/homicidio.jpg",880,500,false],"darknews-featured":["https:\/\/www.koncevisiontv.cl\/web\/wp-content\/uploads\/2024\/09\/homicidio.jpg",880,500,false],"darknews-large":["https:\/\/www.koncevisiontv.cl\/web\/wp-content\/uploads\/2024\/09\/homicidio-825x500.jpg",825,500,true],"darknews-medium":["https:\/\/www.koncevisiontv.cl\/web\/wp-content\/uploads\/2024\/09\/homicidio-590x410.jpg",590,410,true]},"uagb_author_info":{"display_name":"Web-Master","author_link":"https:\/\/www.koncevisiontv.cl\/web\/author\/koncevision\/"},"uagb_comment_info":0,"uagb_excerpt":"La comuna de Coronel, en la Regi\u00f3n del Biob\u00edo, se ha visto sacudida por otro acto de violencia.","_links":{"self":[{"href":"https:\/\/www.koncevisiontv.cl\/web\/wp-json\/wp\/v2\/posts\/2031","targetHints":{"allow":["GET"]}}],"collection":[{"href":"https:\/\/www.koncevisiontv.cl\/web\/wp-json\/wp\/v2\/posts"}],"about":[{"href":"https:\/\/www.koncevisiontv.cl\/web\/wp-json\/wp\/v2\/types\/post"}],"author":[{"embeddable":true,"href":"https:\/\/www.koncevisiontv.cl\/web\/wp-json\/wp\/v2\/users\/5"}],"replies":[{"embeddable":true,"href":"https:\/\/www.koncevisiontv.cl\/web\/wp-json\/wp\/v2\/comments?post=2031"}],"version-history":[{"count":1,"href":"https:\/\/www.koncevisiontv.cl\/web\/wp-json\/wp\/v2\/posts\/2031\/revisions"}],"predecessor-version":[{"id":2033,"href":"https:\/\/www.koncevisiontv.cl\/web\/wp-json\/wp\/v2\/posts\/2031\/revisions\/2033"}],"wp:featuredmedia":[{"embeddable":true,"href":"https:\/\/www.koncevisiontv.cl\/web\/wp-json\/wp\/v2\/media\/2032"}],"wp:attachment":[{"href":"https:\/\/www.koncevisiontv.cl\/web\/wp-json\/wp\/v2\/media?parent=2031"}],"wp:term":[{"taxonomy":"category","embeddable":true,"href":"https:\/\/www.koncevisiontv.cl\/web\/wp-json\/wp\/v2\/categories?post=2031"},{"taxonomy":"post_tag","embeddable":true,"href":"https:\/\/www.koncevisiontv.cl\/web\/wp-json\/wp\/v2\/tags?post=2031"}],"curies":[{"name":"wp","href":"https:\/\/api.w.org\/{rel}","templated":true}]}}