{"id":2040,"date":"2024-09-23T08:46:49","date_gmt":"2024-09-23T11:46:49","guid":{"rendered":"https:\/\/www.koncevisiontv.cl\/web\/?p=2040"},"modified":"2024-09-23T08:46:50","modified_gmt":"2024-09-23T11:46:50","slug":"revision-de-la-canasta-basica-en-chile-como-impactara-la-pobreza","status":"publish","type":"post","link":"https:\/\/www.koncevisiontv.cl\/web\/revision-de-la-canasta-basica-en-chile-como-impactara-la-pobreza\/","title":{"rendered":"Revisi\u00f3n de la Canasta B\u00e1sica en Chile: \u00bfC\u00f3mo Impactar\u00e1 la Pobreza?"},"content":{"rendered":"\n<div class=\"wp-block-uagb-image uagb-block-fd1c86ff wp-block-uagb-image--layout-default wp-block-uagb-image--effect-static wp-block-uagb-image--align-none\"><figure class=\"wp-block-uagb-image__figure\"><img decoding=\"async\" srcset=\"https:\/\/www.koncevisiontv.cl\/web\/wp-content\/uploads\/2024\/09\/Poblacion-chilena-1024x576.jpg ,https:\/\/www.koncevisiontv.cl\/web\/wp-content\/uploads\/2024\/09\/Poblacion-chilena.jpg 780w, https:\/\/www.koncevisiontv.cl\/web\/wp-content\/uploads\/2024\/09\/Poblacion-chilena.jpg 360w\" sizes=\"auto, (max-width: 480px) 150px\" src=\"https:\/\/www.koncevisiontv.cl\/web\/wp-content\/uploads\/2024\/09\/Poblacion-chilena-1024x576.jpg\" alt=\"Revisi\u00f3n de la Canasta B\u00e1sica en Chile:\" class=\"uag-image-2041\" width=\"1024\" height=\"576\" title=\"Poblaci\u00f3n-chilena\" loading=\"lazy\" role=\"img\"\/><\/figure><\/div>\n\n\n\n<blockquote class=\"wp-block-quote is-layout-flow wp-block-quote-is-layout-flow\">\n<p class=\"wp-block-paragraph\">Una reciente alerta de la Comisi\u00f3n Asesora Presidencial de Chile indica que la revisi\u00f3n de la canasta b\u00e1sica de consumo podr\u00eda llevar a un aumento en la tasa de pobreza del pa\u00eds. Esta canasta, que determina el umbral de la pobreza, actualmente no refleja con precisi\u00f3n los patrones de consumo actuales de los chilenos, lo que la hace obsoleta para las condiciones de vida del siglo XXI.<\/p>\n<\/blockquote>\n\n\n\n<h3 class=\"wp-block-heading\"><strong>\u00bfQu\u00e9 Implica Esta Revisi\u00f3n?<\/strong><\/h3>\n\n\n\n<p class=\"wp-block-paragraph\">La canasta b\u00e1sica es un conjunto de bienes y servicios esenciales que mide el costo de vida m\u00ednimo necesario para las familias chilenas. La revisi\u00f3n que propone la comisi\u00f3n actualizar\u00eda este \u00edndice para reflejar mejor las necesidades actuales de la poblaci\u00f3n, lo cual podr\u00eda elevar el porcentaje de personas consideradas bajo la l\u00ednea de pobreza. Sin embargo, este cambio no significa que las condiciones de vida empeoren, sino que las mediciones ser\u00edan m\u00e1s precisas.<\/p>\n\n\n\n<p class=\"wp-block-paragraph\">El presidente de la comisi\u00f3n, el economista Osvaldo Larra\u00f1aga, indic\u00f3 que este ajuste es fundamental para adaptar las pol\u00edticas p\u00fablicas a las necesidades reales de la poblaci\u00f3n, permitiendo una distribuci\u00f3n m\u00e1s efectiva de recursos y programas sociales.<\/p>\n\n\n\n<h3 class=\"wp-block-heading\"><strong>Impacto en la Pobreza Multidimensional<\/strong><\/h3>\n\n\n\n<p class=\"wp-block-paragraph\">Adem\u00e1s de la pobreza monetaria, este ajuste tambi\u00e9n afectar\u00e1 la medici\u00f3n de la pobreza multidimensional, que toma en cuenta factores como acceso a la salud, educaci\u00f3n, y vivienda, elementos esenciales que no siempre se reflejan en una simple medici\u00f3n de ingresos.<\/p>\n\n\n\n<h3 class=\"wp-block-heading\"><strong>Informe Final en Diciembre 2024<\/strong><\/h3>\n\n\n\n<p class=\"wp-block-paragraph\">El informe final de la comisi\u00f3n est\u00e1 previsto para diciembre de 2024, y sus conclusiones ser\u00e1n clave para ajustar las pol\u00edticas sociales y definir las estrategias del gobierno para combatir la pobreza. Aunque el porcentaje de pobreza podr\u00eda aumentar, la actualizaci\u00f3n permitir\u00e1 un enfoque m\u00e1s efectivo para las pol\u00edticas p\u00fablicas y los programas de ayuda social.<\/p>\n\n\n\n<h3 class=\"wp-block-heading\"><strong>Revisi\u00f3n Previa y Expectativas<\/strong><\/h3>\n\n\n\n<p class=\"wp-block-paragraph\">Revisiones anteriores de la canasta b\u00e1sica tambi\u00e9n resultaron en un aumento en la tasa de pobreza, pero este incremento permiti\u00f3 una mejor focalizaci\u00f3n de las pol\u00edticas sociales. En esta ocasi\u00f3n, los expertos esperan que el impacto sea similar, proporcionando al gobierno datos m\u00e1s realistas para enfrentar los desaf\u00edos sociales del pa\u00eds.<\/p>\n\n\n\n<p class=\"wp-block-paragraph\">En resumen, este ajuste es un paso necesario para garantizar que los recursos p\u00fablicos se asignen donde m\u00e1s se necesitan, y que las pol\u00edticas de asistencia social se adapten mejor a la realidad de los chilenos.<\/p>\n","protected":false},"excerpt":{"rendered":"<p>Una reciente alerta de la Comisi\u00f3n Asesora Presidencial de Chile indica que la revisi\u00f3n de la canasta b\u00e1sica<\/p>\n","protected":false},"author":5,"featured_media":2041,"comment_status":"open","ping_status":"open","sticky":false,"template":"","format":"standard","meta":{"_crdt_document":"","_uag_custom_page_level_css":"","_sitemap_exclude":false,"_sitemap_priority":"","_sitemap_frequency":"","_joinchat":[],"footnotes":""},"categories":[8],"tags":[],"class_list":["post-2040","post","type-post","status-publish","format-standard","has-post-thumbnail","hentry","category-sin-censura"],"featured_image_urls":{"full":["https:\/\/www.koncevisiontv.cl\/web\/wp-content\/uploads\/2024\/09\/Poblacion-chilena.jpg",1200,675,false],"thumbnail":["https:\/\/www.koncevisiontv.cl\/web\/wp-content\/uploads\/2024\/09\/Poblacion-chilena-150x150.jpg",150,150,true],"medium":["https:\/\/www.koncevisiontv.cl\/web\/wp-content\/uploads\/2024\/09\/Poblacion-chilena-300x169.jpg",300,169,true],"medium_large":["https:\/\/www.koncevisiontv.cl\/web\/wp-content\/uploads\/2024\/09\/Poblacion-chilena-768x432.jpg",640,360,true],"large":["https:\/\/www.koncevisiontv.cl\/web\/wp-content\/uploads\/2024\/09\/Poblacion-chilena-1024x576.jpg",640,360,true],"1536x1536":["https:\/\/www.koncevisiontv.cl\/web\/wp-content\/uploads\/2024\/09\/Poblacion-chilena.jpg",1200,675,false],"2048x2048":["https:\/\/www.koncevisiontv.cl\/web\/wp-content\/uploads\/2024\/09\/Poblacion-chilena.jpg",1200,675,false],"darknews-featured":["https:\/\/www.koncevisiontv.cl\/web\/wp-content\/uploads\/2024\/09\/Poblacion-chilena-1024x576.jpg",1024,576,true],"darknews-large":["https:\/\/www.koncevisiontv.cl\/web\/wp-content\/uploads\/2024\/09\/Poblacion-chilena-825x575.jpg",825,575,true],"darknews-medium":["https:\/\/www.koncevisiontv.cl\/web\/wp-content\/uploads\/2024\/09\/Poblacion-chilena-590x410.jpg",590,410,true]},"author_info":{"info":["Web-Master"]},"category_info":"<a href=\"https:\/\/www.koncevisiontv.cl\/web\/category\/sin-censura\/\" rel=\"category tag\">Sin Censura<\/a>","tag_info":"Sin Censura","comment_count":"0","uagb_featured_image_src":{"full":["https:\/\/www.koncevisiontv.cl\/web\/wp-content\/uploads\/2024\/09\/Poblacion-chilena.jpg",1200,675,false],"thumbnail":["https:\/\/www.koncevisiontv.cl\/web\/wp-content\/uploads\/2024\/09\/Poblacion-chilena-150x150.jpg",150,150,true],"medium":["https:\/\/www.koncevisiontv.cl\/web\/wp-content\/uploads\/2024\/09\/Poblacion-chilena-300x169.jpg",300,169,true],"medium_large":["https:\/\/www.koncevisiontv.cl\/web\/wp-content\/uploads\/2024\/09\/Poblacion-chilena-768x432.jpg",640,360,true],"large":["https:\/\/www.koncevisiontv.cl\/web\/wp-content\/uploads\/2024\/09\/Poblacion-chilena-1024x576.jpg",640,360,true],"1536x1536":["https:\/\/www.koncevisiontv.cl\/web\/wp-content\/uploads\/2024\/09\/Poblacion-chilena.jpg",1200,675,false],"2048x2048":["https:\/\/www.koncevisiontv.cl\/web\/wp-content\/uploads\/2024\/09\/Poblacion-chilena.jpg",1200,675,false],"darknews-featured":["https:\/\/www.koncevisiontv.cl\/web\/wp-content\/uploads\/2024\/09\/Poblacion-chilena-1024x576.jpg",1024,576,true],"darknews-large":["https:\/\/www.koncevisiontv.cl\/web\/wp-content\/uploads\/2024\/09\/Poblacion-chilena-825x575.jpg",825,575,true],"darknews-medium":["https:\/\/www.koncevisiontv.cl\/web\/wp-content\/uploads\/2024\/09\/Poblacion-chilena-590x410.jpg",590,410,true]},"uagb_author_info":{"display_name":"Web-Master","author_link":"https:\/\/www.koncevisiontv.cl\/web\/author\/koncevision\/"},"uagb_comment_info":0,"uagb_excerpt":"Una reciente alerta de la Comisi\u00f3n Asesora Presidencial de Chile indica que la revisi\u00f3n de la canasta b\u00e1sica","_links":{"self":[{"href":"https:\/\/www.koncevisiontv.cl\/web\/wp-json\/wp\/v2\/posts\/2040","targetHints":{"allow":["GET"]}}],"collection":[{"href":"https:\/\/www.koncevisiontv.cl\/web\/wp-json\/wp\/v2\/posts"}],"about":[{"href":"https:\/\/www.koncevisiontv.cl\/web\/wp-json\/wp\/v2\/types\/post"}],"author":[{"embeddable":true,"href":"https:\/\/www.koncevisiontv.cl\/web\/wp-json\/wp\/v2\/users\/5"}],"replies":[{"embeddable":true,"href":"https:\/\/www.koncevisiontv.cl\/web\/wp-json\/wp\/v2\/comments?post=2040"}],"version-history":[{"count":3,"href":"https:\/\/www.koncevisiontv.cl\/web\/wp-json\/wp\/v2\/posts\/2040\/revisions"}],"predecessor-version":[{"id":2044,"href":"https:\/\/www.koncevisiontv.cl\/web\/wp-json\/wp\/v2\/posts\/2040\/revisions\/2044"}],"wp:featuredmedia":[{"embeddable":true,"href":"https:\/\/www.koncevisiontv.cl\/web\/wp-json\/wp\/v2\/media\/2041"}],"wp:attachment":[{"href":"https:\/\/www.koncevisiontv.cl\/web\/wp-json\/wp\/v2\/media?parent=2040"}],"wp:term":[{"taxonomy":"category","embeddable":true,"href":"https:\/\/www.koncevisiontv.cl\/web\/wp-json\/wp\/v2\/categories?post=2040"},{"taxonomy":"post_tag","embeddable":true,"href":"https:\/\/www.koncevisiontv.cl\/web\/wp-json\/wp\/v2\/tags?post=2040"}],"curies":[{"name":"wp","href":"https:\/\/api.w.org\/{rel}","templated":true}]}}