{"id":2053,"date":"2024-09-23T10:06:59","date_gmt":"2024-09-23T13:06:59","guid":{"rendered":"https:\/\/www.koncevisiontv.cl\/web\/?p=2053"},"modified":"2024-09-23T17:49:22","modified_gmt":"2024-09-23T20:49:22","slug":"claudio-bravo-podria-volver-al-barcelona-tras-la-lesion-de-ter-stegen","status":"publish","type":"post","link":"https:\/\/www.koncevisiontv.cl\/web\/claudio-bravo-podria-volver-al-barcelona-tras-la-lesion-de-ter-stegen\/","title":{"rendered":"Claudio Bravo podr\u00eda volver al Barcelona tras la lesi\u00f3n de Ter Stegen."},"content":{"rendered":"\n<div class=\"wp-block-uagb-image uagb-block-0d1ae94e wp-block-uagb-image--layout-default wp-block-uagb-image--effect-static wp-block-uagb-image--align-none\"><figure class=\"wp-block-uagb-image__figure\"><img decoding=\"async\" srcset=\"https:\/\/www.koncevisiontv.cl\/web\/wp-content\/uploads\/2024\/09\/claudio-bravo-scaled-1-1024x512.jpg ,https:\/\/www.koncevisiontv.cl\/web\/wp-content\/uploads\/2024\/09\/claudio-bravo-scaled-1.jpg 780w, https:\/\/www.koncevisiontv.cl\/web\/wp-content\/uploads\/2024\/09\/claudio-bravo-scaled-1.jpg 360w\" sizes=\"auto, (max-width: 480px) 150px\" src=\"https:\/\/www.koncevisiontv.cl\/web\/wp-content\/uploads\/2024\/09\/claudio-bravo-scaled-1-1024x512.jpg\" alt=\"Claudio Bravo\" class=\"uag-image-2054\" width=\"1024\" height=\"512\" title=\"claudio-bravo-scaled\" loading=\"lazy\" role=\"img\"\/><\/figure><\/div>\n\n\n\n<p class=\"wp-block-paragraph\">El f\u00fatbol, en su imprevisible naturaleza, a menudo nos regala historias de retornos inesperados y segundas oportunidades. En esta ocasi\u00f3n, el protagonista es Claudio Bravo, el guardameta chileno que podr\u00eda estar a punto de revivir su etapa en el FC Barcelona. <\/p>\n\n\n\n<p class=\"wp-block-paragraph\">La noticia sacudi\u00f3 el Camp Nou como un terremoto: Marc-Andr\u00e9 ter Stegen, el pilar alem\u00e1n que ha custodiado la porter\u00eda azulgrana con maestr\u00eda durante a\u00f1os, se enfrenta a una lesi\u00f3n que lo mantendr\u00e1 alejado de los terrenos de juego. Esta situaci\u00f3n ha obligado al club catal\u00e1n a explorar opciones de emergencia, y es aqu\u00ed donde el nombre de Claudio Bravo resurge con fuerza. <\/p>\n\n\n\n<div class=\"wp-block-uagb-advanced-heading uagb-block-ee6a6b08\"><h2 class=\"uagb-heading-text\">El pasado glorioso de Bravo en Barcelona<\/h2><\/div>\n\n\n\n<p class=\"wp-block-paragraph\">Para entender la magnitud de esta posible vuelta, es crucial recordar el paso de Bravo por el Barcelona entre 2014 y 2016. Durante ese per\u00edodo, el chileno no solo demostr\u00f3 su val\u00eda bajo los tres palos, sino que se convirti\u00f3 en una pieza fundamental en la consecuci\u00f3n de t\u00edtulos. Su experiencia en La Liga y su conocimiento profundo de la filosof\u00eda del club lo convierten en un candidato ideal para esta situaci\u00f3n de urgencia. <\/p>\n\n\n\n<div class=\"wp-block-uagb-advanced-heading uagb-block-79dad168\"><h2 class=\"uagb-heading-text\">El presente: un veterano en forma<\/h2><\/div>\n\n\n\n<p class=\"wp-block-paragraph\">A sus 40 a\u00f1os, Claudio Bravo se encuentra sin equipo tras su paso por el Real Betis, donde demostr\u00f3 que la edad es solo un n\u00famero cuando se trata de talento y dedicaci\u00f3n. El portero chileno ha mantenido su forma f\u00edsica y su hambre competitiva, elementos que podr\u00edan ser cruciales en su potencial regreso al Barcelona. <\/p>\n\n\n\n<div class=\"wp-block-uagb-advanced-heading uagb-block-960e1bef\"><h2 class=\"uagb-heading-text\">Impacto en el vestuario y en la cancha<\/h2><\/div>\n\n\n\n<p class=\"wp-block-paragraph\">La llegada de Bravo no solo significar\u00eda una soluci\u00f3n t\u00e9cnica a la ausencia de Ter Stegen, sino que tambi\u00e9n aportar\u00eda una dosis de liderazgo y experiencia al vestuario. Su capacidad para leer el juego y organizar la defensa podr\u00eda ser vital en los momentos decisivos de la temporada. <\/p>\n\n\n\n<div class=\"wp-block-uagb-advanced-heading uagb-block-0bd8d699\"><h2 class=\"uagb-heading-text\">Un efecto domin\u00f3 en la porter\u00eda cul\u00e9<\/h2><\/div>\n\n\n\n<p class=\"wp-block-paragraph\">Este movimiento, de concretarse, tendr\u00eda repercusiones en toda la estructura de porteros del club. Los j\u00f3venes guardametas de La Masia ver\u00edan en Bravo a un mentor, mientras que el cuerpo t\u00e9cnico contar\u00eda con un jugador capaz de mantener el alto nivel exigido en una instituci\u00f3n como el FC Barcelona. <\/p>\n\n\n\n<div class=\"wp-block-uagb-advanced-heading uagb-block-6d7e51c0\"><h2 class=\"uagb-heading-text\">Mirando al futuro<\/h2><\/div>\n\n\n\n<p class=\"wp-block-paragraph\">La posible incorporaci\u00f3n de Claudio Bravo plantea interrogantes sobre la planificaci\u00f3n a largo plazo del Barcelona. \u00bfSe trata de una soluci\u00f3n temporal o podr\u00eda extenderse m\u00e1s all\u00e1 de la recuperaci\u00f3n de Ter Stegen? La directiva azulgrana tendr\u00e1 que evaluar cuidadosamente los pros y los contras de esta decisi\u00f3n.<\/p>\n\n\n\n<p class=\"wp-block-paragraph\">En un mundo futbol\u00edstico donde la lealtad y la identificaci\u00f3n con los colores del club son cada vez m\u00e1s escasas, el regreso de Claudio Bravo al Barcelona ser\u00eda un recordatorio de que algunas historias de amor entre jugador y equipo nunca terminan realmente. Solo el tiempo dir\u00e1 si este cap\u00edtulo se escribir\u00e1 en la rica historia del club catal\u00e1n.<\/p>\n","protected":false},"excerpt":{"rendered":"<p>El f\u00fatbol, en su imprevisible naturaleza, a menudo nos regala historias de retornos inesperados y segundas oportunidades. En<\/p>\n","protected":false},"author":5,"featured_media":2054,"comment_status":"open","ping_status":"open","sticky":false,"template":"","format":"standard","meta":{"_crdt_document":"","_uag_custom_page_level_css":"","_sitemap_exclude":false,"_sitemap_priority":"","_sitemap_frequency":"","_joinchat":[],"footnotes":""},"categories":[8],"tags":[],"class_list":["post-2053","post","type-post","status-publish","format-standard","has-post-thumbnail","hentry","category-sin-censura"],"featured_image_urls":{"full":["https:\/\/www.koncevisiontv.cl\/web\/wp-content\/uploads\/2024\/09\/claudio-bravo-scaled-1.jpg",2560,1280,false],"thumbnail":["https:\/\/www.koncevisiontv.cl\/web\/wp-content\/uploads\/2024\/09\/claudio-bravo-scaled-1-150x150.jpg",150,150,true],"medium":["https:\/\/www.koncevisiontv.cl\/web\/wp-content\/uploads\/2024\/09\/claudio-bravo-scaled-1-300x150.jpg",300,150,true],"medium_large":["https:\/\/www.koncevisiontv.cl\/web\/wp-content\/uploads\/2024\/09\/claudio-bravo-scaled-1-768x384.jpg",640,320,true],"large":["https:\/\/www.koncevisiontv.cl\/web\/wp-content\/uploads\/2024\/09\/claudio-bravo-scaled-1-1024x512.jpg",640,320,true],"1536x1536":["https:\/\/www.koncevisiontv.cl\/web\/wp-content\/uploads\/2024\/09\/claudio-bravo-scaled-1-1536x768.jpg",1536,768,true],"2048x2048":["https:\/\/www.koncevisiontv.cl\/web\/wp-content\/uploads\/2024\/09\/claudio-bravo-scaled-1-2048x1024.jpg",2048,1024,true],"darknews-featured":["https:\/\/www.koncevisiontv.cl\/web\/wp-content\/uploads\/2024\/09\/claudio-bravo-scaled-1-1024x512.jpg",1024,512,true],"darknews-large":["https:\/\/www.koncevisiontv.cl\/web\/wp-content\/uploads\/2024\/09\/claudio-bravo-scaled-1-825x575.jpg",825,575,true],"darknews-medium":["https:\/\/www.koncevisiontv.cl\/web\/wp-content\/uploads\/2024\/09\/claudio-bravo-scaled-1-590x410.jpg",590,410,true]},"author_info":{"info":["Web-Master"]},"category_info":"<a href=\"https:\/\/www.koncevisiontv.cl\/web\/category\/sin-censura\/\" rel=\"category tag\">Sin Censura<\/a>","tag_info":"Sin Censura","comment_count":"0","uagb_featured_image_src":{"full":["https:\/\/www.koncevisiontv.cl\/web\/wp-content\/uploads\/2024\/09\/claudio-bravo-scaled-1.jpg",2560,1280,false],"thumbnail":["https:\/\/www.koncevisiontv.cl\/web\/wp-content\/uploads\/2024\/09\/claudio-bravo-scaled-1-150x150.jpg",150,150,true],"medium":["https:\/\/www.koncevisiontv.cl\/web\/wp-content\/uploads\/2024\/09\/claudio-bravo-scaled-1-300x150.jpg",300,150,true],"medium_large":["https:\/\/www.koncevisiontv.cl\/web\/wp-content\/uploads\/2024\/09\/claudio-bravo-scaled-1-768x384.jpg",640,320,true],"large":["https:\/\/www.koncevisiontv.cl\/web\/wp-content\/uploads\/2024\/09\/claudio-bravo-scaled-1-1024x512.jpg",640,320,true],"1536x1536":["https:\/\/www.koncevisiontv.cl\/web\/wp-content\/uploads\/2024\/09\/claudio-bravo-scaled-1-1536x768.jpg",1536,768,true],"2048x2048":["https:\/\/www.koncevisiontv.cl\/web\/wp-content\/uploads\/2024\/09\/claudio-bravo-scaled-1-2048x1024.jpg",2048,1024,true],"darknews-featured":["https:\/\/www.koncevisiontv.cl\/web\/wp-content\/uploads\/2024\/09\/claudio-bravo-scaled-1-1024x512.jpg",1024,512,true],"darknews-large":["https:\/\/www.koncevisiontv.cl\/web\/wp-content\/uploads\/2024\/09\/claudio-bravo-scaled-1-825x575.jpg",825,575,true],"darknews-medium":["https:\/\/www.koncevisiontv.cl\/web\/wp-content\/uploads\/2024\/09\/claudio-bravo-scaled-1-590x410.jpg",590,410,true]},"uagb_author_info":{"display_name":"Web-Master","author_link":"https:\/\/www.koncevisiontv.cl\/web\/author\/koncevision\/"},"uagb_comment_info":0,"uagb_excerpt":"El f\u00fatbol, en su imprevisible naturaleza, a menudo nos regala historias de retornos inesperados y segundas oportunidades. En","_links":{"self":[{"href":"https:\/\/www.koncevisiontv.cl\/web\/wp-json\/wp\/v2\/posts\/2053","targetHints":{"allow":["GET"]}}],"collection":[{"href":"https:\/\/www.koncevisiontv.cl\/web\/wp-json\/wp\/v2\/posts"}],"about":[{"href":"https:\/\/www.koncevisiontv.cl\/web\/wp-json\/wp\/v2\/types\/post"}],"author":[{"embeddable":true,"href":"https:\/\/www.koncevisiontv.cl\/web\/wp-json\/wp\/v2\/users\/5"}],"replies":[{"embeddable":true,"href":"https:\/\/www.koncevisiontv.cl\/web\/wp-json\/wp\/v2\/comments?post=2053"}],"version-history":[{"count":2,"href":"https:\/\/www.koncevisiontv.cl\/web\/wp-json\/wp\/v2\/posts\/2053\/revisions"}],"predecessor-version":[{"id":2070,"href":"https:\/\/www.koncevisiontv.cl\/web\/wp-json\/wp\/v2\/posts\/2053\/revisions\/2070"}],"wp:featuredmedia":[{"embeddable":true,"href":"https:\/\/www.koncevisiontv.cl\/web\/wp-json\/wp\/v2\/media\/2054"}],"wp:attachment":[{"href":"https:\/\/www.koncevisiontv.cl\/web\/wp-json\/wp\/v2\/media?parent=2053"}],"wp:term":[{"taxonomy":"category","embeddable":true,"href":"https:\/\/www.koncevisiontv.cl\/web\/wp-json\/wp\/v2\/categories?post=2053"},{"taxonomy":"post_tag","embeddable":true,"href":"https:\/\/www.koncevisiontv.cl\/web\/wp-json\/wp\/v2\/tags?post=2053"}],"curies":[{"name":"wp","href":"https:\/\/api.w.org\/{rel}","templated":true}]}}