{"id":2057,"date":"2024-09-23T15:43:44","date_gmt":"2024-09-23T18:43:44","guid":{"rendered":"https:\/\/www.koncevisiontv.cl\/web\/?p=2057"},"modified":"2024-09-23T15:44:44","modified_gmt":"2024-09-23T18:44:44","slug":"senadora-gatica-critica-a-la-udi-ante-la-formalizacion-de-omar-sabat","status":"publish","type":"post","link":"https:\/\/www.koncevisiontv.cl\/web\/senadora-gatica-critica-a-la-udi-ante-la-formalizacion-de-omar-sabat\/","title":{"rendered":"Senadora Gatica critica a la UDI ante la formalizaci\u00f3n de Omar Sabat"},"content":{"rendered":"\n<p class=\"wp-block-paragraph\"><\/p>\n\n\n\n<div class=\"wp-block-uagb-image uagb-block-e22d2a3d wp-block-uagb-image--layout-default wp-block-uagb-image--effect-static wp-block-uagb-image--align-none\"><figure class=\"wp-block-uagb-image__figure\"><img decoding=\"async\" srcset=\"https:\/\/www.koncevisiontv.cl\/web\/wp-content\/uploads\/2024\/09\/MJGatica-e1568040774530-1024x683.jpg ,https:\/\/www.koncevisiontv.cl\/web\/wp-content\/uploads\/2024\/09\/MJGatica-e1568040774530.jpg 780w, https:\/\/www.koncevisiontv.cl\/web\/wp-content\/uploads\/2024\/09\/MJGatica-e1568040774530.jpg 360w\" sizes=\"auto, (max-width: 480px) 150px\" src=\"https:\/\/www.koncevisiontv.cl\/web\/wp-content\/uploads\/2024\/09\/MJGatica-e1568040774530-1024x683.jpg\" alt=\"Senadora Gatica\" class=\"uag-image-2058\" width=\"1024\" height=\"683\" title=\"Senadora Gatica\" loading=\"lazy\" role=\"img\"\/><\/figure><\/div>\n\n\n\n<p class=\"wp-block-paragraph\">La senadora Mar\u00eda Jos\u00e9 Gatica ha generado revuelo en el \u00e1mbito pol\u00edtico al criticar duramente a la Uni\u00f3n Dem\u00f3crata Independiente (UDI) y a su destacada representante, Evelyn Matthei. La senadora expres\u00f3 su malestar debido al silencio del partido frente a la inminente formalizaci\u00f3n del exalcalde de Valdivia, Omar Sabat, por un incidente de conducci\u00f3n en estado de ebriedad.<\/p>\n\n\n\n<h3 class=\"wp-block-heading\"><strong>El incidente de Sabat: Impacto en la pol\u00edtica local<\/strong><\/h3>\n\n\n\n<p class=\"wp-block-paragraph\">El caso que involucra a Omar Sabat ha sido foco de atenci\u00f3n en la regi\u00f3n de Los R\u00edos. En junio de este a\u00f1o, Sabat fue sorprendido conduciendo bajo los efectos del alcohol, lo que desencaden\u00f3 su detenci\u00f3n y los actuales procesos judiciales. Sin embargo, lo que comenz\u00f3 como un problema legal se ha convertido en un tema pol\u00edtico que afecta la reputaci\u00f3n del partido UDI, al que Sabat pertenece.<\/p>\n\n\n\n<p class=\"wp-block-paragraph\">A pocos d\u00edas de su formalizaci\u00f3n, Gatica cuestiona el silencio de sus compa\u00f1eros de partido, especialmente de Evelyn Matthei, a quien ha solicitado que se pronuncie al respecto. Seg\u00fan la senadora, la UDI deber\u00eda posicionarse p\u00fablicamente frente a un caso que involucra a uno de sus principales referentes en la regi\u00f3n.<\/p>\n\n\n\n<h3 class=\"wp-block-heading\"><strong>Conflicto personal entre Gatica y Sabat<\/strong><\/h3>\n\n\n\n<p class=\"wp-block-paragraph\">Adem\u00e1s de la formalizaci\u00f3n, otro elemento que ha exacerbado la situaci\u00f3n es un audio filtrado en el que Sabat emiti\u00f3 comentarios ofensivos contra Gatica. Este episodio intensific\u00f3 el conflicto personal entre ambos pol\u00edticos, afectando a\u00fan m\u00e1s la relaci\u00f3n dentro del partido. La senadora ha manifestado que este tipo de conductas no solo son inaceptables en el \u00e1mbito pol\u00edtico, sino que tambi\u00e9n exigen un posicionamiento claro por parte de las autoridades del partido.<\/p>\n\n\n\n<p class=\"wp-block-paragraph\">Gatica enfatiz\u00f3 la importancia de que la UDI mantenga la coherencia en sus principios \u00e9ticos, criticando el hecho de que se eviten declaraciones en torno al comportamiento de Sabat. La falta de una postura clara ha levantado suspicacias sobre una posible protecci\u00f3n a Sabat por parte del partido.<\/p>\n\n\n\n<h3 class=\"wp-block-heading\"><strong>La audiencia de formalizaci\u00f3n y sus posibles repercusiones<\/strong><\/h3>\n\n\n\n<p class=\"wp-block-paragraph\">La audiencia de formalizaci\u00f3n est\u00e1 programada para el pr\u00f3ximo martes, donde Sabat enfrentar\u00e1 los cargos por conducci\u00f3n en estado de ebriedad. Las consecuencias de este proceso judicial podr\u00edan ser significativas no solo para el exalcalde, sino tambi\u00e9n para la UDI, que podr\u00eda ver comprometida su imagen ante la opini\u00f3n p\u00fablica. Gatica se\u00f1al\u00f3 que este tipo de incidentes no deben ser minimizados, ya que afectan la confianza de la ciudadan\u00eda en las autoridades pol\u00edticas.<\/p>\n\n\n\n<p class=\"wp-block-paragraph\">La senadora concluy\u00f3 su intervenci\u00f3n exigiendo transparencia y responsabilidad, tanto de Sabat como del partido, en la resoluci\u00f3n de este caso que ha impactado tanto en el plano legal como en el \u00e9tico.<\/p>\n","protected":false},"excerpt":{"rendered":"<p>La senadora Mar\u00eda Jos\u00e9 Gatica ha generado revuelo en el \u00e1mbito pol\u00edtico al criticar duramente a la Uni\u00f3n<\/p>\n","protected":false},"author":5,"featured_media":2058,"comment_status":"open","ping_status":"open","sticky":false,"template":"","format":"standard","meta":{"_crdt_document":"","_uag_custom_page_level_css":"","_sitemap_exclude":false,"_sitemap_priority":"","_sitemap_frequency":"","_joinchat":[],"footnotes":""},"categories":[8],"tags":[],"class_list":["post-2057","post","type-post","status-publish","format-standard","has-post-thumbnail","hentry","category-sin-censura"],"featured_image_urls":{"full":["https:\/\/www.koncevisiontv.cl\/web\/wp-content\/uploads\/2024\/09\/MJGatica-e1568040774530.jpg",1200,800,false],"thumbnail":["https:\/\/www.koncevisiontv.cl\/web\/wp-content\/uploads\/2024\/09\/MJGatica-e1568040774530-150x150.jpg",150,150,true],"medium":["https:\/\/www.koncevisiontv.cl\/web\/wp-content\/uploads\/2024\/09\/MJGatica-e1568040774530-300x200.jpg",300,200,true],"medium_large":["https:\/\/www.koncevisiontv.cl\/web\/wp-content\/uploads\/2024\/09\/MJGatica-e1568040774530-768x512.jpg",640,427,true],"large":["https:\/\/www.koncevisiontv.cl\/web\/wp-content\/uploads\/2024\/09\/MJGatica-e1568040774530-1024x683.jpg",640,427,true],"1536x1536":["https:\/\/www.koncevisiontv.cl\/web\/wp-content\/uploads\/2024\/09\/MJGatica-e1568040774530.jpg",1200,800,false],"2048x2048":["https:\/\/www.koncevisiontv.cl\/web\/wp-content\/uploads\/2024\/09\/MJGatica-e1568040774530.jpg",1200,800,false],"darknews-featured":["https:\/\/www.koncevisiontv.cl\/web\/wp-content\/uploads\/2024\/09\/MJGatica-e1568040774530-1024x683.jpg",1024,683,true],"darknews-large":["https:\/\/www.koncevisiontv.cl\/web\/wp-content\/uploads\/2024\/09\/MJGatica-e1568040774530-825x575.jpg",825,575,true],"darknews-medium":["https:\/\/www.koncevisiontv.cl\/web\/wp-content\/uploads\/2024\/09\/MJGatica-e1568040774530-590x410.jpg",590,410,true]},"author_info":{"info":["Web-Master"]},"category_info":"<a href=\"https:\/\/www.koncevisiontv.cl\/web\/category\/sin-censura\/\" rel=\"category tag\">Sin Censura<\/a>","tag_info":"Sin Censura","comment_count":"0","uagb_featured_image_src":{"full":["https:\/\/www.koncevisiontv.cl\/web\/wp-content\/uploads\/2024\/09\/MJGatica-e1568040774530.jpg",1200,800,false],"thumbnail":["https:\/\/www.koncevisiontv.cl\/web\/wp-content\/uploads\/2024\/09\/MJGatica-e1568040774530-150x150.jpg",150,150,true],"medium":["https:\/\/www.koncevisiontv.cl\/web\/wp-content\/uploads\/2024\/09\/MJGatica-e1568040774530-300x200.jpg",300,200,true],"medium_large":["https:\/\/www.koncevisiontv.cl\/web\/wp-content\/uploads\/2024\/09\/MJGatica-e1568040774530-768x512.jpg",640,427,true],"large":["https:\/\/www.koncevisiontv.cl\/web\/wp-content\/uploads\/2024\/09\/MJGatica-e1568040774530-1024x683.jpg",640,427,true],"1536x1536":["https:\/\/www.koncevisiontv.cl\/web\/wp-content\/uploads\/2024\/09\/MJGatica-e1568040774530.jpg",1200,800,false],"2048x2048":["https:\/\/www.koncevisiontv.cl\/web\/wp-content\/uploads\/2024\/09\/MJGatica-e1568040774530.jpg",1200,800,false],"darknews-featured":["https:\/\/www.koncevisiontv.cl\/web\/wp-content\/uploads\/2024\/09\/MJGatica-e1568040774530-1024x683.jpg",1024,683,true],"darknews-large":["https:\/\/www.koncevisiontv.cl\/web\/wp-content\/uploads\/2024\/09\/MJGatica-e1568040774530-825x575.jpg",825,575,true],"darknews-medium":["https:\/\/www.koncevisiontv.cl\/web\/wp-content\/uploads\/2024\/09\/MJGatica-e1568040774530-590x410.jpg",590,410,true]},"uagb_author_info":{"display_name":"Web-Master","author_link":"https:\/\/www.koncevisiontv.cl\/web\/author\/koncevision\/"},"uagb_comment_info":0,"uagb_excerpt":"La senadora Mar\u00eda Jos\u00e9 Gatica ha generado revuelo en el \u00e1mbito pol\u00edtico al criticar duramente a la Uni\u00f3n","_links":{"self":[{"href":"https:\/\/www.koncevisiontv.cl\/web\/wp-json\/wp\/v2\/posts\/2057","targetHints":{"allow":["GET"]}}],"collection":[{"href":"https:\/\/www.koncevisiontv.cl\/web\/wp-json\/wp\/v2\/posts"}],"about":[{"href":"https:\/\/www.koncevisiontv.cl\/web\/wp-json\/wp\/v2\/types\/post"}],"author":[{"embeddable":true,"href":"https:\/\/www.koncevisiontv.cl\/web\/wp-json\/wp\/v2\/users\/5"}],"replies":[{"embeddable":true,"href":"https:\/\/www.koncevisiontv.cl\/web\/wp-json\/wp\/v2\/comments?post=2057"}],"version-history":[{"count":2,"href":"https:\/\/www.koncevisiontv.cl\/web\/wp-json\/wp\/v2\/posts\/2057\/revisions"}],"predecessor-version":[{"id":2060,"href":"https:\/\/www.koncevisiontv.cl\/web\/wp-json\/wp\/v2\/posts\/2057\/revisions\/2060"}],"wp:featuredmedia":[{"embeddable":true,"href":"https:\/\/www.koncevisiontv.cl\/web\/wp-json\/wp\/v2\/media\/2058"}],"wp:attachment":[{"href":"https:\/\/www.koncevisiontv.cl\/web\/wp-json\/wp\/v2\/media?parent=2057"}],"wp:term":[{"taxonomy":"category","embeddable":true,"href":"https:\/\/www.koncevisiontv.cl\/web\/wp-json\/wp\/v2\/categories?post=2057"},{"taxonomy":"post_tag","embeddable":true,"href":"https:\/\/www.koncevisiontv.cl\/web\/wp-json\/wp\/v2\/tags?post=2057"}],"curies":[{"name":"wp","href":"https:\/\/api.w.org\/{rel}","templated":true}]}}