{"id":2061,"date":"2024-09-23T16:24:26","date_gmt":"2024-09-23T19:24:26","guid":{"rendered":"https:\/\/www.koncevisiontv.cl\/web\/?p=2061"},"modified":"2024-09-23T16:24:28","modified_gmt":"2024-09-23T19:24:28","slug":"denuncian-a-alcaldesa-de-santa-juana-por-favorecer-a-alejandro-navarro","status":"publish","type":"post","link":"https:\/\/www.koncevisiontv.cl\/web\/denuncian-a-alcaldesa-de-santa-juana-por-favorecer-a-alejandro-navarro\/","title":{"rendered":"Denuncian a alcaldesa de Santa Juana por favorecer a Alejandro Navarro"},"content":{"rendered":"\n<div class=\"wp-block-uagb-image uagb-block-13b77f0e wp-block-uagb-image--layout-default wp-block-uagb-image--effect-static wp-block-uagb-image--align-none\"><figure class=\"wp-block-uagb-image__figure\"><img decoding=\"async\" srcset=\"https:\/\/www.koncevisiontv.cl\/web\/wp-content\/uploads\/2024\/09\/santajuanaalcaldesa.jpg ,https:\/\/www.koncevisiontv.cl\/web\/wp-content\/uploads\/2024\/09\/santajuanaalcaldesa.jpg 780w, https:\/\/www.koncevisiontv.cl\/web\/wp-content\/uploads\/2024\/09\/santajuanaalcaldesa.jpg 360w\" sizes=\"auto, (max-width: 480px) 150px\" src=\"https:\/\/www.koncevisiontv.cl\/web\/wp-content\/uploads\/2024\/09\/santajuanaalcaldesa.jpg\" alt=\"Alcaldesa Santa Juana\" class=\"uag-image-2062\" width=\"768\" height=\"432\" title=\"santajuanaalcaldesa\" loading=\"lazy\" role=\"img\"\/><\/figure><\/div>\n\n\n\n<p class=\"wp-block-paragraph\">La alcaldesa de Santa Juana, Ana Albornoz, enfrenta una denuncia ante el Servicio Electoral (Servel) por presunto favoritismo en favor de Alejandro Navarro, candidato a gobernador regional. La denuncia fue presentada por Am\u00e9rico Mondaca, candidato a consejero regional, quien afirma que Navarro recibi\u00f3 trato preferencial durante una ceremonia oficial en el desfile de Fiestas Patrias. En el evento, Navarro fue ubicado en el palco principal, desplazando a otras autoridades y candidatos. Esta acci\u00f3n se considera una falta de equidad e imparcialidad, vulnerando la Ley 18.700, que exige un trato igualitario para todos los postulantes a cargos p\u00fablicos.<\/p>\n\n\n\n<h3 class=\"wp-block-heading\"><strong>El contexto de la denuncia<\/strong><\/h3>\n\n\n\n<p class=\"wp-block-paragraph\">Durante el desfile c\u00edvico de Fiestas Patrias celebrado en la Plaza de Armas de Santa Juana, Mondaca observ\u00f3 que Navarro, quien es candidato a gobernador por la regi\u00f3n del B\u00edo B\u00edo, fue privilegiado con un asiento destacado en el palco oficial, mientras otros candidatos y autoridades en ejercicio no recibieron el mismo trato. Esta situaci\u00f3n fue interpretada como una falta de igualdad de condiciones para los dem\u00e1s postulantes en plena campa\u00f1a electoral.<\/p>\n\n\n\n<p class=\"wp-block-paragraph\">Mondaca, apoyado por otros miembros de su partido, el Partido Republicano, solicit\u00f3 que se investigue la situaci\u00f3n y se apliquen las sanciones correspondientes. Fernando Pe\u00f1a, candidato a gobernador por el mismo partido, respald\u00f3 la denuncia y exigi\u00f3 que todos los candidatos sean tratados con imparcialidad.<\/p>\n\n\n\n<h3 class=\"wp-block-heading\"><strong>Posible vulneraci\u00f3n de la ley electoral<\/strong><\/h3>\n\n\n\n<p class=\"wp-block-paragraph\">La denuncia se basa en una posible infracci\u00f3n a la Ley 18.700, que regula el proceso electoral en Chile. La ley establece que todos los candidatos deben recibir un trato igualitario por parte de las autoridades p\u00fablicas. En este caso, se argumenta que la alcaldesa Ana Albornoz, al otorgar un trato preferencial a Navarro en un evento oficial, infringi\u00f3 la normativa al no garantizar la imparcialidad requerida en el marco de la campa\u00f1a electoral.<\/p>\n\n\n\n<p class=\"wp-block-paragraph\">La denuncia presentada ante el Servel busca que se aclare la situaci\u00f3n y se determine si la alcaldesa utiliz\u00f3 su cargo para favorecer indebidamente a su candidato preferido, lo cual podr\u00eda tener consecuencias tanto para Albornoz como para Navarro.<\/p>\n\n\n\n<h3 class=\"wp-block-heading\"><strong>Reacciones y consecuencias pol\u00edticas<\/strong><\/h3>\n\n\n\n<p class=\"wp-block-paragraph\">El incidente ha generado un clima de tensi\u00f3n pol\u00edtica en la comuna, con cr\u00edticas tanto a la gesti\u00f3n de la alcaldesa como al propio Navarro. La denuncia subraya la importancia de garantizar un proceso electoral limpio y justo, donde todos los candidatos tengan las mismas oportunidades de presentar sus propuestas ante la ciudadan\u00eda.<\/p>\n\n\n\n<p class=\"wp-block-paragraph\">El resultado de esta denuncia ante el Servel ser\u00e1 crucial para definir si hubo o no una vulneraci\u00f3n de la normativa electoral y si se aplicar\u00e1n sanciones a la alcaldesa de Santa Juana.<\/p>\n","protected":false},"excerpt":{"rendered":"<p>La alcaldesa de Santa Juana, Ana Albornoz, enfrenta una denuncia ante el Servicio Electoral (Servel) por presunto favoritismo<\/p>\n","protected":false},"author":5,"featured_media":2062,"comment_status":"open","ping_status":"open","sticky":false,"template":"","format":"standard","meta":{"_crdt_document":"","_uag_custom_page_level_css":"","_sitemap_exclude":false,"_sitemap_priority":"","_sitemap_frequency":"","_joinchat":[],"footnotes":""},"categories":[8],"tags":[],"class_list":["post-2061","post","type-post","status-publish","format-standard","has-post-thumbnail","hentry","category-sin-censura"],"featured_image_urls":{"full":["https:\/\/www.koncevisiontv.cl\/web\/wp-content\/uploads\/2024\/09\/santajuanaalcaldesa.jpg",768,432,false],"thumbnail":["https:\/\/www.koncevisiontv.cl\/web\/wp-content\/uploads\/2024\/09\/santajuanaalcaldesa-150x150.jpg",150,150,true],"medium":["https:\/\/www.koncevisiontv.cl\/web\/wp-content\/uploads\/2024\/09\/santajuanaalcaldesa-300x169.jpg",300,169,true],"medium_large":["https:\/\/www.koncevisiontv.cl\/web\/wp-content\/uploads\/2024\/09\/santajuanaalcaldesa.jpg",640,360,false],"large":["https:\/\/www.koncevisiontv.cl\/web\/wp-content\/uploads\/2024\/09\/santajuanaalcaldesa.jpg",640,360,false],"1536x1536":["https:\/\/www.koncevisiontv.cl\/web\/wp-content\/uploads\/2024\/09\/santajuanaalcaldesa.jpg",768,432,false],"2048x2048":["https:\/\/www.koncevisiontv.cl\/web\/wp-content\/uploads\/2024\/09\/santajuanaalcaldesa.jpg",768,432,false],"darknews-featured":["https:\/\/www.koncevisiontv.cl\/web\/wp-content\/uploads\/2024\/09\/santajuanaalcaldesa.jpg",768,432,false],"darknews-large":["https:\/\/www.koncevisiontv.cl\/web\/wp-content\/uploads\/2024\/09\/santajuanaalcaldesa.jpg",768,432,false],"darknews-medium":["https:\/\/www.koncevisiontv.cl\/web\/wp-content\/uploads\/2024\/09\/santajuanaalcaldesa-590x410.jpg",590,410,true]},"author_info":{"info":["Web-Master"]},"category_info":"<a href=\"https:\/\/www.koncevisiontv.cl\/web\/category\/sin-censura\/\" rel=\"category tag\">Sin Censura<\/a>","tag_info":"Sin Censura","comment_count":"0","uagb_featured_image_src":{"full":["https:\/\/www.koncevisiontv.cl\/web\/wp-content\/uploads\/2024\/09\/santajuanaalcaldesa.jpg",768,432,false],"thumbnail":["https:\/\/www.koncevisiontv.cl\/web\/wp-content\/uploads\/2024\/09\/santajuanaalcaldesa-150x150.jpg",150,150,true],"medium":["https:\/\/www.koncevisiontv.cl\/web\/wp-content\/uploads\/2024\/09\/santajuanaalcaldesa-300x169.jpg",300,169,true],"medium_large":["https:\/\/www.koncevisiontv.cl\/web\/wp-content\/uploads\/2024\/09\/santajuanaalcaldesa.jpg",640,360,false],"large":["https:\/\/www.koncevisiontv.cl\/web\/wp-content\/uploads\/2024\/09\/santajuanaalcaldesa.jpg",640,360,false],"1536x1536":["https:\/\/www.koncevisiontv.cl\/web\/wp-content\/uploads\/2024\/09\/santajuanaalcaldesa.jpg",768,432,false],"2048x2048":["https:\/\/www.koncevisiontv.cl\/web\/wp-content\/uploads\/2024\/09\/santajuanaalcaldesa.jpg",768,432,false],"darknews-featured":["https:\/\/www.koncevisiontv.cl\/web\/wp-content\/uploads\/2024\/09\/santajuanaalcaldesa.jpg",768,432,false],"darknews-large":["https:\/\/www.koncevisiontv.cl\/web\/wp-content\/uploads\/2024\/09\/santajuanaalcaldesa.jpg",768,432,false],"darknews-medium":["https:\/\/www.koncevisiontv.cl\/web\/wp-content\/uploads\/2024\/09\/santajuanaalcaldesa-590x410.jpg",590,410,true]},"uagb_author_info":{"display_name":"Web-Master","author_link":"https:\/\/www.koncevisiontv.cl\/web\/author\/koncevision\/"},"uagb_comment_info":0,"uagb_excerpt":"La alcaldesa de Santa Juana, Ana Albornoz, enfrenta una denuncia ante el Servicio Electoral (Servel) por presunto favoritismo","_links":{"self":[{"href":"https:\/\/www.koncevisiontv.cl\/web\/wp-json\/wp\/v2\/posts\/2061","targetHints":{"allow":["GET"]}}],"collection":[{"href":"https:\/\/www.koncevisiontv.cl\/web\/wp-json\/wp\/v2\/posts"}],"about":[{"href":"https:\/\/www.koncevisiontv.cl\/web\/wp-json\/wp\/v2\/types\/post"}],"author":[{"embeddable":true,"href":"https:\/\/www.koncevisiontv.cl\/web\/wp-json\/wp\/v2\/users\/5"}],"replies":[{"embeddable":true,"href":"https:\/\/www.koncevisiontv.cl\/web\/wp-json\/wp\/v2\/comments?post=2061"}],"version-history":[{"count":1,"href":"https:\/\/www.koncevisiontv.cl\/web\/wp-json\/wp\/v2\/posts\/2061\/revisions"}],"predecessor-version":[{"id":2064,"href":"https:\/\/www.koncevisiontv.cl\/web\/wp-json\/wp\/v2\/posts\/2061\/revisions\/2064"}],"wp:featuredmedia":[{"embeddable":true,"href":"https:\/\/www.koncevisiontv.cl\/web\/wp-json\/wp\/v2\/media\/2062"}],"wp:attachment":[{"href":"https:\/\/www.koncevisiontv.cl\/web\/wp-json\/wp\/v2\/media?parent=2061"}],"wp:term":[{"taxonomy":"category","embeddable":true,"href":"https:\/\/www.koncevisiontv.cl\/web\/wp-json\/wp\/v2\/categories?post=2061"},{"taxonomy":"post_tag","embeddable":true,"href":"https:\/\/www.koncevisiontv.cl\/web\/wp-json\/wp\/v2\/tags?post=2061"}],"curies":[{"name":"wp","href":"https:\/\/api.w.org\/{rel}","templated":true}]}}