{"id":2065,"date":"2024-09-23T16:37:03","date_gmt":"2024-09-23T19:37:03","guid":{"rendered":"https:\/\/www.koncevisiontv.cl\/web\/?p=2065"},"modified":"2024-09-23T16:37:06","modified_gmt":"2024-09-23T19:37:06","slug":"colapso-en-el-hospital-regional-de-concepcion-pacientes-se-aglomeran-para-agendar-horas-medicas","status":"publish","type":"post","link":"https:\/\/www.koncevisiontv.cl\/web\/colapso-en-el-hospital-regional-de-concepcion-pacientes-se-aglomeran-para-agendar-horas-medicas\/","title":{"rendered":"Colapso en el Hospital Regional de Concepci\u00f3n: Pacientes se aglomeran para agendar horas m\u00e9dicas"},"content":{"rendered":"\n<p class=\"wp-block-paragraph\"><\/p>\n\n\n\n<div class=\"wp-block-uagb-image uagb-block-a78bdec7 wp-block-uagb-image--layout-default wp-block-uagb-image--effect-static wp-block-uagb-image--align-none\"><figure class=\"wp-block-uagb-image__figure\"><img decoding=\"async\" srcset=\"https:\/\/www.koncevisiontv.cl\/web\/wp-content\/uploads\/2024\/09\/salvatrores-1024x538.jpg ,https:\/\/www.koncevisiontv.cl\/web\/wp-content\/uploads\/2024\/09\/salvatrores.jpg 780w, https:\/\/www.koncevisiontv.cl\/web\/wp-content\/uploads\/2024\/09\/salvatrores.jpg 360w\" sizes=\"auto, (max-width: 480px) 150px\" src=\"https:\/\/www.koncevisiontv.cl\/web\/wp-content\/uploads\/2024\/09\/salvatrores-1024x538.jpg\" alt=\"Hospital Regional de Concepci\u00f3n.\" class=\"uag-image-1945\" width=\"1024\" height=\"538\" title=\"salvatrores\" loading=\"lazy\" role=\"img\"\/><\/figure><\/div>\n\n\n\n<p class=\"wp-block-paragraph\">Este lunes, el Hospital Regional de Concepci\u00f3n vivi\u00f3 una jornada ca\u00f3tica cuando cientos de pacientes se aglomeraron para agendar horas m\u00e9dicas, tras la apertura de la agenda para diversas especialidades. La situaci\u00f3n provoc\u00f3 quejas y malestar entre los asistentes, quienes enfrentaron largas esperas en condiciones dif\u00edciles.<\/p>\n\n\n\n<h3 class=\"wp-block-heading\"><strong>Una jornada de alta demanda<\/strong><\/h3>\n\n\n\n<p class=\"wp-block-paragraph\">La alta demanda, sumada al feriado de Fiestas Patrias, ocasion\u00f3 que el hospital se viera superado por la cantidad de personas que llegaron a solicitar atenci\u00f3n. Seg\u00fan Claudio Baeza, director del hospital, el nivel de aglomeraci\u00f3n fue in\u00e9dito. &#8220;No nos hab\u00eda sucedido con esta magnitud antes&#8221;, se\u00f1al\u00f3.<\/p>\n\n\n\n<p class=\"wp-block-paragraph\">A pesar de los esfuerzos del hospital por reforzar el personal en el \u00e1rea de atenci\u00f3n ambulatoria y de gesti\u00f3n de horas, las m\u00e1s de 600 personas que esperaban ser atendidas generaron un ambiente de incomodidad, especialmente para los adultos mayores y pacientes con movilidad reducida.<\/p>\n\n\n\n<h3 class=\"wp-block-heading\"><strong>Testimonios de los afectados<\/strong><\/h3>\n\n\n\n<p class=\"wp-block-paragraph\">Una de las usuarias afectadas, Viviana, relat\u00f3 que lleg\u00f3 a las 6 de la ma\u00f1ana para obtener una hora en el servicio de reumatolog\u00eda. Con el n\u00famero 156 en mano, se\u00f1al\u00f3 que el proceso de atenci\u00f3n fue extremadamente lento, atendiendo solo a 100 personas en toda la ma\u00f1ana. Describi\u00f3 el ambiente como inhumano y critic\u00f3 la falta de condiciones adecuadas para los pacientes, muchos de los cuales se desmayaron mientras esperaban.<\/p>\n\n\n\n<h3 class=\"wp-block-heading\"><strong>Medidas para mitigar la situaci\u00f3n<\/strong><\/h3>\n\n\n\n<p class=\"wp-block-paragraph\">El hospital ha anunciado que tomar\u00e1 medidas para reducir los tiempos de espera y mejorar la organizaci\u00f3n en situaciones de alta demanda. Sin embargo, Baeza llam\u00f3 a los usuarios a tener paciencia, subrayando que la situaci\u00f3n ser\u00e1 compleja durante la semana debido al elevado n\u00famero de solicitudes.<\/p>\n","protected":false},"excerpt":{"rendered":"<p>Este lunes, el Hospital Regional de Concepci\u00f3n vivi\u00f3 una jornada ca\u00f3tica cuando cientos de pacientes se aglomeraron para<\/p>\n","protected":false},"author":5,"featured_media":1945,"comment_status":"open","ping_status":"open","sticky":false,"template":"","format":"standard","meta":{"_crdt_document":"","_uag_custom_page_level_css":"","_sitemap_exclude":false,"_sitemap_priority":"","_sitemap_frequency":"","_joinchat":[],"footnotes":""},"categories":[8],"tags":[],"class_list":["post-2065","post","type-post","status-publish","format-standard","has-post-thumbnail","hentry","category-sin-censura"],"featured_image_urls":{"full":["https:\/\/www.koncevisiontv.cl\/web\/wp-content\/uploads\/2024\/09\/salvatrores.jpg",1200,630,false],"thumbnail":["https:\/\/www.koncevisiontv.cl\/web\/wp-content\/uploads\/2024\/09\/salvatrores-150x150.jpg",150,150,true],"medium":["https:\/\/www.koncevisiontv.cl\/web\/wp-content\/uploads\/2024\/09\/salvatrores-300x158.jpg",300,158,true],"medium_large":["https:\/\/www.koncevisiontv.cl\/web\/wp-content\/uploads\/2024\/09\/salvatrores-768x403.jpg",640,336,true],"large":["https:\/\/www.koncevisiontv.cl\/web\/wp-content\/uploads\/2024\/09\/salvatrores-1024x538.jpg",640,336,true],"1536x1536":["https:\/\/www.koncevisiontv.cl\/web\/wp-content\/uploads\/2024\/09\/salvatrores.jpg",1200,630,false],"2048x2048":["https:\/\/www.koncevisiontv.cl\/web\/wp-content\/uploads\/2024\/09\/salvatrores.jpg",1200,630,false],"darknews-featured":["https:\/\/www.koncevisiontv.cl\/web\/wp-content\/uploads\/2024\/09\/salvatrores-1024x538.jpg",1024,538,true],"darknews-large":["https:\/\/www.koncevisiontv.cl\/web\/wp-content\/uploads\/2024\/09\/salvatrores-825x575.jpg",825,575,true],"darknews-medium":["https:\/\/www.koncevisiontv.cl\/web\/wp-content\/uploads\/2024\/09\/salvatrores-590x410.jpg",590,410,true]},"author_info":{"info":["Web-Master"]},"category_info":"<a href=\"https:\/\/www.koncevisiontv.cl\/web\/category\/sin-censura\/\" rel=\"category tag\">Sin Censura<\/a>","tag_info":"Sin Censura","comment_count":"0","uagb_featured_image_src":{"full":["https:\/\/www.koncevisiontv.cl\/web\/wp-content\/uploads\/2024\/09\/salvatrores.jpg",1200,630,false],"thumbnail":["https:\/\/www.koncevisiontv.cl\/web\/wp-content\/uploads\/2024\/09\/salvatrores-150x150.jpg",150,150,true],"medium":["https:\/\/www.koncevisiontv.cl\/web\/wp-content\/uploads\/2024\/09\/salvatrores-300x158.jpg",300,158,true],"medium_large":["https:\/\/www.koncevisiontv.cl\/web\/wp-content\/uploads\/2024\/09\/salvatrores-768x403.jpg",640,336,true],"large":["https:\/\/www.koncevisiontv.cl\/web\/wp-content\/uploads\/2024\/09\/salvatrores-1024x538.jpg",640,336,true],"1536x1536":["https:\/\/www.koncevisiontv.cl\/web\/wp-content\/uploads\/2024\/09\/salvatrores.jpg",1200,630,false],"2048x2048":["https:\/\/www.koncevisiontv.cl\/web\/wp-content\/uploads\/2024\/09\/salvatrores.jpg",1200,630,false],"darknews-featured":["https:\/\/www.koncevisiontv.cl\/web\/wp-content\/uploads\/2024\/09\/salvatrores-1024x538.jpg",1024,538,true],"darknews-large":["https:\/\/www.koncevisiontv.cl\/web\/wp-content\/uploads\/2024\/09\/salvatrores-825x575.jpg",825,575,true],"darknews-medium":["https:\/\/www.koncevisiontv.cl\/web\/wp-content\/uploads\/2024\/09\/salvatrores-590x410.jpg",590,410,true]},"uagb_author_info":{"display_name":"Web-Master","author_link":"https:\/\/www.koncevisiontv.cl\/web\/author\/koncevision\/"},"uagb_comment_info":0,"uagb_excerpt":"Este lunes, el Hospital Regional de Concepci\u00f3n vivi\u00f3 una jornada ca\u00f3tica cuando cientos de pacientes se aglomeraron para","_links":{"self":[{"href":"https:\/\/www.koncevisiontv.cl\/web\/wp-json\/wp\/v2\/posts\/2065","targetHints":{"allow":["GET"]}}],"collection":[{"href":"https:\/\/www.koncevisiontv.cl\/web\/wp-json\/wp\/v2\/posts"}],"about":[{"href":"https:\/\/www.koncevisiontv.cl\/web\/wp-json\/wp\/v2\/types\/post"}],"author":[{"embeddable":true,"href":"https:\/\/www.koncevisiontv.cl\/web\/wp-json\/wp\/v2\/users\/5"}],"replies":[{"embeddable":true,"href":"https:\/\/www.koncevisiontv.cl\/web\/wp-json\/wp\/v2\/comments?post=2065"}],"version-history":[{"count":1,"href":"https:\/\/www.koncevisiontv.cl\/web\/wp-json\/wp\/v2\/posts\/2065\/revisions"}],"predecessor-version":[{"id":2066,"href":"https:\/\/www.koncevisiontv.cl\/web\/wp-json\/wp\/v2\/posts\/2065\/revisions\/2066"}],"wp:featuredmedia":[{"embeddable":true,"href":"https:\/\/www.koncevisiontv.cl\/web\/wp-json\/wp\/v2\/media\/1945"}],"wp:attachment":[{"href":"https:\/\/www.koncevisiontv.cl\/web\/wp-json\/wp\/v2\/media?parent=2065"}],"wp:term":[{"taxonomy":"category","embeddable":true,"href":"https:\/\/www.koncevisiontv.cl\/web\/wp-json\/wp\/v2\/categories?post=2065"},{"taxonomy":"post_tag","embeddable":true,"href":"https:\/\/www.koncevisiontv.cl\/web\/wp-json\/wp\/v2\/tags?post=2065"}],"curies":[{"name":"wp","href":"https:\/\/api.w.org\/{rel}","templated":true}]}}