{"id":2084,"date":"2024-09-24T10:02:49","date_gmt":"2024-09-24T13:02:49","guid":{"rendered":"https:\/\/www.koncevisiontv.cl\/web\/?p=2084"},"modified":"2024-09-24T10:02:50","modified_gmt":"2024-09-24T13:02:50","slug":"evelyn-matthei-lidera-encuesta-udd-para-elecciones-presidenciales-kast-y-bachelet-empatan-en-el-segundo-lugar","status":"publish","type":"post","link":"https:\/\/www.koncevisiontv.cl\/web\/evelyn-matthei-lidera-encuesta-udd-para-elecciones-presidenciales-kast-y-bachelet-empatan-en-el-segundo-lugar\/","title":{"rendered":"Evelyn Matthei lidera encuesta UDD para elecciones presidenciales: Kast y Bachelet empatan en el segundo lugar"},"content":{"rendered":"\n<figure class=\"wp-block-image size-full\"><img loading=\"lazy\" decoding=\"async\" width=\"960\" height=\"502\" src=\"https:\/\/www.koncevisiontv.cl\/web\/wp-content\/uploads\/2024\/09\/encuesta.webp\" alt=\"\" class=\"wp-image-2085\" title=\"\" srcset=\"https:\/\/www.koncevisiontv.cl\/web\/wp-content\/uploads\/2024\/09\/encuesta.webp 960w, https:\/\/www.koncevisiontv.cl\/web\/wp-content\/uploads\/2024\/09\/encuesta-300x157.webp 300w, https:\/\/www.koncevisiontv.cl\/web\/wp-content\/uploads\/2024\/09\/encuesta-768x402.webp 768w\" sizes=\"auto, (max-width: 960px) 100vw, 960px\" \/><\/figure>\n\n\n\n<p class=\"wp-block-paragraph\">El \u00faltimo sondeo del Panel Ciudadano de la Universidad del Desarrollo (UDD) revela que Evelyn Matthei, actual alcaldesa de Providencia, lidera la carrera presidencial con un 29% de las preferencias. En segundo lugar, empatados con un 13% cada uno, se encuentran el excandidato presidencial Jos\u00e9 Antonio Kast y la expresidenta Michelle Bachelet.<\/p>\n\n\n\n<h3 class=\"wp-block-heading\"><strong>Matthei consolida su liderazgo en las encuestas<\/strong><\/h3>\n\n\n\n<p class=\"wp-block-paragraph\">Evelyn Matthei sigue consolid\u00e1ndose como la favorita para las elecciones presidenciales de 2025, especialmente entre los votantes mayores de 60 a\u00f1os. Por su parte, Michelle Bachelet cuenta con el mayor respaldo de los j\u00f3venes entre 18 y 30 a\u00f1os, mientras que Jos\u00e9 Antonio Kast concentra su apoyo entre los electores de 31 a 40 a\u00f1os.<\/p>\n\n\n\n<p class=\"wp-block-paragraph\">Este sondeo refuerza la polarizaci\u00f3n pol\u00edtica entre los principales candidatos de derecha y centroizquierda, destacando un posible escenario de segunda vuelta entre Matthei y uno de sus contrincantes.<\/p>\n\n\n\n<h3 class=\"wp-block-heading\"><strong>Resultados de un eventual balotaje<\/strong><\/h3>\n\n\n\n<p class=\"wp-block-paragraph\">La encuesta tambi\u00e9n considera posibles escenarios de segunda vuelta. Si Evelyn Matthei se enfrentara a Michelle Bachelet, la alcaldesa de Providencia ganar\u00eda con un 47% de los votos, frente al 35% que obtendr\u00eda la exmandataria. De enfrentar a Jos\u00e9 Antonio Kast, Matthei tambi\u00e9n resultar\u00eda vencedora con un 44% de los votos, en comparaci\u00f3n con el 31% de Kast.<\/p>\n\n\n\n<p class=\"wp-block-paragraph\"><\/p>\n\n\n\n<p class=\"wp-block-paragraph\"><\/p>\n\n\n\n<p class=\"wp-block-paragraph\"><\/p>\n","protected":false},"excerpt":{"rendered":"<p>El \u00faltimo sondeo del Panel Ciudadano de la Universidad del Desarrollo (UDD) revela que Evelyn Matthei, actual alcaldesa<\/p>\n","protected":false},"author":5,"featured_media":2085,"comment_status":"open","ping_status":"open","sticky":false,"template":"","format":"standard","meta":{"_crdt_document":"","_uag_custom_page_level_css":"","_sitemap_exclude":false,"_sitemap_priority":"","_sitemap_frequency":"","_joinchat":[],"footnotes":""},"categories":[8],"tags":[],"class_list":["post-2084","post","type-post","status-publish","format-standard","has-post-thumbnail","hentry","category-sin-censura"],"featured_image_urls":{"full":["https:\/\/www.koncevisiontv.cl\/web\/wp-content\/uploads\/2024\/09\/encuesta.webp",960,502,false],"thumbnail":["https:\/\/www.koncevisiontv.cl\/web\/wp-content\/uploads\/2024\/09\/encuesta-150x150.webp",150,150,true],"medium":["https:\/\/www.koncevisiontv.cl\/web\/wp-content\/uploads\/2024\/09\/encuesta-300x157.webp",300,157,true],"medium_large":["https:\/\/www.koncevisiontv.cl\/web\/wp-content\/uploads\/2024\/09\/encuesta-768x402.webp",640,335,true],"large":["https:\/\/www.koncevisiontv.cl\/web\/wp-content\/uploads\/2024\/09\/encuesta.webp",640,335,false],"1536x1536":["https:\/\/www.koncevisiontv.cl\/web\/wp-content\/uploads\/2024\/09\/encuesta.webp",960,502,false],"2048x2048":["https:\/\/www.koncevisiontv.cl\/web\/wp-content\/uploads\/2024\/09\/encuesta.webp",960,502,false],"darknews-featured":["https:\/\/www.koncevisiontv.cl\/web\/wp-content\/uploads\/2024\/09\/encuesta.webp",960,502,false],"darknews-large":["https:\/\/www.koncevisiontv.cl\/web\/wp-content\/uploads\/2024\/09\/encuesta-825x502.webp",825,502,true],"darknews-medium":["https:\/\/www.koncevisiontv.cl\/web\/wp-content\/uploads\/2024\/09\/encuesta-590x410.webp",590,410,true]},"author_info":{"info":["Web-Master"]},"category_info":"<a href=\"https:\/\/www.koncevisiontv.cl\/web\/category\/sin-censura\/\" rel=\"category tag\">Sin Censura<\/a>","tag_info":"Sin Censura","comment_count":"0","uagb_featured_image_src":{"full":["https:\/\/www.koncevisiontv.cl\/web\/wp-content\/uploads\/2024\/09\/encuesta.webp",960,502,false],"thumbnail":["https:\/\/www.koncevisiontv.cl\/web\/wp-content\/uploads\/2024\/09\/encuesta-150x150.webp",150,150,true],"medium":["https:\/\/www.koncevisiontv.cl\/web\/wp-content\/uploads\/2024\/09\/encuesta-300x157.webp",300,157,true],"medium_large":["https:\/\/www.koncevisiontv.cl\/web\/wp-content\/uploads\/2024\/09\/encuesta-768x402.webp",640,335,true],"large":["https:\/\/www.koncevisiontv.cl\/web\/wp-content\/uploads\/2024\/09\/encuesta.webp",640,335,false],"1536x1536":["https:\/\/www.koncevisiontv.cl\/web\/wp-content\/uploads\/2024\/09\/encuesta.webp",960,502,false],"2048x2048":["https:\/\/www.koncevisiontv.cl\/web\/wp-content\/uploads\/2024\/09\/encuesta.webp",960,502,false],"darknews-featured":["https:\/\/www.koncevisiontv.cl\/web\/wp-content\/uploads\/2024\/09\/encuesta.webp",960,502,false],"darknews-large":["https:\/\/www.koncevisiontv.cl\/web\/wp-content\/uploads\/2024\/09\/encuesta-825x502.webp",825,502,true],"darknews-medium":["https:\/\/www.koncevisiontv.cl\/web\/wp-content\/uploads\/2024\/09\/encuesta-590x410.webp",590,410,true]},"uagb_author_info":{"display_name":"Web-Master","author_link":"https:\/\/www.koncevisiontv.cl\/web\/author\/koncevision\/"},"uagb_comment_info":0,"uagb_excerpt":"El \u00faltimo sondeo del Panel Ciudadano de la Universidad del Desarrollo (UDD) revela que Evelyn Matthei, actual alcaldesa","_links":{"self":[{"href":"https:\/\/www.koncevisiontv.cl\/web\/wp-json\/wp\/v2\/posts\/2084","targetHints":{"allow":["GET"]}}],"collection":[{"href":"https:\/\/www.koncevisiontv.cl\/web\/wp-json\/wp\/v2\/posts"}],"about":[{"href":"https:\/\/www.koncevisiontv.cl\/web\/wp-json\/wp\/v2\/types\/post"}],"author":[{"embeddable":true,"href":"https:\/\/www.koncevisiontv.cl\/web\/wp-json\/wp\/v2\/users\/5"}],"replies":[{"embeddable":true,"href":"https:\/\/www.koncevisiontv.cl\/web\/wp-json\/wp\/v2\/comments?post=2084"}],"version-history":[{"count":1,"href":"https:\/\/www.koncevisiontv.cl\/web\/wp-json\/wp\/v2\/posts\/2084\/revisions"}],"predecessor-version":[{"id":2086,"href":"https:\/\/www.koncevisiontv.cl\/web\/wp-json\/wp\/v2\/posts\/2084\/revisions\/2086"}],"wp:featuredmedia":[{"embeddable":true,"href":"https:\/\/www.koncevisiontv.cl\/web\/wp-json\/wp\/v2\/media\/2085"}],"wp:attachment":[{"href":"https:\/\/www.koncevisiontv.cl\/web\/wp-json\/wp\/v2\/media?parent=2084"}],"wp:term":[{"taxonomy":"category","embeddable":true,"href":"https:\/\/www.koncevisiontv.cl\/web\/wp-json\/wp\/v2\/categories?post=2084"},{"taxonomy":"post_tag","embeddable":true,"href":"https:\/\/www.koncevisiontv.cl\/web\/wp-json\/wp\/v2\/tags?post=2084"}],"curies":[{"name":"wp","href":"https:\/\/api.w.org\/{rel}","templated":true}]}}