{"id":2147,"date":"2024-09-24T11:56:27","date_gmt":"2024-09-24T14:56:27","guid":{"rendered":"https:\/\/www.koncevisiontv.cl\/web\/?p=2147"},"modified":"2024-09-24T12:27:28","modified_gmt":"2024-09-24T15:27:28","slug":"marcela-cubillos-se-defiende-por-sueldo-docente-y-critica-a-la-izquierda-progre","status":"publish","type":"post","link":"https:\/\/www.koncevisiontv.cl\/web\/marcela-cubillos-se-defiende-por-sueldo-docente-y-critica-a-la-izquierda-progre\/","title":{"rendered":"Marcela Cubillos se defiende por sueldo docente y critica a la izquierda progre"},"content":{"rendered":"\n<div class=\"wp-block-uagb-image uagb-block-9e183a03 wp-block-uagb-image--layout-default wp-block-uagb-image--effect-static wp-block-uagb-image--align-none\"><figure class=\"wp-block-uagb-image__figure\"><img decoding=\"async\" srcset=\"https:\/\/www.koncevisiontv.cl\/web\/wp-content\/uploads\/2024\/09\/Marcela-Cubillos-Universidad-San-Sebastian-1024x576.webp ,https:\/\/www.koncevisiontv.cl\/web\/wp-content\/uploads\/2024\/09\/Marcela-Cubillos-Universidad-San-Sebastian.webp 780w, https:\/\/www.koncevisiontv.cl\/web\/wp-content\/uploads\/2024\/09\/Marcela-Cubillos-Universidad-San-Sebastian.webp 360w\" sizes=\"auto, (max-width: 480px) 150px\" src=\"https:\/\/www.koncevisiontv.cl\/web\/wp-content\/uploads\/2024\/09\/Marcela-Cubillos-Universidad-San-Sebastian-1024x576.webp\" alt=\"Marcela Cubillos\" class=\"uag-image-2148\" width=\"1920\" height=\"1080\" title=\"Marcela-Cubillos-Universidad-San-Sebastian\" loading=\"lazy\" role=\"img\"\/><\/figure><\/div>\n\n\n\n<p class=\"wp-block-paragraph\"><\/p>\n\n\n\n<div class=\"wp-block-uagb-image uagb-block-2b967b00 wp-block-uagb-image--layout-default wp-block-uagb-image--effect-static wp-block-uagb-image--align-none\"><figure class=\"wp-block-uagb-image__figure\"><img decoding=\"async\" srcset=\"https:\/\/www.koncevisiontv.cl\/web\/wp-content\/uploads\/2024\/09\/457215227_2228531314213493_4091153797536643925_n-717x1024.jpg ,https:\/\/www.koncevisiontv.cl\/web\/wp-content\/uploads\/2024\/09\/457215227_2228531314213493_4091153797536643925_n.jpg 780w, https:\/\/www.koncevisiontv.cl\/web\/wp-content\/uploads\/2024\/09\/457215227_2228531314213493_4091153797536643925_n.jpg 360w\" sizes=\"auto, (max-width: 480px) 150px\" src=\"https:\/\/www.koncevisiontv.cl\/web\/wp-content\/uploads\/2024\/09\/457215227_2228531314213493_4091153797536643925_n-717x1024.jpg\" alt=\"\" class=\"uag-image-1573\" width=\"181\" height=\"258\" title=\"457215227_2228531314213493_4091153797536643925_n\" loading=\"lazy\" role=\"img\"><\/figure><\/div>\n\n\n\n<p class=\"wp-block-paragraph\">La exministra Marcela Cubillos ha salido en defensa de su sueldo como docente de la Universidad Aut\u00f3noma, tras recibir duras cr\u00edticas por percibir $17 millones mensuales. A trav\u00e9s de redes sociales, Cubillos cuestion\u00f3 a quienes critican su salario, apuntando principalmente a la &#8220;izquierda progre&#8221;. Se\u00f1al\u00f3 que su trabajo como docente es legal y que el salario corresponde a su experiencia y conocimientos, rechazando los ataques hacia su labor acad\u00e9mica.<\/p>\n\n\n\n<h3 class=\"wp-block-heading\"><strong>Contexto de las cr\u00edticas<\/strong><\/h3>\n\n\n\n<p class=\"wp-block-paragraph\">El cuestionamiento surge en el contexto de una publicaci\u00f3n en redes sociales que destacaba el elevado sueldo de Cubillos en su rol como acad\u00e9mica en la universidad privada. Sus cr\u00edticos sostienen que es excesivo en comparaci\u00f3n con el promedio salarial de los docentes en Chile, lo que gener\u00f3 una ola de comentarios y acusaciones, especialmente desde sectores de izquierda.<\/p>\n\n\n\n<p class=\"wp-block-paragraph\">Cubillos respondi\u00f3 que esta es una muestra m\u00e1s de la &#8220;doble moral&#8221; de ciertos sectores progresistas, quienes, seg\u00fan ella, critican salarios altos en algunos casos, mientras defienden otros que benefician a figuras de su espectro pol\u00edtico.<\/p>\n\n\n\n<h3 class=\"wp-block-heading\"><strong>Posici\u00f3n de Cubillos ante la pol\u00e9mica<\/strong><\/h3>\n\n\n\n<p class=\"wp-block-paragraph\">En su defensa, Cubillos afirm\u00f3 que su contrato como docente es transparente y se ajusta a los est\u00e1ndares del mercado, indicando que quienes critican su sueldo lo hacen por razones pol\u00edticas m\u00e1s que por un inter\u00e9s real en la equidad salarial. La exministra tambi\u00e9n subray\u00f3 que no tiene intenci\u00f3n de disculparse por lo que considera una retribuci\u00f3n justa a su carrera profesional y acad\u00e9mica.<\/p>\n\n\n\n<p class=\"wp-block-paragraph\">Cubillos, quien tambi\u00e9n es miembro del Consejo Constitucional, utiliz\u00f3 la controversia para profundizar en sus cr\u00edticas hacia la izquierda, a la que acusa de tratar de polarizar el debate p\u00fablico con estos temas.<\/p>\n","protected":false},"excerpt":{"rendered":"<p>La exministra Marcela Cubillos ha salido en defensa de su sueldo como docente de la Universidad Aut\u00f3noma, tras<\/p>\n","protected":false},"author":5,"featured_media":2148,"comment_status":"open","ping_status":"open","sticky":false,"template":"","format":"standard","meta":{"_crdt_document":"","_uag_custom_page_level_css":"","_sitemap_exclude":false,"_sitemap_priority":"","_sitemap_frequency":"","_joinchat":[],"footnotes":""},"categories":[1],"tags":[],"class_list":["post-2147","post","type-post","status-publish","format-standard","has-post-thumbnail","hentry","category-bio-bio"],"featured_image_urls":{"full":["https:\/\/www.koncevisiontv.cl\/web\/wp-content\/uploads\/2024\/09\/Marcela-Cubillos-Universidad-San-Sebastian.webp",1920,1080,false],"thumbnail":["https:\/\/www.koncevisiontv.cl\/web\/wp-content\/uploads\/2024\/09\/Marcela-Cubillos-Universidad-San-Sebastian-150x150.webp",150,150,true],"medium":["https:\/\/www.koncevisiontv.cl\/web\/wp-content\/uploads\/2024\/09\/Marcela-Cubillos-Universidad-San-Sebastian-300x169.webp",300,169,true],"medium_large":["https:\/\/www.koncevisiontv.cl\/web\/wp-content\/uploads\/2024\/09\/Marcela-Cubillos-Universidad-San-Sebastian-768x432.webp",640,360,true],"large":["https:\/\/www.koncevisiontv.cl\/web\/wp-content\/uploads\/2024\/09\/Marcela-Cubillos-Universidad-San-Sebastian-1024x576.webp",640,360,true],"1536x1536":["https:\/\/www.koncevisiontv.cl\/web\/wp-content\/uploads\/2024\/09\/Marcela-Cubillos-Universidad-San-Sebastian-1536x864.webp",1536,864,true],"2048x2048":["https:\/\/www.koncevisiontv.cl\/web\/wp-content\/uploads\/2024\/09\/Marcela-Cubillos-Universidad-San-Sebastian.webp",1920,1080,false],"darknews-featured":["https:\/\/www.koncevisiontv.cl\/web\/wp-content\/uploads\/2024\/09\/Marcela-Cubillos-Universidad-San-Sebastian-1024x576.webp",1024,576,true],"darknews-large":["https:\/\/www.koncevisiontv.cl\/web\/wp-content\/uploads\/2024\/09\/Marcela-Cubillos-Universidad-San-Sebastian-825x575.webp",825,575,true],"darknews-medium":["https:\/\/www.koncevisiontv.cl\/web\/wp-content\/uploads\/2024\/09\/Marcela-Cubillos-Universidad-San-Sebastian-590x410.webp",590,410,true]},"author_info":{"info":["Web-Master"]},"category_info":"<a href=\"https:\/\/www.koncevisiontv.cl\/web\/category\/bio-bio\/\" rel=\"category tag\">Bio-B\u00edo<\/a>","tag_info":"Bio-B\u00edo","comment_count":"0","uagb_featured_image_src":{"full":["https:\/\/www.koncevisiontv.cl\/web\/wp-content\/uploads\/2024\/09\/Marcela-Cubillos-Universidad-San-Sebastian.webp",1920,1080,false],"thumbnail":["https:\/\/www.koncevisiontv.cl\/web\/wp-content\/uploads\/2024\/09\/Marcela-Cubillos-Universidad-San-Sebastian-150x150.webp",150,150,true],"medium":["https:\/\/www.koncevisiontv.cl\/web\/wp-content\/uploads\/2024\/09\/Marcela-Cubillos-Universidad-San-Sebastian-300x169.webp",300,169,true],"medium_large":["https:\/\/www.koncevisiontv.cl\/web\/wp-content\/uploads\/2024\/09\/Marcela-Cubillos-Universidad-San-Sebastian-768x432.webp",640,360,true],"large":["https:\/\/www.koncevisiontv.cl\/web\/wp-content\/uploads\/2024\/09\/Marcela-Cubillos-Universidad-San-Sebastian-1024x576.webp",640,360,true],"1536x1536":["https:\/\/www.koncevisiontv.cl\/web\/wp-content\/uploads\/2024\/09\/Marcela-Cubillos-Universidad-San-Sebastian-1536x864.webp",1536,864,true],"2048x2048":["https:\/\/www.koncevisiontv.cl\/web\/wp-content\/uploads\/2024\/09\/Marcela-Cubillos-Universidad-San-Sebastian.webp",1920,1080,false],"darknews-featured":["https:\/\/www.koncevisiontv.cl\/web\/wp-content\/uploads\/2024\/09\/Marcela-Cubillos-Universidad-San-Sebastian-1024x576.webp",1024,576,true],"darknews-large":["https:\/\/www.koncevisiontv.cl\/web\/wp-content\/uploads\/2024\/09\/Marcela-Cubillos-Universidad-San-Sebastian-825x575.webp",825,575,true],"darknews-medium":["https:\/\/www.koncevisiontv.cl\/web\/wp-content\/uploads\/2024\/09\/Marcela-Cubillos-Universidad-San-Sebastian-590x410.webp",590,410,true]},"uagb_author_info":{"display_name":"Web-Master","author_link":"https:\/\/www.koncevisiontv.cl\/web\/author\/koncevision\/"},"uagb_comment_info":0,"uagb_excerpt":"La exministra Marcela Cubillos ha salido en defensa de su sueldo como docente de la Universidad Aut\u00f3noma, tras","_links":{"self":[{"href":"https:\/\/www.koncevisiontv.cl\/web\/wp-json\/wp\/v2\/posts\/2147","targetHints":{"allow":["GET"]}}],"collection":[{"href":"https:\/\/www.koncevisiontv.cl\/web\/wp-json\/wp\/v2\/posts"}],"about":[{"href":"https:\/\/www.koncevisiontv.cl\/web\/wp-json\/wp\/v2\/types\/post"}],"author":[{"embeddable":true,"href":"https:\/\/www.koncevisiontv.cl\/web\/wp-json\/wp\/v2\/users\/5"}],"replies":[{"embeddable":true,"href":"https:\/\/www.koncevisiontv.cl\/web\/wp-json\/wp\/v2\/comments?post=2147"}],"version-history":[{"count":3,"href":"https:\/\/www.koncevisiontv.cl\/web\/wp-json\/wp\/v2\/posts\/2147\/revisions"}],"predecessor-version":[{"id":2154,"href":"https:\/\/www.koncevisiontv.cl\/web\/wp-json\/wp\/v2\/posts\/2147\/revisions\/2154"}],"wp:featuredmedia":[{"embeddable":true,"href":"https:\/\/www.koncevisiontv.cl\/web\/wp-json\/wp\/v2\/media\/2148"}],"wp:attachment":[{"href":"https:\/\/www.koncevisiontv.cl\/web\/wp-json\/wp\/v2\/media?parent=2147"}],"wp:term":[{"taxonomy":"category","embeddable":true,"href":"https:\/\/www.koncevisiontv.cl\/web\/wp-json\/wp\/v2\/categories?post=2147"},{"taxonomy":"post_tag","embeddable":true,"href":"https:\/\/www.koncevisiontv.cl\/web\/wp-json\/wp\/v2\/tags?post=2147"}],"curies":[{"name":"wp","href":"https:\/\/api.w.org\/{rel}","templated":true}]}}