{"id":2155,"date":"2024-09-24T12:36:13","date_gmt":"2024-09-24T15:36:13","guid":{"rendered":"https:\/\/www.koncevisiontv.cl\/web\/?p=2155"},"modified":"2024-09-24T12:48:26","modified_gmt":"2024-09-24T15:48:26","slug":"padre-denuncia-discriminacion-en-colegio-de-hualpen-hacia-su-hijo-con-tea","status":"publish","type":"post","link":"https:\/\/www.koncevisiontv.cl\/web\/padre-denuncia-discriminacion-en-colegio-de-hualpen-hacia-su-hijo-con-tea\/","title":{"rendered":"Padre denuncia discriminaci\u00f3n en colegio de Hualp\u00e9n hacia su hijo con TEA"},"content":{"rendered":"\n<p class=\"wp-block-paragraph\"><\/p>\n\n\n\n<div class=\"wp-block-uagb-image uagb-block-fe50de67 wp-block-uagb-image--layout-default wp-block-uagb-image--effect-static wp-block-uagb-image--align-none\"><figure class=\"wp-block-uagb-image__figure\"><img decoding=\"async\" srcset=\"https:\/\/www.koncevisiontv.cl\/web\/wp-content\/uploads\/2024\/09\/SSCC-1024x383.jpg ,https:\/\/www.koncevisiontv.cl\/web\/wp-content\/uploads\/2024\/09\/SSCC-scaled.jpg 780w, https:\/\/www.koncevisiontv.cl\/web\/wp-content\/uploads\/2024\/09\/SSCC-scaled.jpg 360w\" sizes=\"auto, (max-width: 480px) 150px\" src=\"https:\/\/www.koncevisiontv.cl\/web\/wp-content\/uploads\/2024\/09\/SSCC-1024x383.jpg\" alt=\"\" class=\"uag-image-2156\" width=\"3307\" height=\"1237\" title=\"SSCC\" loading=\"lazy\" role=\"img\"><figcaption class=\"uagb-image-caption\">Discriminaci\u00f3n en Colegio SSCC Hualp\u00e9n<\/figcaption><\/figure><\/div>\n\n\n\n<p class=\"wp-block-paragraph\"><\/p>\n\n\n\n<p class=\"wp-block-paragraph\"><\/p>\n\n\n\n<p class=\"wp-block-paragraph\">Un apoderado ha presentado un recurso legal contra el Colegio Sagrados Corazones (SS.CC.) de Hualp\u00e9n, acusando discriminaci\u00f3n hacia su hijo, un ni\u00f1o con Trastorno del Espectro Autista (TEA). Seg\u00fan el padre, la instituci\u00f3n no ha brindado el apoyo adecuado a su hijo, vulnerando sus derechos y limitando su acceso a una educaci\u00f3n inclusiva. La familia denuncia que, a pesar de reiteradas solicitudes, el colegio no ha implementado los ajustes necesarios para asegurar el bienestar del ni\u00f1o dentro del aula.<\/p>\n\n\n\n<h3 class=\"wp-block-heading\"><strong>Alegaciones de discriminaci\u00f3n y falta de apoyo<\/strong><\/h3>\n\n\n\n<p class=\"wp-block-paragraph\">El conflicto se origin\u00f3 cuando el padre not\u00f3 que su hijo no recib\u00eda las adaptaciones curriculares ni el apoyo especializado que requiere un ni\u00f1o con TEA. A ra\u00edz de esta situaci\u00f3n, el apoderado decidi\u00f3 acudir a la justicia para proteger los derechos de su hijo y exponer la falta de respuesta del colegio ante sus reclamos. La denuncia apunta a que la escuela ha vulnerado la Ley de Inclusi\u00f3n, la cual garantiza a todos los estudiantes el derecho a recibir una educaci\u00f3n adecuada a sus necesidades.<\/p>\n\n\n\n<p class=\"wp-block-paragraph\">El padre insiste en que su hijo ha sido tratado de manera diferente a sus compa\u00f1eros y que las medidas de apoyo pedag\u00f3gico han sido insuficientes para su progreso acad\u00e9mico y bienestar emocional. La denuncia ha generado un fuerte debate sobre la responsabilidad de los colegios en cumplir con las normativas de inclusi\u00f3n para estudiantes con discapacidades.<\/p>\n\n\n\n<div class=\"wp-block-blockspare-blockspare-iconset blockspare-cac14e75-06bb-4 blockspare-blocks\" blockspare-animation=\"\"><style>.blockspare-cac14e75-06bb-4 .blockspare-block-icon-wrapper{text-align:center;margin-top:30px;margin-right:0px;margin-bottom:30px;margin-left:0px}.blockspare-cac14e75-06bb-4 .blockspare-block-icon-wrapper .blockspare-block-icon{padding-top:30px;padding-right:30px;padding-bottom:30px;padding-left:30px;color:#fff;border-radius:50%}.blockspare-cac14e75-06bb-4 .blockspare-block-icon-wrapper .blockspare-block-icon::after{background-color:#8b249c;opacity:1}<\/style><div class=\"blockspare-block-icon-wrapper\"><div class=\"blockspare-block-icon blockspare-icon-size-small blockspare-icon-style2 blockspare-hover-item\"><i class=\"fas fa-rocket\"><\/i><\/div><\/div><\/div>\n","protected":false},"excerpt":{"rendered":"<p>Un apoderado ha presentado un recurso legal contra el Colegio Sagrados Corazones (SS.CC.) de Hualp\u00e9n, acusando discriminaci\u00f3n hacia<\/p>\n","protected":false},"author":5,"featured_media":2156,"comment_status":"open","ping_status":"open","sticky":false,"template":"","format":"standard","meta":{"_crdt_document":"","_uag_custom_page_level_css":"","_sitemap_exclude":false,"_sitemap_priority":"","_sitemap_frequency":"","_joinchat":[],"footnotes":""},"categories":[226,14],"tags":[],"class_list":["post-2155","post","type-post","status-publish","format-standard","has-post-thumbnail","hentry","category-concepcion","category-nacional"],"featured_image_urls":{"full":["https:\/\/www.koncevisiontv.cl\/web\/wp-content\/uploads\/2024\/09\/SSCC-scaled.jpg",2560,958,false],"thumbnail":["https:\/\/www.koncevisiontv.cl\/web\/wp-content\/uploads\/2024\/09\/SSCC-150x150.jpg",150,150,true],"medium":["https:\/\/www.koncevisiontv.cl\/web\/wp-content\/uploads\/2024\/09\/SSCC-300x112.jpg",300,112,true],"medium_large":["https:\/\/www.koncevisiontv.cl\/web\/wp-content\/uploads\/2024\/09\/SSCC-768x287.jpg",640,239,true],"large":["https:\/\/www.koncevisiontv.cl\/web\/wp-content\/uploads\/2024\/09\/SSCC-1024x383.jpg",640,239,true],"1536x1536":["https:\/\/www.koncevisiontv.cl\/web\/wp-content\/uploads\/2024\/09\/SSCC-1536x575.jpg",1536,575,true],"2048x2048":["https:\/\/www.koncevisiontv.cl\/web\/wp-content\/uploads\/2024\/09\/SSCC-2048x766.jpg",2048,766,true],"darknews-featured":["https:\/\/www.koncevisiontv.cl\/web\/wp-content\/uploads\/2024\/09\/SSCC-1024x383.jpg",1024,383,true],"darknews-large":["https:\/\/www.koncevisiontv.cl\/web\/wp-content\/uploads\/2024\/09\/SSCC-825x575.jpg",825,575,true],"darknews-medium":["https:\/\/www.koncevisiontv.cl\/web\/wp-content\/uploads\/2024\/09\/SSCC-590x410.jpg",590,410,true]},"author_info":{"info":["Web-Master"]},"category_info":"<a href=\"https:\/\/www.koncevisiontv.cl\/web\/category\/concepcion\/\" rel=\"category tag\">Concepcion<\/a> <a href=\"https:\/\/www.koncevisiontv.cl\/web\/category\/nacional\/\" rel=\"category tag\">Nacional<\/a>","tag_info":"Nacional","comment_count":"0","uagb_featured_image_src":{"full":["https:\/\/www.koncevisiontv.cl\/web\/wp-content\/uploads\/2024\/09\/SSCC-scaled.jpg",2560,958,false],"thumbnail":["https:\/\/www.koncevisiontv.cl\/web\/wp-content\/uploads\/2024\/09\/SSCC-150x150.jpg",150,150,true],"medium":["https:\/\/www.koncevisiontv.cl\/web\/wp-content\/uploads\/2024\/09\/SSCC-300x112.jpg",300,112,true],"medium_large":["https:\/\/www.koncevisiontv.cl\/web\/wp-content\/uploads\/2024\/09\/SSCC-768x287.jpg",640,239,true],"large":["https:\/\/www.koncevisiontv.cl\/web\/wp-content\/uploads\/2024\/09\/SSCC-1024x383.jpg",640,239,true],"1536x1536":["https:\/\/www.koncevisiontv.cl\/web\/wp-content\/uploads\/2024\/09\/SSCC-1536x575.jpg",1536,575,true],"2048x2048":["https:\/\/www.koncevisiontv.cl\/web\/wp-content\/uploads\/2024\/09\/SSCC-2048x766.jpg",2048,766,true],"darknews-featured":["https:\/\/www.koncevisiontv.cl\/web\/wp-content\/uploads\/2024\/09\/SSCC-1024x383.jpg",1024,383,true],"darknews-large":["https:\/\/www.koncevisiontv.cl\/web\/wp-content\/uploads\/2024\/09\/SSCC-825x575.jpg",825,575,true],"darknews-medium":["https:\/\/www.koncevisiontv.cl\/web\/wp-content\/uploads\/2024\/09\/SSCC-590x410.jpg",590,410,true]},"uagb_author_info":{"display_name":"Web-Master","author_link":"https:\/\/www.koncevisiontv.cl\/web\/author\/koncevision\/"},"uagb_comment_info":0,"uagb_excerpt":"Un apoderado ha presentado un recurso legal contra el Colegio Sagrados Corazones (SS.CC.) de Hualp\u00e9n, acusando discriminaci\u00f3n hacia","_links":{"self":[{"href":"https:\/\/www.koncevisiontv.cl\/web\/wp-json\/wp\/v2\/posts\/2155","targetHints":{"allow":["GET"]}}],"collection":[{"href":"https:\/\/www.koncevisiontv.cl\/web\/wp-json\/wp\/v2\/posts"}],"about":[{"href":"https:\/\/www.koncevisiontv.cl\/web\/wp-json\/wp\/v2\/types\/post"}],"author":[{"embeddable":true,"href":"https:\/\/www.koncevisiontv.cl\/web\/wp-json\/wp\/v2\/users\/5"}],"replies":[{"embeddable":true,"href":"https:\/\/www.koncevisiontv.cl\/web\/wp-json\/wp\/v2\/comments?post=2155"}],"version-history":[{"count":2,"href":"https:\/\/www.koncevisiontv.cl\/web\/wp-json\/wp\/v2\/posts\/2155\/revisions"}],"predecessor-version":[{"id":2159,"href":"https:\/\/www.koncevisiontv.cl\/web\/wp-json\/wp\/v2\/posts\/2155\/revisions\/2159"}],"wp:featuredmedia":[{"embeddable":true,"href":"https:\/\/www.koncevisiontv.cl\/web\/wp-json\/wp\/v2\/media\/2156"}],"wp:attachment":[{"href":"https:\/\/www.koncevisiontv.cl\/web\/wp-json\/wp\/v2\/media?parent=2155"}],"wp:term":[{"taxonomy":"category","embeddable":true,"href":"https:\/\/www.koncevisiontv.cl\/web\/wp-json\/wp\/v2\/categories?post=2155"},{"taxonomy":"post_tag","embeddable":true,"href":"https:\/\/www.koncevisiontv.cl\/web\/wp-json\/wp\/v2\/tags?post=2155"}],"curies":[{"name":"wp","href":"https:\/\/api.w.org\/{rel}","templated":true}]}}