{"id":2160,"date":"2024-09-24T12:59:38","date_gmt":"2024-09-24T15:59:38","guid":{"rendered":"https:\/\/www.koncevisiontv.cl\/web\/?p=2160"},"modified":"2024-09-24T12:59:40","modified_gmt":"2024-09-24T15:59:40","slug":"licitacion-del-tren-a-lota-avanza-un-proyecto-que-cambiara-la-conectividad-en-el-biobio","status":"publish","type":"post","link":"https:\/\/www.koncevisiontv.cl\/web\/licitacion-del-tren-a-lota-avanza-un-proyecto-que-cambiara-la-conectividad-en-el-biobio\/","title":{"rendered":"Licitaci\u00f3n del tren a Lota avanza: un proyecto que cambiar\u00e1 la conectividad en el Biob\u00edo"},"content":{"rendered":"\n<div class=\"wp-block-uagb-image uagb-block-33b2e244 wp-block-uagb-image--layout-default wp-block-uagb-image--effect-static wp-block-uagb-image--align-none\"><figure class=\"wp-block-uagb-image__figure\"><img decoding=\"async\" srcset=\"https:\/\/www.koncevisiontv.cl\/web\/wp-content\/uploads\/2024\/09\/LOTa-1024x683.jpg ,https:\/\/www.koncevisiontv.cl\/web\/wp-content\/uploads\/2024\/09\/LOTa-scaled.jpg 780w, https:\/\/www.koncevisiontv.cl\/web\/wp-content\/uploads\/2024\/09\/LOTa-scaled.jpg 360w\" sizes=\"auto, (max-width: 480px) 150px\" src=\"https:\/\/www.koncevisiontv.cl\/web\/wp-content\/uploads\/2024\/09\/LOTa-1024x683.jpg\" alt=\"Posible Tren a lota\" class=\"uag-image-2163\" width=\"1024\" height=\"683\" title=\"LOTa\" loading=\"lazy\" role=\"img\"\/><figcaption class=\"uagb-image-caption\">Licitaci\u00f3n del tren a Lota avanza<\/figcaption><\/figure><\/div>\n\n\n\n<p class=\"wp-block-paragraph\">El proyecto del tren a Lota, un anhelo largamente esperado por la comuna, avanza con el reciente llamado a licitaci\u00f3n para el desarrollo de la ingenier\u00eda de detalle y el estudio de impacto ambiental. El 1 de septiembre, la Empresa de Ferrocarriles del Estado (EFE) inici\u00f3 formalmente el proceso, marcando un hito crucial en esta iniciativa que busca mejorar la conectividad de la regi\u00f3n del Biob\u00edo.<\/p>\n\n\n\n<p class=\"wp-block-paragraph\">Con una inversi\u00f3n de 155 millones de d\u00f3lares, el tren a Lota promete beneficiar a miles de habitantes que, tras el cierre de las minas de carb\u00f3n, vieron c\u00f3mo la comuna se debilitaba en varios aspectos, incluyendo su v\u00ednculo con otras localidades. Adem\u00e1s, este proyecto forma parte de un plan mayor que incluye la extensi\u00f3n de la l\u00ednea 2 del Biotr\u00e9n, que contempla ampliaciones en los andenes y mejoras en la infraestructura el\u00e9ctrica.<\/p>\n\n\n\n<h3 class=\"wp-block-heading\"><strong>Una inversi\u00f3n estrat\u00e9gica para el desarrollo regional<\/strong><\/h3>\n\n\n\n<p class=\"wp-block-paragraph\">Este proyecto no solo beneficiar\u00e1 a la comuna de Lota, sino que tambi\u00e9n mejorar\u00e1 significativamente la movilidad entre Concepci\u00f3n y Coronel, impulsando el desarrollo econ\u00f3mico y social en la regi\u00f3n. La inversi\u00f3n de EFE es parte de un plan de 1.000 millones de d\u00f3lares que se destinar\u00e1 a ampliar y mejorar la capacidad del sistema ferroviario del Biotr\u00e9n.<\/p>\n\n\n\n<p class=\"wp-block-paragraph\">Con la licitaci\u00f3n en curso para los 9 kil\u00f3metros de v\u00edas f\u00e9rreas que conectar\u00e1n Lota con el Biotr\u00e9n, la construcci\u00f3n de nuevos cruces ferroviarios, la mejora de puentes y viaductos, y la instalaci\u00f3n de una nueva subestaci\u00f3n el\u00e9ctrica, el proyecto est\u00e1 cada vez m\u00e1s cerca de ser una realidad.<\/p>\n","protected":false},"excerpt":{"rendered":"<p>El proyecto del tren a Lota, un anhelo largamente esperado por la comuna, avanza con el reciente llamado<\/p>\n","protected":false},"author":5,"featured_media":2163,"comment_status":"open","ping_status":"open","sticky":false,"template":"","format":"standard","meta":{"_crdt_document":"","_uag_custom_page_level_css":"","_sitemap_exclude":false,"_sitemap_priority":"","_sitemap_frequency":"","_joinchat":[],"footnotes":""},"categories":[14],"tags":[],"class_list":["post-2160","post","type-post","status-publish","format-standard","has-post-thumbnail","hentry","category-nacional"],"featured_image_urls":{"full":["https:\/\/www.koncevisiontv.cl\/web\/wp-content\/uploads\/2024\/09\/LOTa-scaled.jpg",2560,1707,false],"thumbnail":["https:\/\/www.koncevisiontv.cl\/web\/wp-content\/uploads\/2024\/09\/LOTa-150x150.jpg",150,150,true],"medium":["https:\/\/www.koncevisiontv.cl\/web\/wp-content\/uploads\/2024\/09\/LOTa-300x200.jpg",300,200,true],"medium_large":["https:\/\/www.koncevisiontv.cl\/web\/wp-content\/uploads\/2024\/09\/LOTa-768x512.jpg",640,427,true],"large":["https:\/\/www.koncevisiontv.cl\/web\/wp-content\/uploads\/2024\/09\/LOTa-1024x683.jpg",640,427,true],"1536x1536":["https:\/\/www.koncevisiontv.cl\/web\/wp-content\/uploads\/2024\/09\/LOTa-1536x1024.jpg",1536,1024,true],"2048x2048":["https:\/\/www.koncevisiontv.cl\/web\/wp-content\/uploads\/2024\/09\/LOTa-2048x1365.jpg",2048,1365,true],"darknews-featured":["https:\/\/www.koncevisiontv.cl\/web\/wp-content\/uploads\/2024\/09\/LOTa-1024x683.jpg",1024,683,true],"darknews-large":["https:\/\/www.koncevisiontv.cl\/web\/wp-content\/uploads\/2024\/09\/LOTa-825x575.jpg",825,575,true],"darknews-medium":["https:\/\/www.koncevisiontv.cl\/web\/wp-content\/uploads\/2024\/09\/LOTa-590x410.jpg",590,410,true]},"author_info":{"info":["Web-Master"]},"category_info":"<a href=\"https:\/\/www.koncevisiontv.cl\/web\/category\/nacional\/\" rel=\"category tag\">Nacional<\/a>","tag_info":"Nacional","comment_count":"0","uagb_featured_image_src":{"full":["https:\/\/www.koncevisiontv.cl\/web\/wp-content\/uploads\/2024\/09\/LOTa-scaled.jpg",2560,1707,false],"thumbnail":["https:\/\/www.koncevisiontv.cl\/web\/wp-content\/uploads\/2024\/09\/LOTa-150x150.jpg",150,150,true],"medium":["https:\/\/www.koncevisiontv.cl\/web\/wp-content\/uploads\/2024\/09\/LOTa-300x200.jpg",300,200,true],"medium_large":["https:\/\/www.koncevisiontv.cl\/web\/wp-content\/uploads\/2024\/09\/LOTa-768x512.jpg",640,427,true],"large":["https:\/\/www.koncevisiontv.cl\/web\/wp-content\/uploads\/2024\/09\/LOTa-1024x683.jpg",640,427,true],"1536x1536":["https:\/\/www.koncevisiontv.cl\/web\/wp-content\/uploads\/2024\/09\/LOTa-1536x1024.jpg",1536,1024,true],"2048x2048":["https:\/\/www.koncevisiontv.cl\/web\/wp-content\/uploads\/2024\/09\/LOTa-2048x1365.jpg",2048,1365,true],"darknews-featured":["https:\/\/www.koncevisiontv.cl\/web\/wp-content\/uploads\/2024\/09\/LOTa-1024x683.jpg",1024,683,true],"darknews-large":["https:\/\/www.koncevisiontv.cl\/web\/wp-content\/uploads\/2024\/09\/LOTa-825x575.jpg",825,575,true],"darknews-medium":["https:\/\/www.koncevisiontv.cl\/web\/wp-content\/uploads\/2024\/09\/LOTa-590x410.jpg",590,410,true]},"uagb_author_info":{"display_name":"Web-Master","author_link":"https:\/\/www.koncevisiontv.cl\/web\/author\/koncevision\/"},"uagb_comment_info":0,"uagb_excerpt":"El proyecto del tren a Lota, un anhelo largamente esperado por la comuna, avanza con el reciente llamado","_links":{"self":[{"href":"https:\/\/www.koncevisiontv.cl\/web\/wp-json\/wp\/v2\/posts\/2160","targetHints":{"allow":["GET"]}}],"collection":[{"href":"https:\/\/www.koncevisiontv.cl\/web\/wp-json\/wp\/v2\/posts"}],"about":[{"href":"https:\/\/www.koncevisiontv.cl\/web\/wp-json\/wp\/v2\/types\/post"}],"author":[{"embeddable":true,"href":"https:\/\/www.koncevisiontv.cl\/web\/wp-json\/wp\/v2\/users\/5"}],"replies":[{"embeddable":true,"href":"https:\/\/www.koncevisiontv.cl\/web\/wp-json\/wp\/v2\/comments?post=2160"}],"version-history":[{"count":2,"href":"https:\/\/www.koncevisiontv.cl\/web\/wp-json\/wp\/v2\/posts\/2160\/revisions"}],"predecessor-version":[{"id":2164,"href":"https:\/\/www.koncevisiontv.cl\/web\/wp-json\/wp\/v2\/posts\/2160\/revisions\/2164"}],"wp:featuredmedia":[{"embeddable":true,"href":"https:\/\/www.koncevisiontv.cl\/web\/wp-json\/wp\/v2\/media\/2163"}],"wp:attachment":[{"href":"https:\/\/www.koncevisiontv.cl\/web\/wp-json\/wp\/v2\/media?parent=2160"}],"wp:term":[{"taxonomy":"category","embeddable":true,"href":"https:\/\/www.koncevisiontv.cl\/web\/wp-json\/wp\/v2\/categories?post=2160"},{"taxonomy":"post_tag","embeddable":true,"href":"https:\/\/www.koncevisiontv.cl\/web\/wp-json\/wp\/v2\/tags?post=2160"}],"curies":[{"name":"wp","href":"https:\/\/api.w.org\/{rel}","templated":true}]}}