{"id":2177,"date":"2024-09-25T14:28:49","date_gmt":"2024-09-25T17:28:49","guid":{"rendered":"https:\/\/www.koncevisiontv.cl\/web\/?p=2177"},"modified":"2024-09-25T14:28:51","modified_gmt":"2024-09-25T17:28:51","slug":"pdi-detiene-a-un-sujeto-por-presunto-secuestro-de-una-familia-colombiana-en-puente-alto","status":"publish","type":"post","link":"https:\/\/www.koncevisiontv.cl\/web\/pdi-detiene-a-un-sujeto-por-presunto-secuestro-de-una-familia-colombiana-en-puente-alto\/","title":{"rendered":"PDI detiene a un sujeto por presunto secuestro de una familia colombiana en Puente Alto"},"content":{"rendered":"\n<div class=\"wp-block-uagb-image uagb-block-50a107f7 wp-block-uagb-image--layout-default wp-block-uagb-image--effect-static wp-block-uagb-image--align-none\"><figure class=\"wp-block-uagb-image__figure\"><img decoding=\"async\" srcset=\"https:\/\/www.koncevisiontv.cl\/web\/wp-content\/uploads\/2024\/09\/WhatsApp-Image-2024-08-13-at-08.45.24-1.jpeg ,https:\/\/www.koncevisiontv.cl\/web\/wp-content\/uploads\/2024\/09\/WhatsApp-Image-2024-08-13-at-08.45.24-1.jpeg 780w, https:\/\/www.koncevisiontv.cl\/web\/wp-content\/uploads\/2024\/09\/WhatsApp-Image-2024-08-13-at-08.45.24-1.jpeg 360w\" sizes=\"auto, (max-width: 480px) 150px\" src=\"https:\/\/www.koncevisiontv.cl\/web\/wp-content\/uploads\/2024\/09\/WhatsApp-Image-2024-08-13-at-08.45.24-1.jpeg\" alt=\"Detienen a Asesino\" class=\"uag-image-2178\" width=\"960\" height=\"502\" title=\"WhatsApp Image 2024-08-13 at 08.45.24 (1)\" loading=\"lazy\" role=\"img\"\/><figcaption class=\"uagb-image-caption\">PDI detiene a sujeto por secuestro de una familia colombiana en Puente Alto<\/figcaption><\/figure><\/div>\n\n\n\n<p class=\"wp-block-paragraph\"><\/p>\n\n\n\n<p class=\"wp-block-paragraph\">La Polic\u00eda de Investigaciones (PDI) detuvo a un hombre extranjero acusado de secuestrar a una familia colombiana en Puente Alto. El caso involucra a un matrimonio y su hijo, quienes habr\u00edan sido retenidos contra su voluntad. En el operativo, la PDI incaut\u00f3 un arma de fuego, municiones y un veh\u00edculo con encargo por robo. La situaci\u00f3n est\u00e1 siendo investigada por la Brigada Antisecuestros de la PDI, mientras contin\u00faan las diligencias para esclarecer los hechos y determinar la participaci\u00f3n de otros involucrados en el caso.<\/p>\n\n\n\n<h3 class=\"wp-block-heading\"><strong>Detalles del operativo y contexto del secuestro<\/strong><\/h3>\n\n\n\n<p class=\"wp-block-paragraph\">La detenci\u00f3n se realiz\u00f3 en el marco de una investigaci\u00f3n m\u00e1s amplia que involucra a redes de criminalidad organizada. Las autoridades detallaron que el secuestro ocurri\u00f3 en el contexto de un posible ajuste de cuentas o conflicto entre bandas rivales. El detenido se encuentra en custodia, mientras se recopilan m\u00e1s pruebas que permitan dar con otros involucrados y esclarecer las circunstancias exactas del delito.<\/p>\n\n\n\n<p class=\"wp-block-paragraph\">Este hecho ha generado preocupaci\u00f3n en la comunidad de Puente Alto, ya que se suma a otros casos de secuestros que han afectado a la regi\u00f3n en los \u00faltimos meses.<\/p>\n","protected":false},"excerpt":{"rendered":"<p>La Polic\u00eda de Investigaciones (PDI) detuvo a un hombre extranjero acusado de secuestrar a una familia colombiana en<\/p>\n","protected":false},"author":5,"featured_media":2178,"comment_status":"open","ping_status":"open","sticky":false,"template":"","format":"standard","meta":{"_crdt_document":"","_uag_custom_page_level_css":"","_sitemap_exclude":false,"_sitemap_priority":"","_sitemap_frequency":"","_joinchat":[],"footnotes":""},"categories":[8],"tags":[],"class_list":["post-2177","post","type-post","status-publish","format-standard","has-post-thumbnail","hentry","category-sin-censura"],"featured_image_urls":{"full":["https:\/\/www.koncevisiontv.cl\/web\/wp-content\/uploads\/2024\/09\/WhatsApp-Image-2024-08-13-at-08.45.24-1.jpeg",960,502,false],"thumbnail":["https:\/\/www.koncevisiontv.cl\/web\/wp-content\/uploads\/2024\/09\/WhatsApp-Image-2024-08-13-at-08.45.24-1-150x150.jpeg",150,150,true],"medium":["https:\/\/www.koncevisiontv.cl\/web\/wp-content\/uploads\/2024\/09\/WhatsApp-Image-2024-08-13-at-08.45.24-1-300x157.jpeg",300,157,true],"medium_large":["https:\/\/www.koncevisiontv.cl\/web\/wp-content\/uploads\/2024\/09\/WhatsApp-Image-2024-08-13-at-08.45.24-1-768x402.jpeg",640,335,true],"large":["https:\/\/www.koncevisiontv.cl\/web\/wp-content\/uploads\/2024\/09\/WhatsApp-Image-2024-08-13-at-08.45.24-1.jpeg",640,335,false],"1536x1536":["https:\/\/www.koncevisiontv.cl\/web\/wp-content\/uploads\/2024\/09\/WhatsApp-Image-2024-08-13-at-08.45.24-1.jpeg",960,502,false],"2048x2048":["https:\/\/www.koncevisiontv.cl\/web\/wp-content\/uploads\/2024\/09\/WhatsApp-Image-2024-08-13-at-08.45.24-1.jpeg",960,502,false],"darknews-featured":["https:\/\/www.koncevisiontv.cl\/web\/wp-content\/uploads\/2024\/09\/WhatsApp-Image-2024-08-13-at-08.45.24-1.jpeg",960,502,false],"darknews-large":["https:\/\/www.koncevisiontv.cl\/web\/wp-content\/uploads\/2024\/09\/WhatsApp-Image-2024-08-13-at-08.45.24-1-825x502.jpeg",825,502,true],"darknews-medium":["https:\/\/www.koncevisiontv.cl\/web\/wp-content\/uploads\/2024\/09\/WhatsApp-Image-2024-08-13-at-08.45.24-1-590x410.jpeg",590,410,true]},"author_info":{"info":["Web-Master"]},"category_info":"<a href=\"https:\/\/www.koncevisiontv.cl\/web\/category\/sin-censura\/\" rel=\"category tag\">Sin Censura<\/a>","tag_info":"Sin Censura","comment_count":"0","uagb_featured_image_src":{"full":["https:\/\/www.koncevisiontv.cl\/web\/wp-content\/uploads\/2024\/09\/WhatsApp-Image-2024-08-13-at-08.45.24-1.jpeg",960,502,false],"thumbnail":["https:\/\/www.koncevisiontv.cl\/web\/wp-content\/uploads\/2024\/09\/WhatsApp-Image-2024-08-13-at-08.45.24-1-150x150.jpeg",150,150,true],"medium":["https:\/\/www.koncevisiontv.cl\/web\/wp-content\/uploads\/2024\/09\/WhatsApp-Image-2024-08-13-at-08.45.24-1-300x157.jpeg",300,157,true],"medium_large":["https:\/\/www.koncevisiontv.cl\/web\/wp-content\/uploads\/2024\/09\/WhatsApp-Image-2024-08-13-at-08.45.24-1-768x402.jpeg",640,335,true],"large":["https:\/\/www.koncevisiontv.cl\/web\/wp-content\/uploads\/2024\/09\/WhatsApp-Image-2024-08-13-at-08.45.24-1.jpeg",640,335,false],"1536x1536":["https:\/\/www.koncevisiontv.cl\/web\/wp-content\/uploads\/2024\/09\/WhatsApp-Image-2024-08-13-at-08.45.24-1.jpeg",960,502,false],"2048x2048":["https:\/\/www.koncevisiontv.cl\/web\/wp-content\/uploads\/2024\/09\/WhatsApp-Image-2024-08-13-at-08.45.24-1.jpeg",960,502,false],"darknews-featured":["https:\/\/www.koncevisiontv.cl\/web\/wp-content\/uploads\/2024\/09\/WhatsApp-Image-2024-08-13-at-08.45.24-1.jpeg",960,502,false],"darknews-large":["https:\/\/www.koncevisiontv.cl\/web\/wp-content\/uploads\/2024\/09\/WhatsApp-Image-2024-08-13-at-08.45.24-1-825x502.jpeg",825,502,true],"darknews-medium":["https:\/\/www.koncevisiontv.cl\/web\/wp-content\/uploads\/2024\/09\/WhatsApp-Image-2024-08-13-at-08.45.24-1-590x410.jpeg",590,410,true]},"uagb_author_info":{"display_name":"Web-Master","author_link":"https:\/\/www.koncevisiontv.cl\/web\/author\/koncevision\/"},"uagb_comment_info":0,"uagb_excerpt":"La Polic\u00eda de Investigaciones (PDI) detuvo a un hombre extranjero acusado de secuestrar a una familia colombiana en","_links":{"self":[{"href":"https:\/\/www.koncevisiontv.cl\/web\/wp-json\/wp\/v2\/posts\/2177","targetHints":{"allow":["GET"]}}],"collection":[{"href":"https:\/\/www.koncevisiontv.cl\/web\/wp-json\/wp\/v2\/posts"}],"about":[{"href":"https:\/\/www.koncevisiontv.cl\/web\/wp-json\/wp\/v2\/types\/post"}],"author":[{"embeddable":true,"href":"https:\/\/www.koncevisiontv.cl\/web\/wp-json\/wp\/v2\/users\/5"}],"replies":[{"embeddable":true,"href":"https:\/\/www.koncevisiontv.cl\/web\/wp-json\/wp\/v2\/comments?post=2177"}],"version-history":[{"count":2,"href":"https:\/\/www.koncevisiontv.cl\/web\/wp-json\/wp\/v2\/posts\/2177\/revisions"}],"predecessor-version":[{"id":2180,"href":"https:\/\/www.koncevisiontv.cl\/web\/wp-json\/wp\/v2\/posts\/2177\/revisions\/2180"}],"wp:featuredmedia":[{"embeddable":true,"href":"https:\/\/www.koncevisiontv.cl\/web\/wp-json\/wp\/v2\/media\/2178"}],"wp:attachment":[{"href":"https:\/\/www.koncevisiontv.cl\/web\/wp-json\/wp\/v2\/media?parent=2177"}],"wp:term":[{"taxonomy":"category","embeddable":true,"href":"https:\/\/www.koncevisiontv.cl\/web\/wp-json\/wp\/v2\/categories?post=2177"},{"taxonomy":"post_tag","embeddable":true,"href":"https:\/\/www.koncevisiontv.cl\/web\/wp-json\/wp\/v2\/tags?post=2177"}],"curies":[{"name":"wp","href":"https:\/\/api.w.org\/{rel}","templated":true}]}}