{"id":2197,"date":"2024-09-25T16:17:28","date_gmt":"2024-09-25T19:17:28","guid":{"rendered":"https:\/\/www.koncevisiontv.cl\/web\/?p=2197"},"modified":"2024-09-25T16:22:10","modified_gmt":"2024-09-25T19:22:10","slug":"exministros-de-pinera-revelan-firme-mensaje-a-chadwick-durante-el-estallido-social","status":"publish","type":"post","link":"https:\/\/www.koncevisiontv.cl\/web\/exministros-de-pinera-revelan-firme-mensaje-a-chadwick-durante-el-estallido-social\/","title":{"rendered":"Exministros de Pi\u00f1era Revelan Firme Mensaje a Chadwick Durante el Estallido Social"},"content":{"rendered":"\n<div class=\"wp-block-uagb-image uagb-block-b70ed0bb wp-block-uagb-image--layout-default wp-block-uagb-image--effect-static wp-block-uagb-image--align-none\"><figure class=\"wp-block-uagb-image__figure\"><img decoding=\"async\" srcset=\"https:\/\/www.koncevisiontv.cl\/web\/wp-content\/uploads\/2024\/09\/4881-chadwick-1024x683.jpg ,https:\/\/www.koncevisiontv.cl\/web\/wp-content\/uploads\/2024\/09\/4881-chadwick.jpg 780w, https:\/\/www.koncevisiontv.cl\/web\/wp-content\/uploads\/2024\/09\/4881-chadwick.jpg 360w\" sizes=\"auto, (max-width: 480px) 150px\" src=\"https:\/\/www.koncevisiontv.cl\/web\/wp-content\/uploads\/2024\/09\/4881-chadwick-1024x683.jpg\" alt=\" Exministros de Pi\u00f1era Revelan Mensaje a Chadwick en el Estallido Social\" class=\"uag-image-2198\" width=\"1024\" height=\"683\" title=\" Exministros de Pi\u00f1era Revelan Mensaje a Chadwick en el Estallido Social\" loading=\"lazy\" role=\"img\"\/><figcaption class=\"uagb-image-caption\">Exministros de Pi\u00f1era Revelan Mensaje a Chadwick en el Estallido Social<\/figcaption><\/figure><\/div>\n\n\n\n<p class=\"wp-block-paragraph\"><\/p>\n\n\n\n<p class=\"wp-block-paragraph\">Una reciente revelaci\u00f3n ha sacado a la luz la arenga de exministros del gobierno de Sebasti\u00e1n Pi\u00f1era dirigida al entonces ministro del Interior, Andr\u00e9s Chadwick, en medio del estallido social de 2019. La frase, &#8220;estos cara de palo no se la pueden llevar gratis&#8221;, refleja el \u00e1nimo con el que el gobierno enfrent\u00f3 las protestas que sacudieron al pa\u00eds. Este hecho ha provocado una nueva ola de cr\u00edticas y an\u00e1lisis sobre las decisiones pol\u00edticas tomadas durante ese periodo de crisis.<\/p>\n\n\n\n<h3 class=\"wp-block-heading\"><strong>El Contexto del Estallido Social<\/strong><\/h3>\n\n\n\n<p class=\"wp-block-paragraph\">El estallido social de octubre de 2019 marc\u00f3 un antes y un despu\u00e9s en la historia pol\u00edtica reciente de Chile. Las manifestaciones masivas, que comenzaron como una protesta contra el alza de los precios del transporte p\u00fablico, r\u00e1pidamente se transformaron en un movimiento que exig\u00eda cambios estructurales en el pa\u00eds, desde el sistema de pensiones hasta la constituci\u00f3n pol\u00edtica. En este contexto, la administraci\u00f3n de Sebasti\u00e1n Pi\u00f1era enfrent\u00f3 uno de los momentos m\u00e1s cr\u00edticos de su mandato, con fuertes cr\u00edticas por su manejo de la crisis.<\/p>\n\n\n\n<h3 class=\"wp-block-heading\"><strong>Las Palabras de los Ministros<\/strong><\/h3>\n\n\n\n<p class=\"wp-block-paragraph\">La frase &#8220;estos cara de palo no se la pueden llevar gratis&#8221; fue parte de una arenga que exministros de Pi\u00f1era dirigieron a Andr\u00e9s Chadwick, quien estaba al mando del Ministerio del Interior durante los primeros d\u00edas del estallido. La revelaci\u00f3n de estas palabras ha generado reacciones diversas en la opini\u00f3n p\u00fablica, y ha reavivado el debate sobre el enfoque que tuvo el gobierno para manejar las demandas ciudadanas. Mientras algunos ven en esta declaraci\u00f3n una postura firme frente a la violencia, otros la interpretan como una se\u00f1al de la mano dura con la que el gobierno intent\u00f3 sofocar las protestas.<\/p>\n\n\n\n<h3 class=\"wp-block-heading\"><strong>El Rol de Andr\u00e9s Chadwick<\/strong><\/h3>\n\n\n\n<p class=\"wp-block-paragraph\">Andr\u00e9s Chadwick, en su calidad de ministro del Interior, fue uno de los funcionarios m\u00e1s visibles durante las primeras semanas del estallido social. Su rol fue clave en la implementaci\u00f3n de medidas de seguridad, como la declaraci\u00f3n de estado de emergencia y la salida de las fuerzas armadas a las calles, lo que gener\u00f3 controversia y cr\u00edticas por parte de organizaciones de derechos humanos. La revelaci\u00f3n de esta arenga, que subraya la presi\u00f3n interna que enfrentaba Chadwick, ha vuelto a poner en el centro del debate su papel en la crisis.<\/p>\n\n\n\n<h3 class=\"wp-block-heading\"><strong>Reacciones ante la Revelaci\u00f3n<\/strong><\/h3>\n\n\n\n<p class=\"wp-block-paragraph\">Diversos sectores pol\u00edticos y sociales han reaccionado ante esta nueva revelaci\u00f3n. Para algunos, las palabras de los exministros de Pi\u00f1era demuestran la desconexi\u00f3n que exist\u00eda entre el gobierno y las demandas ciudadanas. Otros, en cambio, consideran que la frase refleja la determinaci\u00f3n de la administraci\u00f3n por restablecer el orden p\u00fablico frente a lo que describen como &#8220;violencia descontrolada&#8221;. En cualquier caso, la frase &#8220;cara de palo&#8221; se ha convertido en un s\u00edmbolo del enfoque confrontacional que caracteriz\u00f3 la respuesta del gobierno a las protestas.<\/p>\n\n\n\n<h3 class=\"wp-block-heading\"><strong>Consecuencias para la Imagen del Gobierno de Pi\u00f1era<\/strong><\/h3>\n\n\n\n<p class=\"wp-block-paragraph\">A cuatro a\u00f1os del estallido social, la imagen del segundo gobierno de Sebasti\u00e1n Pi\u00f1era sigue siendo motivo de discusi\u00f3n. Si bien algunos valoran la estabilidad econ\u00f3mica que se mantuvo durante gran parte de su mandato, las cr\u00edticas sobre su manejo de la crisis social han dejado una marca indeleble. Esta nueva revelaci\u00f3n no hace m\u00e1s que profundizar las divisiones en torno a la figura de Pi\u00f1era y su equipo de gobierno.<\/p>\n\n\n\n<h3 class=\"wp-block-heading\"><strong>Conclusi\u00f3n<\/strong><\/h3>\n\n\n\n<p class=\"wp-block-paragraph\">La arenga revelada a Andr\u00e9s Chadwick por parte de los exministros de Sebasti\u00e1n Pi\u00f1era a\u00f1ade un nuevo cap\u00edtulo a la compleja narrativa del estallido social en Chile. En un contexto de creciente tensi\u00f3n social, las decisiones y palabras del gobierno de la \u00e9poca siguen generando an\u00e1lisis y controversia. La frase &#8220;estos cara de palo no se la pueden llevar gratis&#8221; no solo refleja el esp\u00edritu de aquellos d\u00edas, sino tambi\u00e9n la profunda polarizaci\u00f3n que a\u00fan persiste en la sociedad chilena.<\/p>\n","protected":false},"excerpt":{"rendered":"<p>Una reciente revelaci\u00f3n ha sacado a la luz la arenga de exministros del gobierno de Sebasti\u00e1n Pi\u00f1era dirigida<\/p>\n","protected":false},"author":5,"featured_media":2198,"comment_status":"open","ping_status":"open","sticky":false,"template":"","format":"standard","meta":{"_crdt_document":"","_uag_custom_page_level_css":"","_sitemap_exclude":false,"_sitemap_priority":"","_sitemap_frequency":"","_joinchat":[],"footnotes":""},"categories":[8],"tags":[],"class_list":["post-2197","post","type-post","status-publish","format-standard","has-post-thumbnail","hentry","category-sin-censura"],"featured_image_urls":{"full":["https:\/\/www.koncevisiontv.cl\/web\/wp-content\/uploads\/2024\/09\/4881-chadwick.jpg",1280,854,false],"thumbnail":["https:\/\/www.koncevisiontv.cl\/web\/wp-content\/uploads\/2024\/09\/4881-chadwick-150x150.jpg",150,150,true],"medium":["https:\/\/www.koncevisiontv.cl\/web\/wp-content\/uploads\/2024\/09\/4881-chadwick-300x200.jpg",300,200,true],"medium_large":["https:\/\/www.koncevisiontv.cl\/web\/wp-content\/uploads\/2024\/09\/4881-chadwick-768x512.jpg",640,427,true],"large":["https:\/\/www.koncevisiontv.cl\/web\/wp-content\/uploads\/2024\/09\/4881-chadwick-1024x683.jpg",640,427,true],"1536x1536":["https:\/\/www.koncevisiontv.cl\/web\/wp-content\/uploads\/2024\/09\/4881-chadwick.jpg",1280,854,false],"2048x2048":["https:\/\/www.koncevisiontv.cl\/web\/wp-content\/uploads\/2024\/09\/4881-chadwick.jpg",1280,854,false],"darknews-featured":["https:\/\/www.koncevisiontv.cl\/web\/wp-content\/uploads\/2024\/09\/4881-chadwick-1024x683.jpg",1024,683,true],"darknews-large":["https:\/\/www.koncevisiontv.cl\/web\/wp-content\/uploads\/2024\/09\/4881-chadwick-825x575.jpg",825,575,true],"darknews-medium":["https:\/\/www.koncevisiontv.cl\/web\/wp-content\/uploads\/2024\/09\/4881-chadwick-590x410.jpg",590,410,true]},"author_info":{"info":["Web-Master"]},"category_info":"<a href=\"https:\/\/www.koncevisiontv.cl\/web\/category\/sin-censura\/\" rel=\"category tag\">Sin Censura<\/a>","tag_info":"Sin Censura","comment_count":"0","uagb_featured_image_src":{"full":["https:\/\/www.koncevisiontv.cl\/web\/wp-content\/uploads\/2024\/09\/4881-chadwick.jpg",1280,854,false],"thumbnail":["https:\/\/www.koncevisiontv.cl\/web\/wp-content\/uploads\/2024\/09\/4881-chadwick-150x150.jpg",150,150,true],"medium":["https:\/\/www.koncevisiontv.cl\/web\/wp-content\/uploads\/2024\/09\/4881-chadwick-300x200.jpg",300,200,true],"medium_large":["https:\/\/www.koncevisiontv.cl\/web\/wp-content\/uploads\/2024\/09\/4881-chadwick-768x512.jpg",640,427,true],"large":["https:\/\/www.koncevisiontv.cl\/web\/wp-content\/uploads\/2024\/09\/4881-chadwick-1024x683.jpg",640,427,true],"1536x1536":["https:\/\/www.koncevisiontv.cl\/web\/wp-content\/uploads\/2024\/09\/4881-chadwick.jpg",1280,854,false],"2048x2048":["https:\/\/www.koncevisiontv.cl\/web\/wp-content\/uploads\/2024\/09\/4881-chadwick.jpg",1280,854,false],"darknews-featured":["https:\/\/www.koncevisiontv.cl\/web\/wp-content\/uploads\/2024\/09\/4881-chadwick-1024x683.jpg",1024,683,true],"darknews-large":["https:\/\/www.koncevisiontv.cl\/web\/wp-content\/uploads\/2024\/09\/4881-chadwick-825x575.jpg",825,575,true],"darknews-medium":["https:\/\/www.koncevisiontv.cl\/web\/wp-content\/uploads\/2024\/09\/4881-chadwick-590x410.jpg",590,410,true]},"uagb_author_info":{"display_name":"Web-Master","author_link":"https:\/\/www.koncevisiontv.cl\/web\/author\/koncevision\/"},"uagb_comment_info":0,"uagb_excerpt":"Una reciente revelaci\u00f3n ha sacado a la luz la arenga de exministros del gobierno de Sebasti\u00e1n Pi\u00f1era dirigida","_links":{"self":[{"href":"https:\/\/www.koncevisiontv.cl\/web\/wp-json\/wp\/v2\/posts\/2197","targetHints":{"allow":["GET"]}}],"collection":[{"href":"https:\/\/www.koncevisiontv.cl\/web\/wp-json\/wp\/v2\/posts"}],"about":[{"href":"https:\/\/www.koncevisiontv.cl\/web\/wp-json\/wp\/v2\/types\/post"}],"author":[{"embeddable":true,"href":"https:\/\/www.koncevisiontv.cl\/web\/wp-json\/wp\/v2\/users\/5"}],"replies":[{"embeddable":true,"href":"https:\/\/www.koncevisiontv.cl\/web\/wp-json\/wp\/v2\/comments?post=2197"}],"version-history":[{"count":1,"href":"https:\/\/www.koncevisiontv.cl\/web\/wp-json\/wp\/v2\/posts\/2197\/revisions"}],"predecessor-version":[{"id":2199,"href":"https:\/\/www.koncevisiontv.cl\/web\/wp-json\/wp\/v2\/posts\/2197\/revisions\/2199"}],"wp:featuredmedia":[{"embeddable":true,"href":"https:\/\/www.koncevisiontv.cl\/web\/wp-json\/wp\/v2\/media\/2198"}],"wp:attachment":[{"href":"https:\/\/www.koncevisiontv.cl\/web\/wp-json\/wp\/v2\/media?parent=2197"}],"wp:term":[{"taxonomy":"category","embeddable":true,"href":"https:\/\/www.koncevisiontv.cl\/web\/wp-json\/wp\/v2\/categories?post=2197"},{"taxonomy":"post_tag","embeddable":true,"href":"https:\/\/www.koncevisiontv.cl\/web\/wp-json\/wp\/v2\/tags?post=2197"}],"curies":[{"name":"wp","href":"https:\/\/api.w.org\/{rel}","templated":true}]}}