{"id":2200,"date":"2024-09-25T16:33:12","date_gmt":"2024-09-25T19:33:12","guid":{"rendered":"https:\/\/www.koncevisiontv.cl\/web\/?p=2200"},"modified":"2024-09-25T16:44:44","modified_gmt":"2024-09-25T19:44:44","slug":"todo-lo-que-debes-saber-del-wrc-rally-bio-bio-presentacion-oficial-fecha-y-como-verlo-en-vivo","status":"publish","type":"post","link":"https:\/\/www.koncevisiontv.cl\/web\/todo-lo-que-debes-saber-del-wrc-rally-bio-bio-presentacion-oficial-fecha-y-como-verlo-en-vivo\/","title":{"rendered":"Todo lo que Debes Saber del WRC Rally B\u00edo B\u00edo: Presentaci\u00f3n Oficial, Fecha y C\u00f3mo Verlo en Vivo"},"content":{"rendered":"\n<div class=\"wp-block-uagb-image uagb-block-64857cdd wp-block-uagb-image--layout-default wp-block-uagb-image--effect-static wp-block-uagb-image--align-none\"><figure class=\"wp-block-uagb-image__figure\"><img decoding=\"async\" srcset=\"https:\/\/www.koncevisiontv.cl\/web\/wp-content\/uploads\/2024\/09\/Bannerrcbbrallymobil1-1024x295.png ,https:\/\/www.koncevisiontv.cl\/web\/wp-content\/uploads\/2024\/09\/Bannerrcbbrallymobil1.png 780w, https:\/\/www.koncevisiontv.cl\/web\/wp-content\/uploads\/2024\/09\/Bannerrcbbrallymobil1.png 360w\" sizes=\"auto, (max-width: 480px) 150px\" src=\"https:\/\/www.koncevisiontv.cl\/web\/wp-content\/uploads\/2024\/09\/Bannerrcbbrallymobil1-1024x295.png\" alt=\"WRC Rally B\u00edo B\u00edo 2024: Horario, D\u00f3nde y C\u00f3mo Ver la Presentaci\u00f3n Oficial en Vivo\" class=\"uag-image-2205\" width=\"1024\" height=\"295\" title=\"Bannerrcbbrallymobil1\" loading=\"lazy\" role=\"img\"\/><\/figure><\/div>\n\n\n\n<p class=\"wp-block-paragraph\"><\/p>\n\n\n\n<p class=\"wp-block-paragraph\">El emocionante <strong>WRC Rally B\u00edo B\u00edo<\/strong> est\u00e1 a punto de comenzar, y los aficionados al automovilismo de todo el mundo se preparan para vivir la adrenalina de este evento de clase mundial. Este mi\u00e9rcoles 27 de septiembre de 2024, se llevar\u00e1 a cabo la presentaci\u00f3n oficial de los pilotos y equipos, un espect\u00e1culo esperado tanto por fan\u00e1ticos locales como internacionales. Te contamos todos los detalles sobre d\u00f3nde y c\u00f3mo ver esta ceremonia en vivo, y a qu\u00e9 hora podr\u00e1s disfrutar de este esperado arranque del WRC en la regi\u00f3n del B\u00edo B\u00edo.<\/p>\n\n\n\n<h3 class=\"wp-block-heading\"><strong>Fecha y Hora del WRC Rally B\u00edo B\u00edo 2024<\/strong><\/h3>\n\n\n\n<div class=\"wp-block-uagb-image uagb-block-fde5a798 wp-block-uagb-image--layout-default wp-block-uagb-image--effect-static wp-block-uagb-image--align-none\"><figure class=\"wp-block-uagb-image__figure\"><img decoding=\"async\" srcset=\"https:\/\/www.koncevisiontv.cl\/web\/wp-content\/uploads\/2024\/09\/cronologia-679x1024.jpg ,https:\/\/www.koncevisiontv.cl\/web\/wp-content\/uploads\/2024\/09\/cronologia.jpg 780w, https:\/\/www.koncevisiontv.cl\/web\/wp-content\/uploads\/2024\/09\/cronologia.jpg 360w\" sizes=\"auto, (max-width: 480px) 150px\" src=\"https:\/\/www.koncevisiontv.cl\/web\/wp-content\/uploads\/2024\/09\/cronologia-679x1024.jpg\" alt=\"X\" class=\"uag-image-2206\" width=\"679\" height=\"1024\" title=\"cronologia\" loading=\"lazy\" role=\"img\"\/><figcaption class=\"uagb-image-caption\">Cronograma WRC <\/figcaption><\/figure><\/div>\n\n\n\n<p class=\"wp-block-paragraph\">El <strong>WRC Rally B\u00edo B\u00edo<\/strong> comenzar\u00e1 oficialmente con una presentaci\u00f3n especial este mi\u00e9rcoles 27 de septiembre de 2024. Esta ceremonia es el pistoletazo de salida de lo que promete ser una jornada llena de acci\u00f3n en las rutas de la regi\u00f3n. Los equipos internacionales ya han comenzado a arribar a la zona, generando una gran expectativa en los fan\u00e1ticos del deporte motor.<\/p>\n\n\n\n<h3 class=\"wp-block-heading\"><strong>\u00bfD\u00f3nde Ver la Presentaci\u00f3n Oficial?<\/strong><\/h3>\n\n\n\n<p class=\"wp-block-paragraph\">Para aquellos que no puedan asistir en persona, la buena noticia es que la presentaci\u00f3n oficial del WRC Rally B\u00edo B\u00edo ser\u00e1 transmitida en vivo. Este evento est\u00e1 programado para las 19:30 horas y se podr\u00e1 ver tanto en <strong>TV abierta<\/strong> como a trav\u00e9s de plataformas de <strong>streaming<\/strong>, permitiendo que los entusiastas del rally sigan cada momento desde la comodidad de sus hogares o desde cualquier lugar con conexi\u00f3n a internet. Adem\u00e1s, habr\u00e1 diversas plataformas digitales y canales especializados que ofrecer\u00e1n la transmisi\u00f3n en vivo del evento.<\/p>\n\n\n\n<h3 class=\"wp-block-heading\"><strong>La Ruta del Rally y lo que Se Espera<\/strong><\/h3>\n\n\n\n<iframe loading=\"lazy\" src=\"https:\/\/www.google.com\/maps\/d\/embed?mid=1mg-UuzI0dLyfiNzX2ZIkco1ZeY37mxs&#038;ehbc=2E312F\" width=\"640\" height=\"480\"><\/iframe>\n\n\n\n<p class=\"wp-block-paragraph\">El WRC Rally B\u00edo B\u00edo es una de las competencias m\u00e1s esperadas del calendario automovil\u00edstico, y la regi\u00f3n ha trabajado arduamente para garantizar que todo est\u00e9 listo. La ruta oficial incluir\u00e1 impresionantes paisajes y desafiantes tramos de tierra que pondr\u00e1n a prueba la habilidad y destreza de los mejores pilotos del mundo. Desde los bosques frondosos hasta los caminos costeros, el WRC Rally B\u00edo B\u00edo promete brindar un espect\u00e1culo \u00fanico.<\/p>\n\n\n\n<p class=\"wp-block-paragraph\">El entusiasmo no solo se vive en las pistas, sino tambi\u00e9n entre los aficionados, quienes ya se han movilizado hacia las zonas donde se desarrollar\u00e1n las etapas del rally. La regi\u00f3n del B\u00edo B\u00edo se prepara para recibir a miles de visitantes, quienes disfrutar\u00e1n de la combinaci\u00f3n perfecta de deportes extremos y paisajes naturales.<\/p>\n\n\n\n<h3 class=\"wp-block-heading\"><strong>Medidas de Seguridad y Tr\u00e1fico en la Regi\u00f3n<\/strong><\/h3>\n\n\n\n<p class=\"wp-block-paragraph\">Como parte del despliegue log\u00edstico del evento, las autoridades han preparado un plan de seguridad y contingencia para asegurar que el desarrollo del rally se lleve a cabo sin inconvenientes. Se recomienda a los asistentes seguir las indicaciones de las autoridades locales y planificar con anticipaci\u00f3n sus desplazamientos para evitar aglomeraciones. Adem\u00e1s, habr\u00e1 cortes de tr\u00e1nsito programados en varias rutas de la regi\u00f3n, por lo que se insta a la ciudadan\u00eda a estar atentos a los anuncios oficiales.<\/p>\n\n\n\n<h3 class=\"wp-block-heading\"><strong>Expectativa Mundial y Proyecci\u00f3n del Rally B\u00edo B\u00edo<\/strong><\/h3>\n\n\n\n<p class=\"wp-block-paragraph\">El WRC Rally B\u00edo B\u00edo no solo es un evento deportivo de gran relevancia para Chile, sino que tambi\u00e9n coloca a la regi\u00f3n en la mira internacional. La presencia de los principales equipos de automovilismo del mundo genera una importante proyecci\u00f3n medi\u00e1tica y tur\u00edstica para el pa\u00eds. Con miles de espectadores sintonizando la transmisi\u00f3n en vivo y muchos m\u00e1s siguiendo el desarrollo del evento a trav\u00e9s de las redes sociales, el Rally B\u00edo B\u00edo se consolida como uno de los eventos deportivos m\u00e1s importantes del a\u00f1o en Chile.<\/p>\n\n\n\n<h3 class=\"wp-block-heading\"><strong>Conclusi\u00f3n<\/strong><\/h3>\n\n\n\n<p class=\"wp-block-paragraph\">Con la presentaci\u00f3n oficial programada para este mi\u00e9rcoles 27 de septiembre a las 19:30 horas, el <strong>WRC Rally B\u00edo B\u00edo<\/strong> promete ser un espect\u00e1culo inolvidable. Tanto quienes asistan en persona como quienes lo sigan en vivo desde sus dispositivos tendr\u00e1n la oportunidad de ser parte de este emocionante evento deportivo. \u00a1No te pierdas la acci\u00f3n, el rugir de los motores y la velocidad en uno de los escenarios naturales m\u00e1s impactantes de Chile!<\/p>\n\n\n\n<p class=\"wp-block-paragraph\"><\/p>\n","protected":false},"excerpt":{"rendered":"<p>El emocionante WRC Rally B\u00edo B\u00edo est\u00e1 a punto de comenzar, y los aficionados al automovilismo de todo<\/p>\n","protected":false},"author":5,"featured_media":2205,"comment_status":"open","ping_status":"open","sticky":false,"template":"","format":"standard","meta":{"_crdt_document":"","_uag_custom_page_level_css":"","_sitemap_exclude":false,"_sitemap_priority":"","_sitemap_frequency":"","_joinchat":[],"footnotes":""},"categories":[8],"tags":[],"class_list":["post-2200","post","type-post","status-publish","format-standard","has-post-thumbnail","hentry","category-sin-censura"],"featured_image_urls":{"full":["https:\/\/www.koncevisiontv.cl\/web\/wp-content\/uploads\/2024\/09\/Bannerrcbbrallymobil1.png",1086,313,false],"thumbnail":["https:\/\/www.koncevisiontv.cl\/web\/wp-content\/uploads\/2024\/09\/Bannerrcbbrallymobil1-150x150.png",150,150,true],"medium":["https:\/\/www.koncevisiontv.cl\/web\/wp-content\/uploads\/2024\/09\/Bannerrcbbrallymobil1-300x86.png",300,86,true],"medium_large":["https:\/\/www.koncevisiontv.cl\/web\/wp-content\/uploads\/2024\/09\/Bannerrcbbrallymobil1-768x221.png",640,184,true],"large":["https:\/\/www.koncevisiontv.cl\/web\/wp-content\/uploads\/2024\/09\/Bannerrcbbrallymobil1-1024x295.png",640,184,true],"1536x1536":["https:\/\/www.koncevisiontv.cl\/web\/wp-content\/uploads\/2024\/09\/Bannerrcbbrallymobil1.png",1086,313,false],"2048x2048":["https:\/\/www.koncevisiontv.cl\/web\/wp-content\/uploads\/2024\/09\/Bannerrcbbrallymobil1.png",1086,313,false],"darknews-featured":["https:\/\/www.koncevisiontv.cl\/web\/wp-content\/uploads\/2024\/09\/Bannerrcbbrallymobil1-1024x295.png",1024,295,true],"darknews-large":["https:\/\/www.koncevisiontv.cl\/web\/wp-content\/uploads\/2024\/09\/Bannerrcbbrallymobil1-825x313.png",825,313,true],"darknews-medium":["https:\/\/www.koncevisiontv.cl\/web\/wp-content\/uploads\/2024\/09\/Bannerrcbbrallymobil1-590x313.png",590,313,true]},"author_info":{"info":["Web-Master"]},"category_info":"<a href=\"https:\/\/www.koncevisiontv.cl\/web\/category\/sin-censura\/\" rel=\"category tag\">Sin Censura<\/a>","tag_info":"Sin Censura","comment_count":"0","uagb_featured_image_src":{"full":["https:\/\/www.koncevisiontv.cl\/web\/wp-content\/uploads\/2024\/09\/Bannerrcbbrallymobil1.png",1086,313,false],"thumbnail":["https:\/\/www.koncevisiontv.cl\/web\/wp-content\/uploads\/2024\/09\/Bannerrcbbrallymobil1-150x150.png",150,150,true],"medium":["https:\/\/www.koncevisiontv.cl\/web\/wp-content\/uploads\/2024\/09\/Bannerrcbbrallymobil1-300x86.png",300,86,true],"medium_large":["https:\/\/www.koncevisiontv.cl\/web\/wp-content\/uploads\/2024\/09\/Bannerrcbbrallymobil1-768x221.png",640,184,true],"large":["https:\/\/www.koncevisiontv.cl\/web\/wp-content\/uploads\/2024\/09\/Bannerrcbbrallymobil1-1024x295.png",640,184,true],"1536x1536":["https:\/\/www.koncevisiontv.cl\/web\/wp-content\/uploads\/2024\/09\/Bannerrcbbrallymobil1.png",1086,313,false],"2048x2048":["https:\/\/www.koncevisiontv.cl\/web\/wp-content\/uploads\/2024\/09\/Bannerrcbbrallymobil1.png",1086,313,false],"darknews-featured":["https:\/\/www.koncevisiontv.cl\/web\/wp-content\/uploads\/2024\/09\/Bannerrcbbrallymobil1-1024x295.png",1024,295,true],"darknews-large":["https:\/\/www.koncevisiontv.cl\/web\/wp-content\/uploads\/2024\/09\/Bannerrcbbrallymobil1-825x313.png",825,313,true],"darknews-medium":["https:\/\/www.koncevisiontv.cl\/web\/wp-content\/uploads\/2024\/09\/Bannerrcbbrallymobil1-590x313.png",590,313,true]},"uagb_author_info":{"display_name":"Web-Master","author_link":"https:\/\/www.koncevisiontv.cl\/web\/author\/koncevision\/"},"uagb_comment_info":0,"uagb_excerpt":"El emocionante WRC Rally B\u00edo B\u00edo est\u00e1 a punto de comenzar, y los aficionados al automovilismo de todo","_links":{"self":[{"href":"https:\/\/www.koncevisiontv.cl\/web\/wp-json\/wp\/v2\/posts\/2200","targetHints":{"allow":["GET"]}}],"collection":[{"href":"https:\/\/www.koncevisiontv.cl\/web\/wp-json\/wp\/v2\/posts"}],"about":[{"href":"https:\/\/www.koncevisiontv.cl\/web\/wp-json\/wp\/v2\/types\/post"}],"author":[{"embeddable":true,"href":"https:\/\/www.koncevisiontv.cl\/web\/wp-json\/wp\/v2\/users\/5"}],"replies":[{"embeddable":true,"href":"https:\/\/www.koncevisiontv.cl\/web\/wp-json\/wp\/v2\/comments?post=2200"}],"version-history":[{"count":4,"href":"https:\/\/www.koncevisiontv.cl\/web\/wp-json\/wp\/v2\/posts\/2200\/revisions"}],"predecessor-version":[{"id":2207,"href":"https:\/\/www.koncevisiontv.cl\/web\/wp-json\/wp\/v2\/posts\/2200\/revisions\/2207"}],"wp:featuredmedia":[{"embeddable":true,"href":"https:\/\/www.koncevisiontv.cl\/web\/wp-json\/wp\/v2\/media\/2205"}],"wp:attachment":[{"href":"https:\/\/www.koncevisiontv.cl\/web\/wp-json\/wp\/v2\/media?parent=2200"}],"wp:term":[{"taxonomy":"category","embeddable":true,"href":"https:\/\/www.koncevisiontv.cl\/web\/wp-json\/wp\/v2\/categories?post=2200"},{"taxonomy":"post_tag","embeddable":true,"href":"https:\/\/www.koncevisiontv.cl\/web\/wp-json\/wp\/v2\/tags?post=2200"}],"curies":[{"name":"wp","href":"https:\/\/api.w.org\/{rel}","templated":true}]}}