{"id":2295,"date":"2024-10-01T15:25:42","date_gmt":"2024-10-01T18:25:42","guid":{"rendered":"https:\/\/www.koncevisiontv.cl\/web\/?p=2295"},"modified":"2024-10-01T15:30:48","modified_gmt":"2024-10-01T18:30:48","slug":"emprendedores-del-valle-de-patagual-se-constituyeron-como-asociacion-gremial","status":"publish","type":"post","link":"https:\/\/www.koncevisiontv.cl\/web\/emprendedores-del-valle-de-patagual-se-constituyeron-como-asociacion-gremial\/","title":{"rendered":"Emprendedores del Valle de Patagual se constituyeron como asociaci\u00f3n gremial"},"content":{"rendered":"\n<div class=\"wp-block-blockspare-blockspare-slider blockspare-2b319c2c-1afe-4\" blockspare-animation=\"\"><style>.blockspare-2b319c2c-1afe-4 .blockspare-slider-wrap span:before{color:#000}.blockspare-2b319c2c-1afe-4 .blockspare-slider-wrap ul li button{color:#000}.blockspare-2b319c2c-1afe-4 .blockspare-slider-wrap .slick-slider .slick-dots > li button{background-color:#000}.blockspare-2b319c2c-1afe-4 .blockspare-slider-wrap .blockspare-gallery-figure{border-radius:0px}.blockspare-2b319c2c-1afe-4 .slick-slider .slick-arrow:after{background-color:#fff}.blockspare-2b319c2c-1afe-4 .blockspare-slider-wrap{margin-top:30px;margin-right:0px;margin-bottom:30px;margin-left:0px}<\/style><div class=\"blockspare-blocks blockspare-slider-wrap has-gutter-space-1 blockspare-original lpc-navigation-1 blockspare-navigation-small bs-has-equal-height\"><div class=\"blockspare-carousel-items\"><div data-next=\"fas fa-chevron-right\" data-prev=\"fas fa-chevron-left\" data-slick=\"{&quot;autoplay&quot;:true,&quot;slidesToShow&quot;:1,&quot;speed&quot;:&quot;1000&quot;,&quot;arrows&quot;:true,&quot;dots&quot;:false}\"><div><div class=\"blockspare-gallery-figure blockspare-hover-item\"> <img decoding=\"async\" src=\"https:\/\/www.koncevisiontv.cl\/web\/wp-content\/uploads\/2024\/10\/WhatsApp-Image-2024-10-01-at-15.12.40.jpeg\" alt=\"\" title=\"\"><\/div><\/div><div><div class=\"blockspare-gallery-figure blockspare-hover-item\"> <img decoding=\"async\" src=\"https:\/\/www.koncevisiontv.cl\/web\/wp-content\/uploads\/2024\/10\/WhatsApp-Image-2024-10-01-at-15.12.40-1.jpeg\" alt=\"\" title=\"\"><\/div><\/div><div><div class=\"blockspare-gallery-figure blockspare-hover-item\"> <img decoding=\"async\" src=\"https:\/\/www.koncevisiontv.cl\/web\/wp-content\/uploads\/2024\/10\/WhatsApp-Image-2024-10-01-at-15.12.39.jpeg\" alt=\"\" title=\"\"><\/div><\/div><\/div><\/div><\/div><\/div>\n\n\n\n<p class=\"wp-block-paragraph\"><\/p>\n\n\n\n<p class=\"wp-block-paragraph\"><em><u>Con el apoyo del Centro de Emprendimiento de Colb\u00fan (CEC), los emprendedores han recibido capacitaciones, asesor\u00edas y herramientas clave para profesionalizar sus negocios y consolidarse como gremio. Esta alianza ha sido fundamental para reactivar a los peque\u00f1os productores y proyectar al valle como un destino tur\u00edstico a nivel regional y nacional, con nuevas oportunidades de financiamiento y desarrollo.<\/u><\/em><\/p>\n\n\n\n<p class=\"wp-block-paragraph\">Un importante hito alcanzaron los emprendedores del Valle de Patagual, en Coronel, al constituirse oficialmente como asociaci\u00f3n gremial, un esfuerzo colectivo que busca fortalecer su sector como un destino tur\u00edstico emergente y un centro de peque\u00f1os productores en la Regi\u00f3n del Biob\u00edo. La ceremonia simb\u00f3lica de inauguraci\u00f3n se realiz\u00f3 en el domo de uno de los emprendedores del valle, y cont\u00f3 con emocionantes pies de cueca y discursos por parte de los miembros del gremio, el Centro de Emprendimiento Colb\u00fan (CEC) y representantes de la empresa Colb\u00fan.<\/p>\n\n\n\n<p class=\"wp-block-paragraph\">Matilde Codina, due\u00f1a de Orqu\u00eddeas Biob\u00edo y secretaria de la nueva asociaci\u00f3n, destac\u00f3 que la constituci\u00f3n formal es solo el comienzo de una ambiciosa etapa de crecimiento. \u201cEstamos reci\u00e9n comenzando, pero hay mucho por hacer. El Valle de Patagual tiene una ubicaci\u00f3n privilegiada cerca de Concepci\u00f3n, y debemos ser ambiciosos en lo que queremos lograr\u201d, se\u00f1al\u00f3 Codina, quien tambi\u00e9n subray\u00f3 la importancia de afianzar las relaciones entre los socios y establecer metas claras para el desarrollo futuro. &#8220;Lo principal es consolidarnos como gremio y trabajar en conjunto para avanzar hacia nuestros objetivos&#8221;, agreg\u00f3.<\/p>\n\n\n\n<p class=\"wp-block-paragraph\">Juan Carlos Abarca, presidente de esta nueva Asociaci\u00f3n Gremial, resalt\u00f3 que la creaci\u00f3n del gremio marca el fin de una primera etapa, pero que a\u00fan queda un largo camino por recorrer. \u201cEste es solo el inicio de un trabajo inmenso. Nuestro objetivo es posicionar al Valle de Patagual como un destino tur\u00edstico reconocido a nivel nacional e internacional. Ofrecemos una amplia gama de servicios, desde caba\u00f1as y centros de eventos hasta productos agr\u00edcolas, y queremos que las familias y los turistas encuentren aqu\u00ed un lugar para desconectarse y disfrutar\u201d, se\u00f1al\u00f3 Abarca, quien destac\u00f3 la incorporaci\u00f3n de nuevos socios y el potencial de crecimiento del valle.<\/p>\n\n\n\n<p class=\"wp-block-paragraph\"><strong>Una oportunidad tras la tragedia<\/strong><\/p>\n\n\n\n<p class=\"wp-block-paragraph\">El proyecto, que se inici\u00f3 tras los incendios forestales del verano de 2023, fue impulsado inicialmente como una forma de reactivar a los peque\u00f1os productores afectados. Sin embargo, desde el principio se concibi\u00f3 como un plan a largo plazo, enfocado en la capacitaci\u00f3n, la postulaci\u00f3n a capital semilla y la construcci\u00f3n de una identidad corporativa para el valle. \u00c1lvaro Lagos, coordinador de pre-incubaci\u00f3n del Centro de Emprendimiento Colb\u00fan de Coronel, coment\u00f3 que uno de los grandes logros ha sido unir a emprendedores de distintos rubros. \u201cAhora que la asociaci\u00f3n est\u00e1 constituida, el desaf\u00edo es fortalecerla y avanzar en \u00e1reas como la postulaci\u00f3n a fondos de Sercotec y la estandarizaci\u00f3n de los servicios que ofrecen\u201d, indic\u00f3 Lagos.<\/p>\n\n\n\n<p class=\"wp-block-paragraph\">Finalmente, Valeria Gatica, jefa de Asuntos P\u00fablicos Biob\u00edo Costa de Colb\u00fan, hizo un positivo balance del trabajo realizado. \u201cA pesar de que este esfuerzo naci\u00f3 tras la tragedia de los incendios, se logr\u00f3 que los emprendedores entiendan el valor de la asociatividad. Trabajando juntos, no solo pueden convertir al Valle de Patagual en un polo tur\u00edstico atractivo, sino tambi\u00e9n en una oportunidad para mejorar la vida de sus habitantes\u201d, afirm\u00f3 Gatica. &#8220;Hemos visto la fuerza con la que se han levantado y c\u00f3mo trabajan por el sue\u00f1o de convertir a este hermoso valle en un destino tur\u00edstico. En Colb\u00fan, estamos felices de ser parte de este proceso\u201d, concluy\u00f3.<\/p>\n\n\n\n<p class=\"wp-block-paragraph\">El gremio ya cuenta con personalidad jur\u00eddica y RUT otorgados por el Servicio de Impuestos Internos, lo que les abre la puerta a nuevas oportunidades de financiamiento y crecimiento.<\/p>\n","protected":false},"excerpt":{"rendered":"<p>Con el apoyo del Centro de Emprendimiento de Colb\u00fan (CEC), los emprendedores han recibido capacitaciones, asesor\u00edas y herramientas<\/p>\n","protected":false},"author":5,"featured_media":2298,"comment_status":"open","ping_status":"open","sticky":false,"template":"","format":"standard","meta":{"_crdt_document":"","_uag_custom_page_level_css":"","_sitemap_exclude":false,"_sitemap_priority":"","_sitemap_frequency":"","_joinchat":[],"footnotes":""},"categories":[1],"tags":[],"class_list":["post-2295","post","type-post","status-publish","format-standard","has-post-thumbnail","hentry","category-bio-bio"],"featured_image_urls":{"full":["https:\/\/www.koncevisiontv.cl\/web\/wp-content\/uploads\/2024\/10\/WhatsApp-Image-2024-10-01-at-15.12.40.jpeg",1280,960,false],"thumbnail":["https:\/\/www.koncevisiontv.cl\/web\/wp-content\/uploads\/2024\/10\/WhatsApp-Image-2024-10-01-at-15.12.40-150x150.jpeg",150,150,true],"medium":["https:\/\/www.koncevisiontv.cl\/web\/wp-content\/uploads\/2024\/10\/WhatsApp-Image-2024-10-01-at-15.12.40-300x225.jpeg",300,225,true],"medium_large":["https:\/\/www.koncevisiontv.cl\/web\/wp-content\/uploads\/2024\/10\/WhatsApp-Image-2024-10-01-at-15.12.40-768x576.jpeg",640,480,true],"large":["https:\/\/www.koncevisiontv.cl\/web\/wp-content\/uploads\/2024\/10\/WhatsApp-Image-2024-10-01-at-15.12.40-1024x768.jpeg",640,480,true],"1536x1536":["https:\/\/www.koncevisiontv.cl\/web\/wp-content\/uploads\/2024\/10\/WhatsApp-Image-2024-10-01-at-15.12.40.jpeg",1280,960,false],"2048x2048":["https:\/\/www.koncevisiontv.cl\/web\/wp-content\/uploads\/2024\/10\/WhatsApp-Image-2024-10-01-at-15.12.40.jpeg",1280,960,false],"darknews-featured":["https:\/\/www.koncevisiontv.cl\/web\/wp-content\/uploads\/2024\/10\/WhatsApp-Image-2024-10-01-at-15.12.40-1024x768.jpeg",1024,768,true],"darknews-large":["https:\/\/www.koncevisiontv.cl\/web\/wp-content\/uploads\/2024\/10\/WhatsApp-Image-2024-10-01-at-15.12.40-825x575.jpeg",825,575,true],"darknews-medium":["https:\/\/www.koncevisiontv.cl\/web\/wp-content\/uploads\/2024\/10\/WhatsApp-Image-2024-10-01-at-15.12.40-590x410.jpeg",590,410,true]},"author_info":{"info":["Web-Master"]},"category_info":"<a href=\"https:\/\/www.koncevisiontv.cl\/web\/category\/bio-bio\/\" rel=\"category tag\">Bio-B\u00edo<\/a>","tag_info":"Bio-B\u00edo","comment_count":"0","uagb_featured_image_src":{"full":["https:\/\/www.koncevisiontv.cl\/web\/wp-content\/uploads\/2024\/10\/WhatsApp-Image-2024-10-01-at-15.12.40.jpeg",1280,960,false],"thumbnail":["https:\/\/www.koncevisiontv.cl\/web\/wp-content\/uploads\/2024\/10\/WhatsApp-Image-2024-10-01-at-15.12.40-150x150.jpeg",150,150,true],"medium":["https:\/\/www.koncevisiontv.cl\/web\/wp-content\/uploads\/2024\/10\/WhatsApp-Image-2024-10-01-at-15.12.40-300x225.jpeg",300,225,true],"medium_large":["https:\/\/www.koncevisiontv.cl\/web\/wp-content\/uploads\/2024\/10\/WhatsApp-Image-2024-10-01-at-15.12.40-768x576.jpeg",640,480,true],"large":["https:\/\/www.koncevisiontv.cl\/web\/wp-content\/uploads\/2024\/10\/WhatsApp-Image-2024-10-01-at-15.12.40-1024x768.jpeg",640,480,true],"1536x1536":["https:\/\/www.koncevisiontv.cl\/web\/wp-content\/uploads\/2024\/10\/WhatsApp-Image-2024-10-01-at-15.12.40.jpeg",1280,960,false],"2048x2048":["https:\/\/www.koncevisiontv.cl\/web\/wp-content\/uploads\/2024\/10\/WhatsApp-Image-2024-10-01-at-15.12.40.jpeg",1280,960,false],"darknews-featured":["https:\/\/www.koncevisiontv.cl\/web\/wp-content\/uploads\/2024\/10\/WhatsApp-Image-2024-10-01-at-15.12.40-1024x768.jpeg",1024,768,true],"darknews-large":["https:\/\/www.koncevisiontv.cl\/web\/wp-content\/uploads\/2024\/10\/WhatsApp-Image-2024-10-01-at-15.12.40-825x575.jpeg",825,575,true],"darknews-medium":["https:\/\/www.koncevisiontv.cl\/web\/wp-content\/uploads\/2024\/10\/WhatsApp-Image-2024-10-01-at-15.12.40-590x410.jpeg",590,410,true]},"uagb_author_info":{"display_name":"Web-Master","author_link":"https:\/\/www.koncevisiontv.cl\/web\/author\/koncevision\/"},"uagb_comment_info":0,"uagb_excerpt":"Con el apoyo del Centro de Emprendimiento de Colb\u00fan (CEC), los emprendedores han recibido capacitaciones, asesor\u00edas y herramientas","_links":{"self":[{"href":"https:\/\/www.koncevisiontv.cl\/web\/wp-json\/wp\/v2\/posts\/2295","targetHints":{"allow":["GET"]}}],"collection":[{"href":"https:\/\/www.koncevisiontv.cl\/web\/wp-json\/wp\/v2\/posts"}],"about":[{"href":"https:\/\/www.koncevisiontv.cl\/web\/wp-json\/wp\/v2\/types\/post"}],"author":[{"embeddable":true,"href":"https:\/\/www.koncevisiontv.cl\/web\/wp-json\/wp\/v2\/users\/5"}],"replies":[{"embeddable":true,"href":"https:\/\/www.koncevisiontv.cl\/web\/wp-json\/wp\/v2\/comments?post=2295"}],"version-history":[{"count":3,"href":"https:\/\/www.koncevisiontv.cl\/web\/wp-json\/wp\/v2\/posts\/2295\/revisions"}],"predecessor-version":[{"id":2301,"href":"https:\/\/www.koncevisiontv.cl\/web\/wp-json\/wp\/v2\/posts\/2295\/revisions\/2301"}],"wp:featuredmedia":[{"embeddable":true,"href":"https:\/\/www.koncevisiontv.cl\/web\/wp-json\/wp\/v2\/media\/2298"}],"wp:attachment":[{"href":"https:\/\/www.koncevisiontv.cl\/web\/wp-json\/wp\/v2\/media?parent=2295"}],"wp:term":[{"taxonomy":"category","embeddable":true,"href":"https:\/\/www.koncevisiontv.cl\/web\/wp-json\/wp\/v2\/categories?post=2295"},{"taxonomy":"post_tag","embeddable":true,"href":"https:\/\/www.koncevisiontv.cl\/web\/wp-json\/wp\/v2\/tags?post=2295"}],"curies":[{"name":"wp","href":"https:\/\/api.w.org\/{rel}","templated":true}]}}