{"id":2547,"date":"2024-10-07T12:10:25","date_gmt":"2024-10-07T15:10:25","guid":{"rendered":"https:\/\/www.koncevisiontv.cl\/web\/?p=2547"},"modified":"2024-10-07T12:10:26","modified_gmt":"2024-10-07T15:10:26","slug":"gobernador-diaz-considera-urgente-la-construccion-de-un-nuevo-puente-juan-pablo-ii-ante-su-deterioro","status":"publish","type":"post","link":"https:\/\/www.koncevisiontv.cl\/web\/gobernador-diaz-considera-urgente-la-construccion-de-un-nuevo-puente-juan-pablo-ii-ante-su-deterioro\/","title":{"rendered":"Gobernador D\u00edaz considera urgente la construcci\u00f3n de un nuevo puente Juan Pablo II ante su deterioro"},"content":{"rendered":"\n<div class=\"wp-block-uagb-image uagb-block-c88f665c wp-block-uagb-image--layout-default wp-block-uagb-image--effect-static wp-block-uagb-image--align-none\"><figure class=\"wp-block-uagb-image__figure\"><img decoding=\"async\" srcset=\"https:\/\/www.koncevisiontv.cl\/web\/wp-content\/uploads\/2024\/10\/DIAZ-1.jpg ,https:\/\/www.koncevisiontv.cl\/web\/wp-content\/uploads\/2024\/10\/DIAZ-1.jpg 780w, https:\/\/www.koncevisiontv.cl\/web\/wp-content\/uploads\/2024\/10\/DIAZ-1.jpg 360w\" sizes=\"auto, (max-width: 480px) 150px\" src=\"https:\/\/www.koncevisiontv.cl\/web\/wp-content\/uploads\/2024\/10\/DIAZ-1.jpg\" alt=\"\" class=\"uag-image-2549\" width=\"768\" height=\"433\" title=\"DIAZ\" loading=\"lazy\" role=\"img\"><figcaption class=\"uagb-image-caption\">Gobernador D\u00edaz pide nuevo puente Juan Pablo II ante deterioro<\/figcaption><\/figure><\/div>\n\n\n\n<p class=\"wp-block-paragraph\">El gobernador de la Regi\u00f3n del Biob\u00edo, Rodrigo D\u00edaz, ha se\u00f1alado la necesidad de construir un nuevo puente Juan Pablo II debido al deterioro que presenta la actual estructura. D\u00edaz explic\u00f3 que el desgaste visible en el puente, uno de los m\u00e1s importantes de la regi\u00f3n, podr\u00eda generar riesgos significativos si no se toman medidas a tiempo. Seg\u00fan sus declaraciones, la construcci\u00f3n de una nueva estructura no solo garantizar\u00eda la seguridad de los habitantes, sino que tambi\u00e9n mejorar\u00eda la conectividad entre las comunas de Concepci\u00f3n y San Pedro de la Paz, zonas que dependen diariamente del flujo por el puente.<\/p>\n\n\n\n<h3 class=\"wp-block-heading\">Preocupaciones por el estado del puente<\/h3>\n\n\n\n<p class=\"wp-block-paragraph\">El gobernador D\u00edaz explic\u00f3 que el puente Juan Pablo II, que conecta a miles de personas a diario, ha mostrado un deterioro progresivo en su estructura debido a los a\u00f1os de servicio y el intenso tr\u00e1fico vehicular que soporta. Para evitar accidentes futuros y asegurar el tr\u00e1nsito fluido, se requiere una inversi\u00f3n en infraestructura, ya sea a trav\u00e9s de reparaciones sustanciales o la construcci\u00f3n de un nuevo puente que responda a las necesidades actuales de la regi\u00f3n.<\/p>\n\n\n\n<h3 class=\"wp-block-heading\">Impacto en la conectividad y desarrollo<\/h3>\n\n\n\n<p class=\"wp-block-paragraph\">La propuesta del gobernador tambi\u00e9n apunta a que la construcci\u00f3n de un nuevo puente no solo es una cuesti\u00f3n de seguridad, sino tambi\u00e9n de desarrollo regional. El puente Juan Pablo II es una arteria clave que une la zona industrial con las \u00e1reas residenciales, por lo que su deterioro podr\u00eda afectar negativamente el transporte de personas y bienes. D\u00edaz inst\u00f3 a las autoridades nacionales a priorizar esta obra, destacando que su ejecuci\u00f3n contribuir\u00eda al crecimiento econ\u00f3mico y la modernizaci\u00f3n de la infraestructura vial en la regi\u00f3n.<\/p>\n\n\n\n<h3 class=\"wp-block-heading\">Llamado a las autoridades<\/h3>\n\n\n\n<p class=\"wp-block-paragraph\">D\u00edaz enfatiz\u00f3 la importancia de que el Gobierno central y el Ministerio de Obras P\u00fablicas tomen cartas en el asunto lo antes posible. La planificaci\u00f3n y construcci\u00f3n de un nuevo puente debe ser prioritaria para evitar que el deterioro actual derive en una crisis de conectividad y seguridad para la poblaci\u00f3n.<\/p>\n","protected":false},"excerpt":{"rendered":"<p>El gobernador de la Regi\u00f3n del Biob\u00edo, Rodrigo D\u00edaz, ha se\u00f1alado la necesidad de construir un nuevo puente<\/p>\n","protected":false},"author":5,"featured_media":2549,"comment_status":"open","ping_status":"open","sticky":false,"template":"","format":"standard","meta":{"_crdt_document":"","_uag_custom_page_level_css":"","_sitemap_exclude":false,"_sitemap_priority":"","_sitemap_frequency":"","_joinchat":[],"footnotes":""},"categories":[14],"tags":[],"class_list":["post-2547","post","type-post","status-publish","format-standard","has-post-thumbnail","hentry","category-nacional"],"featured_image_urls":{"full":["https:\/\/www.koncevisiontv.cl\/web\/wp-content\/uploads\/2024\/10\/DIAZ-1.jpg",768,433,false],"thumbnail":["https:\/\/www.koncevisiontv.cl\/web\/wp-content\/uploads\/2024\/10\/DIAZ-1-150x150.jpg",150,150,true],"medium":["https:\/\/www.koncevisiontv.cl\/web\/wp-content\/uploads\/2024\/10\/DIAZ-1-300x169.jpg",300,169,true],"medium_large":["https:\/\/www.koncevisiontv.cl\/web\/wp-content\/uploads\/2024\/10\/DIAZ-1.jpg",640,361,false],"large":["https:\/\/www.koncevisiontv.cl\/web\/wp-content\/uploads\/2024\/10\/DIAZ-1.jpg",640,361,false],"1536x1536":["https:\/\/www.koncevisiontv.cl\/web\/wp-content\/uploads\/2024\/10\/DIAZ-1.jpg",768,433,false],"2048x2048":["https:\/\/www.koncevisiontv.cl\/web\/wp-content\/uploads\/2024\/10\/DIAZ-1.jpg",768,433,false],"darknews-featured":["https:\/\/www.koncevisiontv.cl\/web\/wp-content\/uploads\/2024\/10\/DIAZ-1.jpg",768,433,false],"darknews-large":["https:\/\/www.koncevisiontv.cl\/web\/wp-content\/uploads\/2024\/10\/DIAZ-1.jpg",768,433,false],"darknews-medium":["https:\/\/www.koncevisiontv.cl\/web\/wp-content\/uploads\/2024\/10\/DIAZ-1-590x410.jpg",590,410,true]},"author_info":{"info":["Web-Master"]},"category_info":"<a href=\"https:\/\/www.koncevisiontv.cl\/web\/category\/nacional\/\" rel=\"category tag\">Nacional<\/a>","tag_info":"Nacional","comment_count":"0","uagb_featured_image_src":{"full":["https:\/\/www.koncevisiontv.cl\/web\/wp-content\/uploads\/2024\/10\/DIAZ-1.jpg",768,433,false],"thumbnail":["https:\/\/www.koncevisiontv.cl\/web\/wp-content\/uploads\/2024\/10\/DIAZ-1-150x150.jpg",150,150,true],"medium":["https:\/\/www.koncevisiontv.cl\/web\/wp-content\/uploads\/2024\/10\/DIAZ-1-300x169.jpg",300,169,true],"medium_large":["https:\/\/www.koncevisiontv.cl\/web\/wp-content\/uploads\/2024\/10\/DIAZ-1.jpg",640,361,false],"large":["https:\/\/www.koncevisiontv.cl\/web\/wp-content\/uploads\/2024\/10\/DIAZ-1.jpg",640,361,false],"1536x1536":["https:\/\/www.koncevisiontv.cl\/web\/wp-content\/uploads\/2024\/10\/DIAZ-1.jpg",768,433,false],"2048x2048":["https:\/\/www.koncevisiontv.cl\/web\/wp-content\/uploads\/2024\/10\/DIAZ-1.jpg",768,433,false],"darknews-featured":["https:\/\/www.koncevisiontv.cl\/web\/wp-content\/uploads\/2024\/10\/DIAZ-1.jpg",768,433,false],"darknews-large":["https:\/\/www.koncevisiontv.cl\/web\/wp-content\/uploads\/2024\/10\/DIAZ-1.jpg",768,433,false],"darknews-medium":["https:\/\/www.koncevisiontv.cl\/web\/wp-content\/uploads\/2024\/10\/DIAZ-1-590x410.jpg",590,410,true]},"uagb_author_info":{"display_name":"Web-Master","author_link":"https:\/\/www.koncevisiontv.cl\/web\/author\/koncevision\/"},"uagb_comment_info":0,"uagb_excerpt":"El gobernador de la Regi\u00f3n del Biob\u00edo, Rodrigo D\u00edaz, ha se\u00f1alado la necesidad de construir un nuevo puente","_links":{"self":[{"href":"https:\/\/www.koncevisiontv.cl\/web\/wp-json\/wp\/v2\/posts\/2547","targetHints":{"allow":["GET"]}}],"collection":[{"href":"https:\/\/www.koncevisiontv.cl\/web\/wp-json\/wp\/v2\/posts"}],"about":[{"href":"https:\/\/www.koncevisiontv.cl\/web\/wp-json\/wp\/v2\/types\/post"}],"author":[{"embeddable":true,"href":"https:\/\/www.koncevisiontv.cl\/web\/wp-json\/wp\/v2\/users\/5"}],"replies":[{"embeddable":true,"href":"https:\/\/www.koncevisiontv.cl\/web\/wp-json\/wp\/v2\/comments?post=2547"}],"version-history":[{"count":1,"href":"https:\/\/www.koncevisiontv.cl\/web\/wp-json\/wp\/v2\/posts\/2547\/revisions"}],"predecessor-version":[{"id":2550,"href":"https:\/\/www.koncevisiontv.cl\/web\/wp-json\/wp\/v2\/posts\/2547\/revisions\/2550"}],"wp:featuredmedia":[{"embeddable":true,"href":"https:\/\/www.koncevisiontv.cl\/web\/wp-json\/wp\/v2\/media\/2549"}],"wp:attachment":[{"href":"https:\/\/www.koncevisiontv.cl\/web\/wp-json\/wp\/v2\/media?parent=2547"}],"wp:term":[{"taxonomy":"category","embeddable":true,"href":"https:\/\/www.koncevisiontv.cl\/web\/wp-json\/wp\/v2\/categories?post=2547"},{"taxonomy":"post_tag","embeddable":true,"href":"https:\/\/www.koncevisiontv.cl\/web\/wp-json\/wp\/v2\/tags?post=2547"}],"curies":[{"name":"wp","href":"https:\/\/api.w.org\/{rel}","templated":true}]}}