{"id":2554,"date":"2024-10-07T12:43:36","date_gmt":"2024-10-07T15:43:36","guid":{"rendered":"https:\/\/www.koncevisiontv.cl\/web\/?p=2554"},"modified":"2024-10-07T12:43:38","modified_gmt":"2024-10-07T15:43:38","slug":"orrego-insta-a-la-oposicion-a-apoyar-leyes-de-seguridad-y-no-sacar-provecho-politico-de-la-acusacion-contra-toha-tras-los-homicidios-en-la-region-metropolitana","status":"publish","type":"post","link":"https:\/\/www.koncevisiontv.cl\/web\/orrego-insta-a-la-oposicion-a-apoyar-leyes-de-seguridad-y-no-sacar-provecho-politico-de-la-acusacion-contra-toha-tras-los-homicidios-en-la-region-metropolitana\/","title":{"rendered":"Orrego insta a la oposici\u00f3n a apoyar leyes de seguridad y no sacar provecho pol\u00edtico de la acusaci\u00f3n contra Toh\u00e1, tras los homicidios en la Regi\u00f3n Metropolitana."},"content":{"rendered":"\n<div class=\"wp-block-uagb-image uagb-block-362e7d69 wp-block-uagb-image--layout-default wp-block-uagb-image--effect-static wp-block-uagb-image--align-none\"><figure class=\"wp-block-uagb-image__figure\"><img decoding=\"async\" srcset=\"https:\/\/www.koncevisiontv.cl\/web\/wp-content\/uploads\/2024\/10\/Claudio-Orrego-1024x683.jpg ,https:\/\/www.koncevisiontv.cl\/web\/wp-content\/uploads\/2024\/10\/Claudio-Orrego-scaled.jpg 780w, https:\/\/www.koncevisiontv.cl\/web\/wp-content\/uploads\/2024\/10\/Claudio-Orrego-scaled.jpg 360w\" sizes=\"auto, (max-width: 480px) 150px\" src=\"https:\/\/www.koncevisiontv.cl\/web\/wp-content\/uploads\/2024\/10\/Claudio-Orrego-1024x683.jpg\" alt=\"\" class=\"uag-image-2555\" width=\"1024\" height=\"683\" title=\"Balance sobre el reciclaje de Plaza Nunoa Zero\" loading=\"lazy\" role=\"img\"><figcaption class=\"uagb-image-caption\">Orrego sobre leyes de seguridad<\/figcaption><\/figure><\/div>\n\n\n\n<p class=\"wp-block-paragraph\"><strong>Orrego llama a la oposici\u00f3n a apoyar leyes de seguridad y evitar sacar provecho pol\u00edtico tras homicidios en la RM<\/strong><\/p>\n\n\n\n<p class=\"wp-block-paragraph\">Tras los recientes homicidios en la Regi\u00f3n Metropolitana, el gobernador Claudio Orrego hizo un llamado a la oposici\u00f3n para que apoye las leyes de seguridad y evite sacar provecho pol\u00edtico en la acusaci\u00f3n constitucional contra la ministra del Interior, Carolina Toh\u00e1. Orrego enfatiz\u00f3 que, frente a la grave situaci\u00f3n de violencia que atraviesa el pa\u00eds, es crucial que todas las fuerzas pol\u00edticas unan esfuerzos para aprobar reformas que fortalezcan la seguridad p\u00fablica, en lugar de usar estas tragedias como una herramienta pol\u00edtica.<\/p>\n\n\n\n<h3 class=\"wp-block-heading\">Contexto de los homicidios<\/h3>\n\n\n\n<p class=\"wp-block-paragraph\">En los \u00faltimos d\u00edas, la capital ha sido escenario de varios homicidios que han elevado la preocupaci\u00f3n ciudadana sobre el aumento de la delincuencia y la violencia. Orrego expres\u00f3 su consternaci\u00f3n por estos hechos y subray\u00f3 la necesidad de una respuesta urgente y coordinada por parte de los actores pol\u00edticos para restablecer la tranquilidad en las calles de la Regi\u00f3n Metropolitana.<\/p>\n\n\n\n<h3 class=\"wp-block-heading\">Llamado a la responsabilidad pol\u00edtica<\/h3>\n\n\n\n<p class=\"wp-block-paragraph\">El gobernador fue enf\u00e1tico al se\u00f1alar que la actual coyuntura de violencia no puede ser utilizada como un medio para obtener r\u00e9ditos pol\u00edticos, en referencia a la acusaci\u00f3n constitucional en curso contra la ministra Carolina Toh\u00e1. Orrego destac\u00f3 que, en lugar de politizar la situaci\u00f3n, es momento de trabajar en conjunto para aprobar leyes que refuercen las pol\u00edticas de seguridad, protejan a la ciudadan\u00eda y enfrenten el problema de la delincuencia de manera efectiva.<\/p>\n\n\n\n<h3 class=\"wp-block-heading\">Urgencia en la aprobaci\u00f3n de reformas<\/h3>\n\n\n\n<p class=\"wp-block-paragraph\">Finalmente, Orrego inst\u00f3 a la oposici\u00f3n a priorizar la discusi\u00f3n de las leyes que buscan combatir la delincuencia en vez de centrarse en disputas partidistas. Reafirm\u00f3 que la seguridad ciudadana es un tema que debe trascender las diferencias pol\u00edticas, y que el enfoque debe estar en brindar soluciones inmediatas y concretas para hacer frente a la inseguridad que afecta a la Regi\u00f3n Metropolitana y al pa\u00eds en su conjunto.<\/p>\n","protected":false},"excerpt":{"rendered":"<p>Orrego llama a la oposici\u00f3n a apoyar leyes de seguridad y evitar sacar provecho pol\u00edtico tras homicidios en<\/p>\n","protected":false},"author":5,"featured_media":2555,"comment_status":"open","ping_status":"open","sticky":false,"template":"","format":"standard","meta":{"_crdt_document":"","_uag_custom_page_level_css":"","_sitemap_exclude":false,"_sitemap_priority":"","_sitemap_frequency":"","_joinchat":[],"footnotes":""},"categories":[14],"tags":[],"class_list":["post-2554","post","type-post","status-publish","format-standard","has-post-thumbnail","hentry","category-nacional"],"featured_image_urls":{"full":["https:\/\/www.koncevisiontv.cl\/web\/wp-content\/uploads\/2024\/10\/Claudio-Orrego-scaled.jpg",2560,1707,false],"thumbnail":["https:\/\/www.koncevisiontv.cl\/web\/wp-content\/uploads\/2024\/10\/Claudio-Orrego-150x150.jpg",150,150,true],"medium":["https:\/\/www.koncevisiontv.cl\/web\/wp-content\/uploads\/2024\/10\/Claudio-Orrego-300x200.jpg",300,200,true],"medium_large":["https:\/\/www.koncevisiontv.cl\/web\/wp-content\/uploads\/2024\/10\/Claudio-Orrego-768x512.jpg",640,427,true],"large":["https:\/\/www.koncevisiontv.cl\/web\/wp-content\/uploads\/2024\/10\/Claudio-Orrego-1024x683.jpg",640,427,true],"1536x1536":["https:\/\/www.koncevisiontv.cl\/web\/wp-content\/uploads\/2024\/10\/Claudio-Orrego-1536x1024.jpg",1536,1024,true],"2048x2048":["https:\/\/www.koncevisiontv.cl\/web\/wp-content\/uploads\/2024\/10\/Claudio-Orrego-2048x1366.jpg",2048,1366,true],"darknews-featured":["https:\/\/www.koncevisiontv.cl\/web\/wp-content\/uploads\/2024\/10\/Claudio-Orrego-1024x683.jpg",1024,683,true],"darknews-large":["https:\/\/www.koncevisiontv.cl\/web\/wp-content\/uploads\/2024\/10\/Claudio-Orrego-825x575.jpg",825,575,true],"darknews-medium":["https:\/\/www.koncevisiontv.cl\/web\/wp-content\/uploads\/2024\/10\/Claudio-Orrego-590x410.jpg",590,410,true]},"author_info":{"info":["Web-Master"]},"category_info":"<a href=\"https:\/\/www.koncevisiontv.cl\/web\/category\/nacional\/\" rel=\"category tag\">Nacional<\/a>","tag_info":"Nacional","comment_count":"0","uagb_featured_image_src":{"full":["https:\/\/www.koncevisiontv.cl\/web\/wp-content\/uploads\/2024\/10\/Claudio-Orrego-scaled.jpg",2560,1707,false],"thumbnail":["https:\/\/www.koncevisiontv.cl\/web\/wp-content\/uploads\/2024\/10\/Claudio-Orrego-150x150.jpg",150,150,true],"medium":["https:\/\/www.koncevisiontv.cl\/web\/wp-content\/uploads\/2024\/10\/Claudio-Orrego-300x200.jpg",300,200,true],"medium_large":["https:\/\/www.koncevisiontv.cl\/web\/wp-content\/uploads\/2024\/10\/Claudio-Orrego-768x512.jpg",640,427,true],"large":["https:\/\/www.koncevisiontv.cl\/web\/wp-content\/uploads\/2024\/10\/Claudio-Orrego-1024x683.jpg",640,427,true],"1536x1536":["https:\/\/www.koncevisiontv.cl\/web\/wp-content\/uploads\/2024\/10\/Claudio-Orrego-1536x1024.jpg",1536,1024,true],"2048x2048":["https:\/\/www.koncevisiontv.cl\/web\/wp-content\/uploads\/2024\/10\/Claudio-Orrego-2048x1366.jpg",2048,1366,true],"darknews-featured":["https:\/\/www.koncevisiontv.cl\/web\/wp-content\/uploads\/2024\/10\/Claudio-Orrego-1024x683.jpg",1024,683,true],"darknews-large":["https:\/\/www.koncevisiontv.cl\/web\/wp-content\/uploads\/2024\/10\/Claudio-Orrego-825x575.jpg",825,575,true],"darknews-medium":["https:\/\/www.koncevisiontv.cl\/web\/wp-content\/uploads\/2024\/10\/Claudio-Orrego-590x410.jpg",590,410,true]},"uagb_author_info":{"display_name":"Web-Master","author_link":"https:\/\/www.koncevisiontv.cl\/web\/author\/koncevision\/"},"uagb_comment_info":0,"uagb_excerpt":"Orrego llama a la oposici\u00f3n a apoyar leyes de seguridad y evitar sacar provecho pol\u00edtico tras homicidios en","_links":{"self":[{"href":"https:\/\/www.koncevisiontv.cl\/web\/wp-json\/wp\/v2\/posts\/2554","targetHints":{"allow":["GET"]}}],"collection":[{"href":"https:\/\/www.koncevisiontv.cl\/web\/wp-json\/wp\/v2\/posts"}],"about":[{"href":"https:\/\/www.koncevisiontv.cl\/web\/wp-json\/wp\/v2\/types\/post"}],"author":[{"embeddable":true,"href":"https:\/\/www.koncevisiontv.cl\/web\/wp-json\/wp\/v2\/users\/5"}],"replies":[{"embeddable":true,"href":"https:\/\/www.koncevisiontv.cl\/web\/wp-json\/wp\/v2\/comments?post=2554"}],"version-history":[{"count":1,"href":"https:\/\/www.koncevisiontv.cl\/web\/wp-json\/wp\/v2\/posts\/2554\/revisions"}],"predecessor-version":[{"id":2556,"href":"https:\/\/www.koncevisiontv.cl\/web\/wp-json\/wp\/v2\/posts\/2554\/revisions\/2556"}],"wp:featuredmedia":[{"embeddable":true,"href":"https:\/\/www.koncevisiontv.cl\/web\/wp-json\/wp\/v2\/media\/2555"}],"wp:attachment":[{"href":"https:\/\/www.koncevisiontv.cl\/web\/wp-json\/wp\/v2\/media?parent=2554"}],"wp:term":[{"taxonomy":"category","embeddable":true,"href":"https:\/\/www.koncevisiontv.cl\/web\/wp-json\/wp\/v2\/categories?post=2554"},{"taxonomy":"post_tag","embeddable":true,"href":"https:\/\/www.koncevisiontv.cl\/web\/wp-json\/wp\/v2\/tags?post=2554"}],"curies":[{"name":"wp","href":"https:\/\/api.w.org\/{rel}","templated":true}]}}