{"id":2557,"date":"2024-10-07T13:15:48","date_gmt":"2024-10-07T16:15:48","guid":{"rendered":"https:\/\/www.koncevisiontv.cl\/web\/?p=2557"},"modified":"2024-10-07T13:23:45","modified_gmt":"2024-10-07T16:23:45","slug":"juan-carlos-reinao-exalcalde-de-renaico-cambia-de-defensa-en-caso-de-delitos-sexualesj","status":"publish","type":"post","link":"https:\/\/www.koncevisiontv.cl\/web\/juan-carlos-reinao-exalcalde-de-renaico-cambia-de-defensa-en-caso-de-delitos-sexualesj\/","title":{"rendered":"Juan Carlos Reinao Exalcalde De Renaico Cambia de Defensa en Caso de Delitos Sexuales"},"content":{"rendered":"\n<p class=\"wp-block-paragraph\"><\/p>\n\n\n\n<div class=\"wp-block-uagb-image uagb-block-1eaa5fa6 wp-block-uagb-image--layout-default wp-block-uagb-image--effect-static wp-block-uagb-image--align-none\"><figure class=\"wp-block-uagb-image__figure\"><img decoding=\"async\" srcset=\"https:\/\/www.koncevisiontv.cl\/web\/wp-content\/uploads\/2024\/10\/REINAO.jpg ,https:\/\/www.koncevisiontv.cl\/web\/wp-content\/uploads\/2024\/10\/REINAO.jpg 780w, https:\/\/www.koncevisiontv.cl\/web\/wp-content\/uploads\/2024\/10\/REINAO.jpg 360w\" sizes=\"auto, (max-width: 480px) 150px\" src=\"https:\/\/www.koncevisiontv.cl\/web\/wp-content\/uploads\/2024\/10\/REINAO.jpg\" alt=\" Cambio de Defensa en Caso de Delitos Sexuales de Juan Carlos Reinao\" class=\"uag-image-2558\" width=\"710\" height=\"399\" title=\"REINAO\" loading=\"lazy\" role=\"img\"\/><figcaption class=\"uagb-image-caption\">\u00a0Cambio de Defensa en Caso de Delitos Sexuales de Juan Carlos Reinao<\/figcaption><\/figure><\/div>\n\n\n\n<p class=\"wp-block-paragraph\"><\/p>\n\n\n\n<p class=\"wp-block-paragraph\"><strong>Juan Carlos Reinao Cambia de Defensa en Caso de Delitos Sexuales<\/strong><\/p>\n\n\n\n<p class=\"wp-block-paragraph\">El exalcalde de Renaico, Juan Carlos Reinao, ha realizado un nuevo cambio en su defensa legal en el caso de delitos sexuales que enfrenta. La abogada Paula Vial, ex defensora nacional y conocida por haber defendido al director de cine Nicol\u00e1s L\u00f3pez, asumir\u00e1 su representaci\u00f3n.<\/p>\n\n\n\n<p class=\"wp-block-paragraph\"><strong>Cuarto Cambio de Defensa<\/strong><\/p>\n\n\n\n<p class=\"wp-block-paragraph\">Este es el cuarto cambio de defensa que realiza Reinao desde que comenz\u00f3 la investigaci\u00f3n. Las acusaciones incluyen violaci\u00f3n, abuso sexual e inducci\u00f3n al aborto, presentadas por varias mujeres. La abogada Paula Vial, con una destacada trayectoria en la defensa de casos complejos, se une al equipo legal de Reinao con el objetivo de proporcionar una defensa robusta y bien fundamentada.<\/p>\n\n\n\n<p class=\"wp-block-paragraph\"><strong>Reacciones del Abogado Querellante<\/strong><\/p>\n\n\n\n<p class=\"wp-block-paragraph\">El abogado querellante, Jos\u00e9 Francisco Rodr\u00edguez, ha subrayado que los tribunales han rechazado todos los argumentos en favor de Reinao hasta ahora. Seg\u00fan Rodr\u00edguez, el cambio de defensa no afectar\u00e1 el curso de la investigaci\u00f3n. \u201cEste cambio de defensa es una t\u00e1ctica dilatoria que no cambiar\u00e1 los hechos ni las pruebas presentadas\u201d, afirm\u00f3 Rodr\u00edguez.<\/p>\n\n\n\n<p class=\"wp-block-paragraph\"><strong>Extensi\u00f3n de la Investigaci\u00f3n<\/strong><\/p>\n\n\n\n<p class=\"wp-block-paragraph\">La investigaci\u00f3n, que est\u00e1 a punto de cumplir un a\u00f1o, ha sido extendida por 60 d\u00edas m\u00e1s. Esto permitir\u00e1 que el Ministerio P\u00fablico complete las pesquisas necesarias antes de llevar el caso a juicio oral el pr\u00f3ximo a\u00f1o. Durante este tiempo, se espera que se recopilen m\u00e1s testimonios y pruebas que fortalezcan la acusaci\u00f3n contra Reinao.<\/p>\n\n\n\n<p class=\"wp-block-paragraph\"><strong>Contexto del Caso<\/strong><\/p>\n\n\n\n<p class=\"wp-block-paragraph\">Juan Carlos Reinao ha sido acusado de m\u00faltiples delitos sexuales, incluyendo violaci\u00f3n, abuso sexual e inducci\u00f3n al aborto. Las denuncias provienen de varias mujeres que aseguran haber sido v\u00edctimas de estos delitos mientras Reinao ocupaba su cargo como alcalde. La gravedad de las acusaciones y la notoriedad del caso han generado un gran inter\u00e9s medi\u00e1tico y social.<\/p>\n","protected":false},"excerpt":{"rendered":"<p>Juan Carlos Reinao Cambia de Defensa en Caso de Delitos Sexuales El exalcalde de Renaico, Juan Carlos Reinao,<\/p>\n","protected":false},"author":5,"featured_media":2558,"comment_status":"open","ping_status":"open","sticky":false,"template":"","format":"standard","meta":{"_crdt_document":"","_uag_custom_page_level_css":"","_sitemap_exclude":false,"_sitemap_priority":"","_sitemap_frequency":"","_joinchat":[],"footnotes":""},"categories":[14],"tags":[],"class_list":["post-2557","post","type-post","status-publish","format-standard","has-post-thumbnail","hentry","category-nacional"],"featured_image_urls":{"full":["https:\/\/www.koncevisiontv.cl\/web\/wp-content\/uploads\/2024\/10\/REINAO.jpg",710,399,false],"thumbnail":["https:\/\/www.koncevisiontv.cl\/web\/wp-content\/uploads\/2024\/10\/REINAO-150x150.jpg",150,150,true],"medium":["https:\/\/www.koncevisiontv.cl\/web\/wp-content\/uploads\/2024\/10\/REINAO-300x169.jpg",300,169,true],"medium_large":["https:\/\/www.koncevisiontv.cl\/web\/wp-content\/uploads\/2024\/10\/REINAO.jpg",640,360,false],"large":["https:\/\/www.koncevisiontv.cl\/web\/wp-content\/uploads\/2024\/10\/REINAO.jpg",640,360,false],"1536x1536":["https:\/\/www.koncevisiontv.cl\/web\/wp-content\/uploads\/2024\/10\/REINAO.jpg",710,399,false],"2048x2048":["https:\/\/www.koncevisiontv.cl\/web\/wp-content\/uploads\/2024\/10\/REINAO.jpg",710,399,false],"darknews-featured":["https:\/\/www.koncevisiontv.cl\/web\/wp-content\/uploads\/2024\/10\/REINAO.jpg",710,399,false],"darknews-large":["https:\/\/www.koncevisiontv.cl\/web\/wp-content\/uploads\/2024\/10\/REINAO.jpg",710,399,false],"darknews-medium":["https:\/\/www.koncevisiontv.cl\/web\/wp-content\/uploads\/2024\/10\/REINAO-590x399.jpg",590,399,true]},"author_info":{"info":["Web-Master"]},"category_info":"<a href=\"https:\/\/www.koncevisiontv.cl\/web\/category\/nacional\/\" rel=\"category tag\">Nacional<\/a>","tag_info":"Nacional","comment_count":"0","uagb_featured_image_src":{"full":["https:\/\/www.koncevisiontv.cl\/web\/wp-content\/uploads\/2024\/10\/REINAO.jpg",710,399,false],"thumbnail":["https:\/\/www.koncevisiontv.cl\/web\/wp-content\/uploads\/2024\/10\/REINAO-150x150.jpg",150,150,true],"medium":["https:\/\/www.koncevisiontv.cl\/web\/wp-content\/uploads\/2024\/10\/REINAO-300x169.jpg",300,169,true],"medium_large":["https:\/\/www.koncevisiontv.cl\/web\/wp-content\/uploads\/2024\/10\/REINAO.jpg",640,360,false],"large":["https:\/\/www.koncevisiontv.cl\/web\/wp-content\/uploads\/2024\/10\/REINAO.jpg",640,360,false],"1536x1536":["https:\/\/www.koncevisiontv.cl\/web\/wp-content\/uploads\/2024\/10\/REINAO.jpg",710,399,false],"2048x2048":["https:\/\/www.koncevisiontv.cl\/web\/wp-content\/uploads\/2024\/10\/REINAO.jpg",710,399,false],"darknews-featured":["https:\/\/www.koncevisiontv.cl\/web\/wp-content\/uploads\/2024\/10\/REINAO.jpg",710,399,false],"darknews-large":["https:\/\/www.koncevisiontv.cl\/web\/wp-content\/uploads\/2024\/10\/REINAO.jpg",710,399,false],"darknews-medium":["https:\/\/www.koncevisiontv.cl\/web\/wp-content\/uploads\/2024\/10\/REINAO-590x399.jpg",590,399,true]},"uagb_author_info":{"display_name":"Web-Master","author_link":"https:\/\/www.koncevisiontv.cl\/web\/author\/koncevision\/"},"uagb_comment_info":0,"uagb_excerpt":"Juan Carlos Reinao Cambia de Defensa en Caso de Delitos Sexuales El exalcalde de Renaico, Juan Carlos Reinao,","_links":{"self":[{"href":"https:\/\/www.koncevisiontv.cl\/web\/wp-json\/wp\/v2\/posts\/2557","targetHints":{"allow":["GET"]}}],"collection":[{"href":"https:\/\/www.koncevisiontv.cl\/web\/wp-json\/wp\/v2\/posts"}],"about":[{"href":"https:\/\/www.koncevisiontv.cl\/web\/wp-json\/wp\/v2\/types\/post"}],"author":[{"embeddable":true,"href":"https:\/\/www.koncevisiontv.cl\/web\/wp-json\/wp\/v2\/users\/5"}],"replies":[{"embeddable":true,"href":"https:\/\/www.koncevisiontv.cl\/web\/wp-json\/wp\/v2\/comments?post=2557"}],"version-history":[{"count":4,"href":"https:\/\/www.koncevisiontv.cl\/web\/wp-json\/wp\/v2\/posts\/2557\/revisions"}],"predecessor-version":[{"id":2562,"href":"https:\/\/www.koncevisiontv.cl\/web\/wp-json\/wp\/v2\/posts\/2557\/revisions\/2562"}],"wp:featuredmedia":[{"embeddable":true,"href":"https:\/\/www.koncevisiontv.cl\/web\/wp-json\/wp\/v2\/media\/2558"}],"wp:attachment":[{"href":"https:\/\/www.koncevisiontv.cl\/web\/wp-json\/wp\/v2\/media?parent=2557"}],"wp:term":[{"taxonomy":"category","embeddable":true,"href":"https:\/\/www.koncevisiontv.cl\/web\/wp-json\/wp\/v2\/categories?post=2557"},{"taxonomy":"post_tag","embeddable":true,"href":"https:\/\/www.koncevisiontv.cl\/web\/wp-json\/wp\/v2\/tags?post=2557"}],"curies":[{"name":"wp","href":"https:\/\/api.w.org\/{rel}","templated":true}]}}