{"id":2568,"date":"2024-10-07T16:46:18","date_gmt":"2024-10-07T19:46:18","guid":{"rendered":"https:\/\/www.koncevisiontv.cl\/web\/?p=2568"},"modified":"2024-10-07T16:46:19","modified_gmt":"2024-10-07T19:46:19","slug":"suprema-rechaza-recurso-de-raul-escobar-poblete-y-confirma-condena-de-18-anos-por-homicidio-de-jaime-guzman","status":"publish","type":"post","link":"https:\/\/www.koncevisiontv.cl\/web\/suprema-rechaza-recurso-de-raul-escobar-poblete-y-confirma-condena-de-18-anos-por-homicidio-de-jaime-guzman\/","title":{"rendered":"Suprema rechaza recurso de Ra\u00fal Escobar Poblete y confirma condena de 18 a\u00f1os por homicidio de Jaime Guzm\u00e1n"},"content":{"rendered":"\n<div class=\"wp-block-uagb-image uagb-block-5da1a7bf wp-block-uagb-image--layout-default wp-block-uagb-image--effect-static wp-block-uagb-image--align-none\"><figure class=\"wp-block-uagb-image__figure\"><img decoding=\"async\" srcset=\"https:\/\/www.koncevisiontv.cl\/web\/wp-content\/uploads\/2024\/10\/COMANDANTEEMILIO.jpg ,https:\/\/www.koncevisiontv.cl\/web\/wp-content\/uploads\/2024\/10\/COMANDANTEEMILIO.jpg 780w, https:\/\/www.koncevisiontv.cl\/web\/wp-content\/uploads\/2024\/10\/COMANDANTEEMILIO.jpg 360w\" sizes=\"auto, (max-width: 480px) 150px\" src=\"https:\/\/www.koncevisiontv.cl\/web\/wp-content\/uploads\/2024\/10\/COMANDANTEEMILIO.jpg\" alt=\"\" class=\"uag-image-2569\" width=\"900\" height=\"600\" title=\"COMANDANTEEMILIO\" loading=\"lazy\" role=\"img\"><figcaption class=\"uagb-image-caption\">Archivo Radio Duna<\/figcaption><\/figure><\/div>\n\n\n\n<p class=\"wp-block-paragraph\"><\/p>\n\n\n\n<p class=\"wp-block-paragraph\">La <strong>Corte Suprema<\/strong> rechaz\u00f3 el recurso de queja interpuesto por la defensa de <strong>Ra\u00fal Escobar Poblete<\/strong>, alias \u201cComandante Emilio\u201d, confirmando su condena a <strong>18 a\u00f1os de presidio<\/strong> por su rol en el asesinato del senador <strong>Jaime Guzm\u00e1n<\/strong>, ocurrido en 1991. Escobar Poblete, exmiembro del Frente Patri\u00f3tico Manuel Rodr\u00edguez (<strong>FPMR<\/strong>), fue extraditado desde M\u00e9xico en 2021 para enfrentar la justicia en Chile, luego de ser capturado en ese pa\u00eds por su participaci\u00f3n en secuestros.<\/p>\n\n\n\n<p class=\"wp-block-paragraph\">El tribunal ratific\u00f3 la sentencia impuesta por su participaci\u00f3n en uno de los cr\u00edmenes m\u00e1s emblem\u00e1ticos de la transici\u00f3n democr\u00e1tica en Chile. Guzm\u00e1n, senador y fundador de la <strong>Uni\u00f3n Dem\u00f3crata Independiente (UDI)<\/strong>, fue asesinado a las afueras de la Universidad Cat\u00f3lica, donde era profesor. Este crimen fue reivindicado por el FPMR como un acto de protesta contra su papel en la dictadura de Pinochet.<\/p>\n\n\n\n<h3 class=\"wp-block-heading\"><strong>El fallo y la relevancia hist\u00f3rica del caso<\/strong><\/h3>\n\n\n\n<p class=\"wp-block-paragraph\">El fallo confirma la responsabilidad de Escobar Poblete como el autor material del homicidio. En 1991, junto a otros miembros del FPMR, emboscaron el veh\u00edculo de Guzm\u00e1n y lo asesinaron. Desde entonces, el caso ha sido un hito en la justicia chilena, pues simboliza el enfrentamiento pol\u00edtico que marc\u00f3 el fin de la dictadura y la transici\u00f3n hacia la democracia.<\/p>\n\n\n\n<p class=\"wp-block-paragraph\">Tras su captura en M\u00e9xico en 2017, donde estaba involucrado en secuestros y otros delitos, Chile solicit\u00f3 su extradici\u00f3n para que enfrentara el juicio por el asesinato de Guzm\u00e1n. En 2021, la extradici\u00f3n se concret\u00f3, y el juicio culmin\u00f3 con la condena a 18 a\u00f1os de presidio mayor. El reciente fallo de la Suprema reafirma el castigo, tras descartar las peticiones de la defensa que intentaban reducir o revertir la pena.<\/p>\n\n\n\n<h3 class=\"wp-block-heading\"><strong>Impacto pol\u00edtico y judicial<\/strong><\/h3>\n\n\n\n<p class=\"wp-block-paragraph\">La confirmaci\u00f3n de esta sentencia es vista como un cierre a uno de los episodios m\u00e1s violentos de la historia reciente de Chile. Para muchos, se trata de un acto de justicia largamente esperado, mientras que para otros, revive los conflictos y divisiones pol\u00edticas de ese entonces.<\/p>\n\n\n\n<p class=\"wp-block-paragraph\">La UDI y varios sectores de la derecha han expresado su satisfacci\u00f3n con la resoluci\u00f3n, subrayando la importancia de hacer justicia en casos que afectaron gravemente la estabilidad del pa\u00eds durante su transici\u00f3n democr\u00e1tica. Por otro lado, algunos sectores de la izquierda han mantenido silencio, pero el caso sigue siendo un punto de discusi\u00f3n sobre los l\u00edmites de la lucha pol\u00edtica durante y despu\u00e9s de la dictadura.<\/p>\n","protected":false},"excerpt":{"rendered":"<p>La Corte Suprema rechaz\u00f3 el recurso de queja interpuesto por la defensa de Ra\u00fal Escobar Poblete, alias \u201cComandante<\/p>\n","protected":false},"author":5,"featured_media":2569,"comment_status":"open","ping_status":"open","sticky":false,"template":"","format":"standard","meta":{"_crdt_document":"","_uag_custom_page_level_css":"","_sitemap_exclude":false,"_sitemap_priority":"","_sitemap_frequency":"","_joinchat":[],"footnotes":""},"categories":[14],"tags":[],"class_list":["post-2568","post","type-post","status-publish","format-standard","has-post-thumbnail","hentry","category-nacional"],"featured_image_urls":{"full":["https:\/\/www.koncevisiontv.cl\/web\/wp-content\/uploads\/2024\/10\/COMANDANTEEMILIO.jpg",900,600,false],"thumbnail":["https:\/\/www.koncevisiontv.cl\/web\/wp-content\/uploads\/2024\/10\/COMANDANTEEMILIO-150x150.jpg",150,150,true],"medium":["https:\/\/www.koncevisiontv.cl\/web\/wp-content\/uploads\/2024\/10\/COMANDANTEEMILIO-300x200.jpg",300,200,true],"medium_large":["https:\/\/www.koncevisiontv.cl\/web\/wp-content\/uploads\/2024\/10\/COMANDANTEEMILIO-768x512.jpg",640,427,true],"large":["https:\/\/www.koncevisiontv.cl\/web\/wp-content\/uploads\/2024\/10\/COMANDANTEEMILIO.jpg",640,427,false],"1536x1536":["https:\/\/www.koncevisiontv.cl\/web\/wp-content\/uploads\/2024\/10\/COMANDANTEEMILIO.jpg",900,600,false],"2048x2048":["https:\/\/www.koncevisiontv.cl\/web\/wp-content\/uploads\/2024\/10\/COMANDANTEEMILIO.jpg",900,600,false],"darknews-featured":["https:\/\/www.koncevisiontv.cl\/web\/wp-content\/uploads\/2024\/10\/COMANDANTEEMILIO.jpg",900,600,false],"darknews-large":["https:\/\/www.koncevisiontv.cl\/web\/wp-content\/uploads\/2024\/10\/COMANDANTEEMILIO-825x575.jpg",825,575,true],"darknews-medium":["https:\/\/www.koncevisiontv.cl\/web\/wp-content\/uploads\/2024\/10\/COMANDANTEEMILIO-590x410.jpg",590,410,true]},"author_info":{"info":["Web-Master"]},"category_info":"<a href=\"https:\/\/www.koncevisiontv.cl\/web\/category\/nacional\/\" rel=\"category tag\">Nacional<\/a>","tag_info":"Nacional","comment_count":"0","uagb_featured_image_src":{"full":["https:\/\/www.koncevisiontv.cl\/web\/wp-content\/uploads\/2024\/10\/COMANDANTEEMILIO.jpg",900,600,false],"thumbnail":["https:\/\/www.koncevisiontv.cl\/web\/wp-content\/uploads\/2024\/10\/COMANDANTEEMILIO-150x150.jpg",150,150,true],"medium":["https:\/\/www.koncevisiontv.cl\/web\/wp-content\/uploads\/2024\/10\/COMANDANTEEMILIO-300x200.jpg",300,200,true],"medium_large":["https:\/\/www.koncevisiontv.cl\/web\/wp-content\/uploads\/2024\/10\/COMANDANTEEMILIO-768x512.jpg",640,427,true],"large":["https:\/\/www.koncevisiontv.cl\/web\/wp-content\/uploads\/2024\/10\/COMANDANTEEMILIO.jpg",640,427,false],"1536x1536":["https:\/\/www.koncevisiontv.cl\/web\/wp-content\/uploads\/2024\/10\/COMANDANTEEMILIO.jpg",900,600,false],"2048x2048":["https:\/\/www.koncevisiontv.cl\/web\/wp-content\/uploads\/2024\/10\/COMANDANTEEMILIO.jpg",900,600,false],"darknews-featured":["https:\/\/www.koncevisiontv.cl\/web\/wp-content\/uploads\/2024\/10\/COMANDANTEEMILIO.jpg",900,600,false],"darknews-large":["https:\/\/www.koncevisiontv.cl\/web\/wp-content\/uploads\/2024\/10\/COMANDANTEEMILIO-825x575.jpg",825,575,true],"darknews-medium":["https:\/\/www.koncevisiontv.cl\/web\/wp-content\/uploads\/2024\/10\/COMANDANTEEMILIO-590x410.jpg",590,410,true]},"uagb_author_info":{"display_name":"Web-Master","author_link":"https:\/\/www.koncevisiontv.cl\/web\/author\/koncevision\/"},"uagb_comment_info":0,"uagb_excerpt":"La Corte Suprema rechaz\u00f3 el recurso de queja interpuesto por la defensa de Ra\u00fal Escobar Poblete, alias \u201cComandante","_links":{"self":[{"href":"https:\/\/www.koncevisiontv.cl\/web\/wp-json\/wp\/v2\/posts\/2568","targetHints":{"allow":["GET"]}}],"collection":[{"href":"https:\/\/www.koncevisiontv.cl\/web\/wp-json\/wp\/v2\/posts"}],"about":[{"href":"https:\/\/www.koncevisiontv.cl\/web\/wp-json\/wp\/v2\/types\/post"}],"author":[{"embeddable":true,"href":"https:\/\/www.koncevisiontv.cl\/web\/wp-json\/wp\/v2\/users\/5"}],"replies":[{"embeddable":true,"href":"https:\/\/www.koncevisiontv.cl\/web\/wp-json\/wp\/v2\/comments?post=2568"}],"version-history":[{"count":1,"href":"https:\/\/www.koncevisiontv.cl\/web\/wp-json\/wp\/v2\/posts\/2568\/revisions"}],"predecessor-version":[{"id":2570,"href":"https:\/\/www.koncevisiontv.cl\/web\/wp-json\/wp\/v2\/posts\/2568\/revisions\/2570"}],"wp:featuredmedia":[{"embeddable":true,"href":"https:\/\/www.koncevisiontv.cl\/web\/wp-json\/wp\/v2\/media\/2569"}],"wp:attachment":[{"href":"https:\/\/www.koncevisiontv.cl\/web\/wp-json\/wp\/v2\/media?parent=2568"}],"wp:term":[{"taxonomy":"category","embeddable":true,"href":"https:\/\/www.koncevisiontv.cl\/web\/wp-json\/wp\/v2\/categories?post=2568"},{"taxonomy":"post_tag","embeddable":true,"href":"https:\/\/www.koncevisiontv.cl\/web\/wp-json\/wp\/v2\/tags?post=2568"}],"curies":[{"name":"wp","href":"https:\/\/api.w.org\/{rel}","templated":true}]}}