{"id":2572,"date":"2024-10-07T17:12:32","date_gmt":"2024-10-07T20:12:32","guid":{"rendered":"https:\/\/www.koncevisiontv.cl\/web\/?p=2572"},"modified":"2024-10-07T17:12:33","modified_gmt":"2024-10-07T20:12:33","slug":"camara-de-diputados-aborda-crisis-carcelaria-tras-fuga-de-internos-de-colina-1","status":"publish","type":"post","link":"https:\/\/www.koncevisiontv.cl\/web\/camara-de-diputados-aborda-crisis-carcelaria-tras-fuga-de-internos-de-colina-1\/","title":{"rendered":"C\u00e1mara de Diputados aborda crisis carcelaria tras fuga de internos de Colina 1"},"content":{"rendered":"\n<div class=\"wp-block-uagb-image uagb-block-b6a28799 wp-block-uagb-image--layout-default wp-block-uagb-image--effect-static wp-block-uagb-image--align-none\"><figure class=\"wp-block-uagb-image__figure\"><img decoding=\"async\" srcset=\"https:\/\/www.koncevisiontv.cl\/web\/wp-content\/uploads\/2024\/10\/colina1-1024x684.jpg ,https:\/\/www.koncevisiontv.cl\/web\/wp-content\/uploads\/2024\/10\/colina1-scaled.jpg 780w, https:\/\/www.koncevisiontv.cl\/web\/wp-content\/uploads\/2024\/10\/colina1-scaled.jpg 360w\" sizes=\"auto, (max-width: 480px) 150px\" src=\"https:\/\/www.koncevisiontv.cl\/web\/wp-content\/uploads\/2024\/10\/colina1-1024x684.jpg\" alt=\"\" class=\"uag-image-2573\" width=\"1024\" height=\"684\" title=\"Recinto Colina uno\" loading=\"lazy\" role=\"img\"><figcaption class=\"uagb-image-caption\">Diputadas solicitan sesi\u00f3n especial en la C\u00e1mara para tratar la crisis carcelaria tras la fuga de dos internos de Colina 1. Gendarmer\u00eda investiga las fallas en los protocolos de seguridad.<\/figcaption><\/figure><\/div>\n\n\n\n<p class=\"wp-block-paragraph\"><\/p>\n\n\n\n<p class=\"wp-block-paragraph\">La reciente fuga de dos reos del <strong>Centro Penitenciario Colina 1<\/strong> ha generado una crisis que ahora se discutir\u00e1 en una sesi\u00f3n especial de la <strong>C\u00e1mara de Diputados<\/strong>. Las parlamentarias <strong>Marlene P\u00e9rez<\/strong> y <strong>Mar\u00eda Luisa Cordero<\/strong> solicitaron esta sesi\u00f3n para abordar los problemas de seguridad y la <strong>sobrepoblaci\u00f3n carcelaria<\/strong> que afecta al sistema penitenciario chileno. Los dos internos, considerados peligrosos, lograron escapar vulnerando los controles de seguridad, lo que ha generado cr\u00edticas a la gesti\u00f3n de <strong>Gendarmer\u00eda<\/strong> y sus protocolos. Se espera que la sesi\u00f3n aborde las deficiencias en los sistemas de vigilancia y la falta de personal en los recintos penitenciarios.<\/p>\n\n\n\n<p class=\"wp-block-paragraph\">El incidente ocurrido en <strong>Colina 1<\/strong> pone en relieve un problema que ha estado latente por a\u00f1os: las c\u00e1rceles en Chile est\u00e1n sobrepobladas y los sistemas de control presentan fallas que facilitan hechos como el reciente escape. Las autoridades han implementado planes de emergencia, pero la necesidad de reformas estructurales es urgente.<\/p>\n\n\n\n<h3 class=\"wp-block-heading\"><strong>Debate sobre seguridad y derechos humanos<\/strong><\/h3>\n\n\n\n<p class=\"wp-block-paragraph\">La sesi\u00f3n especial tambi\u00e9n traer\u00e1 a discusi\u00f3n el dif\u00edcil equilibrio entre garantizar la seguridad de la sociedad y respetar los derechos humanos de los reclusos. Parlamentarios de la oposici\u00f3n han cuestionado la capacidad del gobierno para manejar la crisis y exigieron soluciones inmediatas que incluyan mayor financiamiento para Gendarmer\u00eda y mejoras tecnol\u00f3gicas en los sistemas de vigilancia.<\/p>\n\n\n\n<p class=\"wp-block-paragraph\">Por su parte, el oficialismo subraya que se han tomado medidas inmediatas tras la fuga, como el refuerzo del personal de seguridad y la revisi\u00f3n de los protocolos de control, aunque reconocen la necesidad de cambios profundos en el sistema penitenciario.<\/p>\n","protected":false},"excerpt":{"rendered":"<p>La reciente fuga de dos reos del Centro Penitenciario Colina 1 ha generado una crisis que ahora se<\/p>\n","protected":false},"author":5,"featured_media":2573,"comment_status":"open","ping_status":"open","sticky":false,"template":"","format":"standard","meta":{"_crdt_document":"","_uag_custom_page_level_css":"","_sitemap_exclude":false,"_sitemap_priority":"","_sitemap_frequency":"","_joinchat":[],"footnotes":""},"categories":[14],"tags":[],"class_list":["post-2572","post","type-post","status-publish","format-standard","has-post-thumbnail","hentry","category-nacional"],"featured_image_urls":{"full":["https:\/\/www.koncevisiontv.cl\/web\/wp-content\/uploads\/2024\/10\/colina1-scaled.jpg",2560,1709,false],"thumbnail":["https:\/\/www.koncevisiontv.cl\/web\/wp-content\/uploads\/2024\/10\/colina1-150x150.jpg",150,150,true],"medium":["https:\/\/www.koncevisiontv.cl\/web\/wp-content\/uploads\/2024\/10\/colina1-300x200.jpg",300,200,true],"medium_large":["https:\/\/www.koncevisiontv.cl\/web\/wp-content\/uploads\/2024\/10\/colina1-768x513.jpg",640,428,true],"large":["https:\/\/www.koncevisiontv.cl\/web\/wp-content\/uploads\/2024\/10\/colina1-1024x684.jpg",640,428,true],"1536x1536":["https:\/\/www.koncevisiontv.cl\/web\/wp-content\/uploads\/2024\/10\/colina1-1536x1025.jpg",1536,1025,true],"2048x2048":["https:\/\/www.koncevisiontv.cl\/web\/wp-content\/uploads\/2024\/10\/colina1-2048x1367.jpg",2048,1367,true],"darknews-featured":["https:\/\/www.koncevisiontv.cl\/web\/wp-content\/uploads\/2024\/10\/colina1-1024x684.jpg",1024,684,true],"darknews-large":["https:\/\/www.koncevisiontv.cl\/web\/wp-content\/uploads\/2024\/10\/colina1-825x575.jpg",825,575,true],"darknews-medium":["https:\/\/www.koncevisiontv.cl\/web\/wp-content\/uploads\/2024\/10\/colina1-590x410.jpg",590,410,true]},"author_info":{"info":["Web-Master"]},"category_info":"<a href=\"https:\/\/www.koncevisiontv.cl\/web\/category\/nacional\/\" rel=\"category tag\">Nacional<\/a>","tag_info":"Nacional","comment_count":"0","uagb_featured_image_src":{"full":["https:\/\/www.koncevisiontv.cl\/web\/wp-content\/uploads\/2024\/10\/colina1-scaled.jpg",2560,1709,false],"thumbnail":["https:\/\/www.koncevisiontv.cl\/web\/wp-content\/uploads\/2024\/10\/colina1-150x150.jpg",150,150,true],"medium":["https:\/\/www.koncevisiontv.cl\/web\/wp-content\/uploads\/2024\/10\/colina1-300x200.jpg",300,200,true],"medium_large":["https:\/\/www.koncevisiontv.cl\/web\/wp-content\/uploads\/2024\/10\/colina1-768x513.jpg",640,428,true],"large":["https:\/\/www.koncevisiontv.cl\/web\/wp-content\/uploads\/2024\/10\/colina1-1024x684.jpg",640,428,true],"1536x1536":["https:\/\/www.koncevisiontv.cl\/web\/wp-content\/uploads\/2024\/10\/colina1-1536x1025.jpg",1536,1025,true],"2048x2048":["https:\/\/www.koncevisiontv.cl\/web\/wp-content\/uploads\/2024\/10\/colina1-2048x1367.jpg",2048,1367,true],"darknews-featured":["https:\/\/www.koncevisiontv.cl\/web\/wp-content\/uploads\/2024\/10\/colina1-1024x684.jpg",1024,684,true],"darknews-large":["https:\/\/www.koncevisiontv.cl\/web\/wp-content\/uploads\/2024\/10\/colina1-825x575.jpg",825,575,true],"darknews-medium":["https:\/\/www.koncevisiontv.cl\/web\/wp-content\/uploads\/2024\/10\/colina1-590x410.jpg",590,410,true]},"uagb_author_info":{"display_name":"Web-Master","author_link":"https:\/\/www.koncevisiontv.cl\/web\/author\/koncevision\/"},"uagb_comment_info":0,"uagb_excerpt":"La reciente fuga de dos reos del Centro Penitenciario Colina 1 ha generado una crisis que ahora se","_links":{"self":[{"href":"https:\/\/www.koncevisiontv.cl\/web\/wp-json\/wp\/v2\/posts\/2572","targetHints":{"allow":["GET"]}}],"collection":[{"href":"https:\/\/www.koncevisiontv.cl\/web\/wp-json\/wp\/v2\/posts"}],"about":[{"href":"https:\/\/www.koncevisiontv.cl\/web\/wp-json\/wp\/v2\/types\/post"}],"author":[{"embeddable":true,"href":"https:\/\/www.koncevisiontv.cl\/web\/wp-json\/wp\/v2\/users\/5"}],"replies":[{"embeddable":true,"href":"https:\/\/www.koncevisiontv.cl\/web\/wp-json\/wp\/v2\/comments?post=2572"}],"version-history":[{"count":1,"href":"https:\/\/www.koncevisiontv.cl\/web\/wp-json\/wp\/v2\/posts\/2572\/revisions"}],"predecessor-version":[{"id":2574,"href":"https:\/\/www.koncevisiontv.cl\/web\/wp-json\/wp\/v2\/posts\/2572\/revisions\/2574"}],"wp:featuredmedia":[{"embeddable":true,"href":"https:\/\/www.koncevisiontv.cl\/web\/wp-json\/wp\/v2\/media\/2573"}],"wp:attachment":[{"href":"https:\/\/www.koncevisiontv.cl\/web\/wp-json\/wp\/v2\/media?parent=2572"}],"wp:term":[{"taxonomy":"category","embeddable":true,"href":"https:\/\/www.koncevisiontv.cl\/web\/wp-json\/wp\/v2\/categories?post=2572"},{"taxonomy":"post_tag","embeddable":true,"href":"https:\/\/www.koncevisiontv.cl\/web\/wp-json\/wp\/v2\/tags?post=2572"}],"curies":[{"name":"wp","href":"https:\/\/api.w.org\/{rel}","templated":true}]}}