{"id":2581,"date":"2024-10-08T16:09:03","date_gmt":"2024-10-08T19:09:03","guid":{"rendered":"https:\/\/www.koncevisiontv.cl\/web\/?p=2581"},"modified":"2024-10-08T16:09:05","modified_gmt":"2024-10-08T19:09:05","slug":"anuncian-desvios-de-transito-por-obras-de-conexion-del-puente-bicentenario-con-avenida-chacabuco-en-concepcion","status":"publish","type":"post","link":"https:\/\/www.koncevisiontv.cl\/web\/anuncian-desvios-de-transito-por-obras-de-conexion-del-puente-bicentenario-con-avenida-chacabuco-en-concepcion\/","title":{"rendered":"Anuncian desv\u00edos de tr\u00e1nsito por obras de conexi\u00f3n del Puente Bicentenario con Avenida Chacabuco en Concepci\u00f3n"},"content":{"rendered":"\n<div class=\"wp-block-blockspare-blockspare-slider blockspare-368d9f5f-a7a6-4\" blockspare-animation=\"\"><style>.blockspare-368d9f5f-a7a6-4 .blockspare-slider-wrap span:before{color:#000}.blockspare-368d9f5f-a7a6-4 .blockspare-slider-wrap ul li button{color:#000}.blockspare-368d9f5f-a7a6-4 .blockspare-slider-wrap .slick-slider .slick-dots > li button{background-color:#000}.blockspare-368d9f5f-a7a6-4 .blockspare-slider-wrap .blockspare-gallery-figure{border-radius:0px}.blockspare-368d9f5f-a7a6-4 .slick-slider .slick-arrow:after{background-color:#fff}.blockspare-368d9f5f-a7a6-4 .blockspare-slider-wrap{margin-top:30px;margin-right:0px;margin-bottom:30px;margin-left:0px}<\/style><div class=\"blockspare-blocks blockspare-slider-wrap has-gutter-space-1 blockspare-original lpc-navigation-1 blockspare-navigation-small bs-has-equal-height\"><div class=\"blockspare-carousel-items\"><div data-next=\"fas fa-chevron-right\" data-prev=\"fas fa-chevron-left\" data-slick=\"{&quot;autoplay&quot;:true,&quot;slidesToShow&quot;:1,&quot;speed&quot;:&quot;1000&quot;,&quot;arrows&quot;:true,&quot;dots&quot;:false}\"><div><div class=\"blockspare-gallery-figure blockspare-hover-item\"> <img decoding=\"async\" src=\"https:\/\/www.koncevisiontv.cl\/web\/wp-content\/uploads\/2024\/10\/desvios-por-trabajos-puente-bicentenario.jpeg\" alt=\"\" title=\"\"><\/div><\/div><div><div class=\"blockspare-gallery-figure blockspare-hover-item\"> <img decoding=\"async\" src=\"https:\/\/www.koncevisiontv.cl\/web\/wp-content\/uploads\/2024\/10\/desvios-por-trabajos-puente-bicentenario-1.jpeg\" alt=\"\" title=\"\"><\/div><\/div><div><div class=\"blockspare-gallery-figure blockspare-hover-item\"> <img decoding=\"async\" src=\"https:\/\/www.koncevisiontv.cl\/web\/wp-content\/uploads\/2024\/10\/desvios-por-trabajos-puente-bicentenario-2.jpeg\" alt=\"\" title=\"\"><\/div><\/div><div><div class=\"blockspare-gallery-figure blockspare-hover-item\"> <img decoding=\"async\" src=\"https:\/\/www.koncevisiontv.cl\/web\/wp-content\/uploads\/2024\/10\/desvios-por-trabajos-puente-bicentenario-3.jpeg\" alt=\"\" title=\"\"><\/div><\/div><div><div class=\"blockspare-gallery-figure blockspare-hover-item\"> <img decoding=\"async\" src=\"https:\/\/www.koncevisiontv.cl\/web\/wp-content\/uploads\/2024\/10\/desvios-por-trabajos-puente-bicentenario-4.jpeg\" alt=\"\" title=\"\"><\/div><\/div><\/div><\/div><\/div><\/div>\n\n\n\n<p class=\"wp-block-paragraph\">A partir de esta semana, se implementar\u00e1n <strong>desv\u00edos de tr\u00e1nsito<\/strong> en Concepci\u00f3n debido a las obras de conexi\u00f3n del <strong>Puente Bicentenario<\/strong> con la <strong>Avenida Chacabuco<\/strong>. Las intervenciones buscan mejorar la conectividad vial en la ciudad, pero afectar\u00e1n temporalmente el flujo vehicular en sectores claves. La Municipalidad ha instado a los conductores a informarse de las rutas alternativas y a tomar precauciones para evitar congestiones en las horas punta.<\/p>\n\n\n\n<h3 class=\"wp-block-heading\"><strong>Detalles del desv\u00edo y obras<\/strong><\/h3>\n\n\n\n<p class=\"wp-block-paragraph\">Las obras forman parte de un plan para mejorar la conexi\u00f3n entre el Puente Bicentenario y el centro de la ciudad. El proyecto incluye la pavimentaci\u00f3n de nuevas v\u00edas y la instalaci\u00f3n de sem\u00e1foros, lo que obligar\u00e1 a redirigir el tr\u00e1nsito. El municipio ha informado que estas medidas, aunque temporales, son necesarias para mejorar la movilidad urbana a largo plazo. Los desv\u00edos se mantendr\u00e1n hasta que finalicen los trabajos, con una fecha estimada para su conclusi\u00f3n en los pr\u00f3ximos meses.<\/p>\n","protected":false},"excerpt":{"rendered":"<p>A partir de esta semana, se implementar\u00e1n desv\u00edos de tr\u00e1nsito en Concepci\u00f3n debido a las obras de conexi\u00f3n<\/p>\n","protected":false},"author":5,"featured_media":2586,"comment_status":"open","ping_status":"open","sticky":false,"template":"","format":"standard","meta":{"_crdt_document":"","_uag_custom_page_level_css":"","_sitemap_exclude":false,"_sitemap_priority":"","_sitemap_frequency":"","_joinchat":[],"footnotes":""},"categories":[14],"tags":[],"class_list":["post-2581","post","type-post","status-publish","format-standard","has-post-thumbnail","hentry","category-nacional"],"featured_image_urls":{"full":["https:\/\/www.koncevisiontv.cl\/web\/wp-content\/uploads\/2024\/10\/desvios-por-trabajos-puente-bicentenario-4.jpeg",1126,720,false],"thumbnail":["https:\/\/www.koncevisiontv.cl\/web\/wp-content\/uploads\/2024\/10\/desvios-por-trabajos-puente-bicentenario-4-150x150.jpeg",150,150,true],"medium":["https:\/\/www.koncevisiontv.cl\/web\/wp-content\/uploads\/2024\/10\/desvios-por-trabajos-puente-bicentenario-4-300x192.jpeg",300,192,true],"medium_large":["https:\/\/www.koncevisiontv.cl\/web\/wp-content\/uploads\/2024\/10\/desvios-por-trabajos-puente-bicentenario-4-768x491.jpeg",640,409,true],"large":["https:\/\/www.koncevisiontv.cl\/web\/wp-content\/uploads\/2024\/10\/desvios-por-trabajos-puente-bicentenario-4-1024x655.jpeg",640,409,true],"1536x1536":["https:\/\/www.koncevisiontv.cl\/web\/wp-content\/uploads\/2024\/10\/desvios-por-trabajos-puente-bicentenario-4.jpeg",1126,720,false],"2048x2048":["https:\/\/www.koncevisiontv.cl\/web\/wp-content\/uploads\/2024\/10\/desvios-por-trabajos-puente-bicentenario-4.jpeg",1126,720,false],"darknews-featured":["https:\/\/www.koncevisiontv.cl\/web\/wp-content\/uploads\/2024\/10\/desvios-por-trabajos-puente-bicentenario-4-1024x655.jpeg",1024,655,true],"darknews-large":["https:\/\/www.koncevisiontv.cl\/web\/wp-content\/uploads\/2024\/10\/desvios-por-trabajos-puente-bicentenario-4-825x575.jpeg",825,575,true],"darknews-medium":["https:\/\/www.koncevisiontv.cl\/web\/wp-content\/uploads\/2024\/10\/desvios-por-trabajos-puente-bicentenario-4-590x410.jpeg",590,410,true]},"author_info":{"info":["Web-Master"]},"category_info":"<a href=\"https:\/\/www.koncevisiontv.cl\/web\/category\/nacional\/\" rel=\"category tag\">Nacional<\/a>","tag_info":"Nacional","comment_count":"0","uagb_featured_image_src":{"full":["https:\/\/www.koncevisiontv.cl\/web\/wp-content\/uploads\/2024\/10\/desvios-por-trabajos-puente-bicentenario-4.jpeg",1126,720,false],"thumbnail":["https:\/\/www.koncevisiontv.cl\/web\/wp-content\/uploads\/2024\/10\/desvios-por-trabajos-puente-bicentenario-4-150x150.jpeg",150,150,true],"medium":["https:\/\/www.koncevisiontv.cl\/web\/wp-content\/uploads\/2024\/10\/desvios-por-trabajos-puente-bicentenario-4-300x192.jpeg",300,192,true],"medium_large":["https:\/\/www.koncevisiontv.cl\/web\/wp-content\/uploads\/2024\/10\/desvios-por-trabajos-puente-bicentenario-4-768x491.jpeg",640,409,true],"large":["https:\/\/www.koncevisiontv.cl\/web\/wp-content\/uploads\/2024\/10\/desvios-por-trabajos-puente-bicentenario-4-1024x655.jpeg",640,409,true],"1536x1536":["https:\/\/www.koncevisiontv.cl\/web\/wp-content\/uploads\/2024\/10\/desvios-por-trabajos-puente-bicentenario-4.jpeg",1126,720,false],"2048x2048":["https:\/\/www.koncevisiontv.cl\/web\/wp-content\/uploads\/2024\/10\/desvios-por-trabajos-puente-bicentenario-4.jpeg",1126,720,false],"darknews-featured":["https:\/\/www.koncevisiontv.cl\/web\/wp-content\/uploads\/2024\/10\/desvios-por-trabajos-puente-bicentenario-4-1024x655.jpeg",1024,655,true],"darknews-large":["https:\/\/www.koncevisiontv.cl\/web\/wp-content\/uploads\/2024\/10\/desvios-por-trabajos-puente-bicentenario-4-825x575.jpeg",825,575,true],"darknews-medium":["https:\/\/www.koncevisiontv.cl\/web\/wp-content\/uploads\/2024\/10\/desvios-por-trabajos-puente-bicentenario-4-590x410.jpeg",590,410,true]},"uagb_author_info":{"display_name":"Web-Master","author_link":"https:\/\/www.koncevisiontv.cl\/web\/author\/koncevision\/"},"uagb_comment_info":0,"uagb_excerpt":"A partir de esta semana, se implementar\u00e1n desv\u00edos de tr\u00e1nsito en Concepci\u00f3n debido a las obras de conexi\u00f3n","_links":{"self":[{"href":"https:\/\/www.koncevisiontv.cl\/web\/wp-json\/wp\/v2\/posts\/2581","targetHints":{"allow":["GET"]}}],"collection":[{"href":"https:\/\/www.koncevisiontv.cl\/web\/wp-json\/wp\/v2\/posts"}],"about":[{"href":"https:\/\/www.koncevisiontv.cl\/web\/wp-json\/wp\/v2\/types\/post"}],"author":[{"embeddable":true,"href":"https:\/\/www.koncevisiontv.cl\/web\/wp-json\/wp\/v2\/users\/5"}],"replies":[{"embeddable":true,"href":"https:\/\/www.koncevisiontv.cl\/web\/wp-json\/wp\/v2\/comments?post=2581"}],"version-history":[{"count":1,"href":"https:\/\/www.koncevisiontv.cl\/web\/wp-json\/wp\/v2\/posts\/2581\/revisions"}],"predecessor-version":[{"id":2587,"href":"https:\/\/www.koncevisiontv.cl\/web\/wp-json\/wp\/v2\/posts\/2581\/revisions\/2587"}],"wp:featuredmedia":[{"embeddable":true,"href":"https:\/\/www.koncevisiontv.cl\/web\/wp-json\/wp\/v2\/media\/2586"}],"wp:attachment":[{"href":"https:\/\/www.koncevisiontv.cl\/web\/wp-json\/wp\/v2\/media?parent=2581"}],"wp:term":[{"taxonomy":"category","embeddable":true,"href":"https:\/\/www.koncevisiontv.cl\/web\/wp-json\/wp\/v2\/categories?post=2581"},{"taxonomy":"post_tag","embeddable":true,"href":"https:\/\/www.koncevisiontv.cl\/web\/wp-json\/wp\/v2\/tags?post=2581"}],"curies":[{"name":"wp","href":"https:\/\/api.w.org\/{rel}","templated":true}]}}