{"id":2589,"date":"2024-10-08T17:17:21","date_gmt":"2024-10-08T20:17:21","guid":{"rendered":"https:\/\/www.koncevisiontv.cl\/web\/?p=2589"},"modified":"2024-10-08T17:17:23","modified_gmt":"2024-10-08T20:17:23","slug":"andres-chadwick-renuncia-a-la-udi-tras-implicacion-en-el-caso-audios-y-presiones-politicas","status":"publish","type":"post","link":"https:\/\/www.koncevisiontv.cl\/web\/andres-chadwick-renuncia-a-la-udi-tras-implicacion-en-el-caso-audios-y-presiones-politicas\/","title":{"rendered":"Andr\u00e9s Chadwick renuncia a la UDI tras implicaci\u00f3n en el caso audios y presiones pol\u00edticas"},"content":{"rendered":"\n<div class=\"wp-block-uagb-image uagb-block-9bd14b03 wp-block-uagb-image--layout-default wp-block-uagb-image--effect-static wp-block-uagb-image--align-none\"><figure class=\"wp-block-uagb-image__figure\"><img decoding=\"async\" srcset=\"https:\/\/www.koncevisiontv.cl\/web\/wp-content\/uploads\/2024\/09\/4881-chadwick-1024x683.jpg ,https:\/\/www.koncevisiontv.cl\/web\/wp-content\/uploads\/2024\/09\/4881-chadwick.jpg 780w, https:\/\/www.koncevisiontv.cl\/web\/wp-content\/uploads\/2024\/09\/4881-chadwick.jpg 360w\" sizes=\"auto, (max-width: 480px) 150px\" src=\"https:\/\/www.koncevisiontv.cl\/web\/wp-content\/uploads\/2024\/09\/4881-chadwick-1024x683.jpg\" alt=\"Exministros de Pi\u00f1era Revelan Mensaje a Chadwick en el Estallido Social\" class=\"uag-image-2198\" width=\"1024\" height=\"683\" title=\"Exministros de Pi\u00f1era Revelan Mensaje a Chadwick en el Estallido Social\" loading=\"lazy\" role=\"img\"\/><figcaption class=\"uagb-image-caption\">Andr\u00e9s Chadwick renuncia a la UDI tras implicaci\u00f3n en el caso audios y presiones pol\u00edticas<\/figcaption><\/figure><\/div>\n\n\n\n<p class=\"wp-block-paragraph\"><\/p>\n\n\n\n<p class=\"wp-block-paragraph\">El exministro del Interior, <strong>Andr\u00e9s Chadwick<\/strong>, present\u00f3 su <strong>renuncia a la Uni\u00f3n Dem\u00f3crata Independiente (UDI)<\/strong> luego de verse vinculado en el <strong>caso audios<\/strong>, un esc\u00e1ndalo que ha estremecido el panorama pol\u00edtico chileno. En los audios filtrados, se revelan conversaciones que implican tr\u00e1fico de influencias y corrupci\u00f3n, poniendo en tela de juicio la \u00e9tica de varios actores pol\u00edticos, incluidos Chadwick y otros miembros de la UDI.<\/p>\n\n\n\n<h3 class=\"wp-block-heading\"><strong>Contexto del caso audios<\/strong><\/h3>\n\n\n\n<p class=\"wp-block-paragraph\">El caso audios ha causado revuelo debido a las filtraciones que revelan conversaciones privadas entre figuras pol\u00edticas y del mundo jur\u00eddico. Estas grabaciones sugieren manejos irregulares en decisiones legales y administrativas. Chadwick ha sido una de las figuras m\u00e1s cuestionadas, lo que gener\u00f3 un profundo malestar tanto dentro de su partido como en el escenario p\u00fablico. A pesar de defender su inocencia y negar cualquier conducta indebida, Chadwick decidi\u00f3 dimitir de la UDI para evitar seguir da\u00f1ando la imagen del partido.<\/p>\n\n\n\n<h3 class=\"wp-block-heading\"><strong>Impacto y reacciones<\/strong><\/h3>\n\n\n\n<p class=\"wp-block-paragraph\">La renuncia de Chadwick es un golpe significativo para la <strong>UDI<\/strong>, dado su hist\u00f3rico liderazgo dentro del partido y su estrecha relaci\u00f3n con el expresidente <strong>Sebasti\u00e1n Pi\u00f1era<\/strong>. La noticia ha generado reacciones mixtas dentro de la colectividad y en la pol\u00edtica nacional, con algunos interpretando su salida como un intento por minimizar el da\u00f1o al partido, mientras otros lo ven como una se\u00f1al de la gravedad del esc\u00e1ndalo.<\/p>\n\n\n\n<p class=\"wp-block-paragraph\">La investigaci\u00f3n en torno al <strong>caso audios<\/strong> sigue en curso, y se esperan m\u00e1s revelaciones que podr\u00edan involucrar a otras figuras pol\u00edticas.<\/p>\n","protected":false},"excerpt":{"rendered":"<p>El exministro del Interior, Andr\u00e9s Chadwick, present\u00f3 su renuncia a la Uni\u00f3n Dem\u00f3crata Independiente (UDI) luego de verse<\/p>\n","protected":false},"author":5,"featured_media":2198,"comment_status":"open","ping_status":"open","sticky":false,"template":"","format":"standard","meta":{"_crdt_document":"","_uag_custom_page_level_css":"","_sitemap_exclude":false,"_sitemap_priority":"","_sitemap_frequency":"","_joinchat":[],"footnotes":""},"categories":[14],"tags":[],"class_list":["post-2589","post","type-post","status-publish","format-standard","has-post-thumbnail","hentry","category-nacional"],"featured_image_urls":{"full":["https:\/\/www.koncevisiontv.cl\/web\/wp-content\/uploads\/2024\/09\/4881-chadwick.jpg",1280,854,false],"thumbnail":["https:\/\/www.koncevisiontv.cl\/web\/wp-content\/uploads\/2024\/09\/4881-chadwick-150x150.jpg",150,150,true],"medium":["https:\/\/www.koncevisiontv.cl\/web\/wp-content\/uploads\/2024\/09\/4881-chadwick-300x200.jpg",300,200,true],"medium_large":["https:\/\/www.koncevisiontv.cl\/web\/wp-content\/uploads\/2024\/09\/4881-chadwick-768x512.jpg",640,427,true],"large":["https:\/\/www.koncevisiontv.cl\/web\/wp-content\/uploads\/2024\/09\/4881-chadwick-1024x683.jpg",640,427,true],"1536x1536":["https:\/\/www.koncevisiontv.cl\/web\/wp-content\/uploads\/2024\/09\/4881-chadwick.jpg",1280,854,false],"2048x2048":["https:\/\/www.koncevisiontv.cl\/web\/wp-content\/uploads\/2024\/09\/4881-chadwick.jpg",1280,854,false],"darknews-featured":["https:\/\/www.koncevisiontv.cl\/web\/wp-content\/uploads\/2024\/09\/4881-chadwick-1024x683.jpg",1024,683,true],"darknews-large":["https:\/\/www.koncevisiontv.cl\/web\/wp-content\/uploads\/2024\/09\/4881-chadwick-825x575.jpg",825,575,true],"darknews-medium":["https:\/\/www.koncevisiontv.cl\/web\/wp-content\/uploads\/2024\/09\/4881-chadwick-590x410.jpg",590,410,true]},"author_info":{"info":["Web-Master"]},"category_info":"<a href=\"https:\/\/www.koncevisiontv.cl\/web\/category\/nacional\/\" rel=\"category tag\">Nacional<\/a>","tag_info":"Nacional","comment_count":"0","uagb_featured_image_src":{"full":["https:\/\/www.koncevisiontv.cl\/web\/wp-content\/uploads\/2024\/09\/4881-chadwick.jpg",1280,854,false],"thumbnail":["https:\/\/www.koncevisiontv.cl\/web\/wp-content\/uploads\/2024\/09\/4881-chadwick-150x150.jpg",150,150,true],"medium":["https:\/\/www.koncevisiontv.cl\/web\/wp-content\/uploads\/2024\/09\/4881-chadwick-300x200.jpg",300,200,true],"medium_large":["https:\/\/www.koncevisiontv.cl\/web\/wp-content\/uploads\/2024\/09\/4881-chadwick-768x512.jpg",640,427,true],"large":["https:\/\/www.koncevisiontv.cl\/web\/wp-content\/uploads\/2024\/09\/4881-chadwick-1024x683.jpg",640,427,true],"1536x1536":["https:\/\/www.koncevisiontv.cl\/web\/wp-content\/uploads\/2024\/09\/4881-chadwick.jpg",1280,854,false],"2048x2048":["https:\/\/www.koncevisiontv.cl\/web\/wp-content\/uploads\/2024\/09\/4881-chadwick.jpg",1280,854,false],"darknews-featured":["https:\/\/www.koncevisiontv.cl\/web\/wp-content\/uploads\/2024\/09\/4881-chadwick-1024x683.jpg",1024,683,true],"darknews-large":["https:\/\/www.koncevisiontv.cl\/web\/wp-content\/uploads\/2024\/09\/4881-chadwick-825x575.jpg",825,575,true],"darknews-medium":["https:\/\/www.koncevisiontv.cl\/web\/wp-content\/uploads\/2024\/09\/4881-chadwick-590x410.jpg",590,410,true]},"uagb_author_info":{"display_name":"Web-Master","author_link":"https:\/\/www.koncevisiontv.cl\/web\/author\/koncevision\/"},"uagb_comment_info":0,"uagb_excerpt":"El exministro del Interior, Andr\u00e9s Chadwick, present\u00f3 su renuncia a la Uni\u00f3n Dem\u00f3crata Independiente (UDI) luego de verse","_links":{"self":[{"href":"https:\/\/www.koncevisiontv.cl\/web\/wp-json\/wp\/v2\/posts\/2589","targetHints":{"allow":["GET"]}}],"collection":[{"href":"https:\/\/www.koncevisiontv.cl\/web\/wp-json\/wp\/v2\/posts"}],"about":[{"href":"https:\/\/www.koncevisiontv.cl\/web\/wp-json\/wp\/v2\/types\/post"}],"author":[{"embeddable":true,"href":"https:\/\/www.koncevisiontv.cl\/web\/wp-json\/wp\/v2\/users\/5"}],"replies":[{"embeddable":true,"href":"https:\/\/www.koncevisiontv.cl\/web\/wp-json\/wp\/v2\/comments?post=2589"}],"version-history":[{"count":1,"href":"https:\/\/www.koncevisiontv.cl\/web\/wp-json\/wp\/v2\/posts\/2589\/revisions"}],"predecessor-version":[{"id":2590,"href":"https:\/\/www.koncevisiontv.cl\/web\/wp-json\/wp\/v2\/posts\/2589\/revisions\/2590"}],"wp:featuredmedia":[{"embeddable":true,"href":"https:\/\/www.koncevisiontv.cl\/web\/wp-json\/wp\/v2\/media\/2198"}],"wp:attachment":[{"href":"https:\/\/www.koncevisiontv.cl\/web\/wp-json\/wp\/v2\/media?parent=2589"}],"wp:term":[{"taxonomy":"category","embeddable":true,"href":"https:\/\/www.koncevisiontv.cl\/web\/wp-json\/wp\/v2\/categories?post=2589"},{"taxonomy":"post_tag","embeddable":true,"href":"https:\/\/www.koncevisiontv.cl\/web\/wp-json\/wp\/v2\/tags?post=2589"}],"curies":[{"name":"wp","href":"https:\/\/api.w.org\/{rel}","templated":true}]}}